{"id":69091,"date":"2021-08-02T09:15:16","date_gmt":"2021-08-02T12:15:16","guid":{"rendered":"https:\/\/catolicanet.net\/wp-cnet\/?p=69091"},"modified":"2021-08-02T16:17:03","modified_gmt":"2021-08-02T19:17:03","slug":"jmj-2023-foi-nomeado-o-coordenador-do-grupo-de-projeto","status":"publish","type":"post","link":"https:\/\/catolicanet.net\/wp-cnet\/jmj-2023-foi-nomeado-o-coordenador-do-grupo-de-projeto\/","title":{"rendered":"JMJ 2023: foi nomeado o coordenador do Grupo de Projeto"},"content":{"rendered":"<figure class=\"article__image\" style=\"text-align: justify;\"><span class=\"didascalia_img\">Grupo Coordenador do Projeto JMJ Lisboa 2023 \u00a0<\/span><\/figure>\n<div class=\"article__meta audioInside\" data-mediatype=\"\">\n<div class=\"article__subTitle\" style=\"text-align: justify;\">Jos\u00e9 S\u00e1 Fernandes, vereador da C\u00e2mara Municipal de Lisboa vai acompanhar os trabalhos de prepara\u00e7\u00e3o e organiza\u00e7\u00e3o.<\/div>\n<div class=\"title__separator\" style=\"text-align: justify;\"><\/div>\n<div class=\"article__text \">\n<p style=\"text-align: justify;\"><b>Rui Saraiva \u2013 Portugal<\/b><\/p>\n<p style=\"text-align: justify;\">Em Portugal a organiza\u00e7\u00e3o da Jornada Mundial da Juventude (JMJ) Lisboa 2023 continua a dar passos seguros no seu caminho de prepara\u00e7\u00e3o. Ficamos a saber no final deste m\u00eas de julho que o governo portugu\u00eas decidiu nomear Jos\u00e9 S\u00e1 Fernandes como coordenador do Grupo de Projeto que vai \u201cassegurar o acompanhamento, em termos operacionais, dos trabalhos de prepara\u00e7\u00e3o deste evento\u201d \u2013 pode-se ler no site oficial da JMJ 2023.<\/p>\n<div style=\"text-align: justify;\">\n<div class=\"article__embed article__embed--unwrap article__embed--dark\">\n<div class=\"article__innerTitle\">Ou\u00e7a e compartilhe!<\/div>\n<div>\n<!--[if lt IE 9]><script>document.createElement('audio');<\/script><![endif]-->\n<audio class=\"wp-audio-shortcode\" id=\"audio-69091-1\" preload=\"none\" style=\"width: 100%;\" controls=\"controls\"><source type=\"audio\/mpeg\" src=\"https:\/\/media.vaticannews.va\/media\/audio\/s1\/2021\/08\/02\/10\/136136232_F136136232.mp3?_=1\" \/><a href=\"https:\/\/media.vaticannews.va\/media\/audio\/s1\/2021\/08\/02\/10\/136136232_F136136232.mp3\">https:\/\/media.vaticannews.va\/media\/audio\/s1\/2021\/08\/02\/10\/136136232_F136136232.mp3<\/a><\/audio>\n<\/div>\n<\/div>\n<\/div>\n<p style=\"text-align: justify;\">Para D. Am\u00e9rico Aguiar, presidente da Funda\u00e7\u00e3o JMJ Lisboa 2023, o primeiro-ministro de Portugal confirma, atrav\u00e9s desta nomea\u00e7\u00e3o, a necessidade de um crescente \u201ctrabalho em conjunto\u201d, que envolva \u201cantes de tudo os jovens\u201d, a Igreja Cat\u00f3lica e as inst\u00e2ncias governamentais e aut\u00e1rquicas.<\/p>\n<p style=\"text-align: justify;\">\u201cReafirmamos a cada passo que a JMJ Lisboa 2023 \u00e9 de todos e para todos. Estamos certos que tem de ser preparada e organizada por todos, a partir das indica\u00e7\u00f5es que nos s\u00e3o dadas pelo Santo Padre. E temos trabalhado, desde a primeira hora, em estreita liga\u00e7\u00e3o com o Senhor Presidente da Rep\u00fablica, o Governo de Portugal, a C\u00e2mara Municipal de Lisboa e a C\u00e2mara Municipal de Loures, estando certos de que a nomea\u00e7\u00e3o do Dr. Jos\u00e9 S\u00e1 Fernandes para coordenar o Grupo de Projeto \u00e9 um importante passo nesse sentido\u201d \u2013 afirma D. Am\u00e9rico Aguiar.<\/p>\n<p style=\"text-align: justify;\">Jos\u00e9 S\u00e1 Fernandes \u00e9 vereador da C\u00e2mara Municipal de Lisboa com o pelouro do ambiente, clima e energia. No \u00e2mbito do Grupo de Projeto da JMJ ir\u00e1 iniciar as suas fun\u00e7\u00f5es a partir do dia 11 de outubro de 2021.<\/p>\n<p style=\"text-align: justify;\">Recordemos que o Grupo de Projeto para a JMJ Lisboa 2023 foi criado atrav\u00e9s da Resolu\u00e7\u00e3o 45\/2021 do Conselho de Ministros para assegurar o acompanhamento dos trabalhos de prepara\u00e7\u00e3o, em particular, a requalifica\u00e7\u00e3o urban\u00edstica e a valoriza\u00e7\u00e3o ambiental e ecol\u00f3gica.<\/p>\n<p style=\"text-align: justify;\">A JMJ re\u00fane milh\u00f5es de cat\u00f3licos oriundos de todo o mundo e a pr\u00f3xima edi\u00e7\u00e3o internacional vai decorrer em Lisboa no ver\u00e3o de 2023 na zona ribeirinha do Parque Tejo, junto ao espa\u00e7o que acolheu a Expo\u201998.<\/p>\n<\/div>\n<\/div>\n","protected":false},"excerpt":{"rendered":"<p>Grupo Coordenador do Projeto JMJ Lisboa 2023 \u00a0 Jos\u00e9 S\u00e1 Fernandes, vereador da C\u00e2mara Municipal de Lisboa vai acompanhar os trabalhos de prepara\u00e7\u00e3o e organiza\u00e7\u00e3o. Rui Saraiva \u2013 Portugal Em Portugal a organiza\u00e7\u00e3o da Jornada Mundial da Juventude (JMJ) Lisboa 2023 continua a dar passos seguros no seu caminho de prepara\u00e7\u00e3o. Ficamos a saber no [&hellip;]<\/p>\n","protected":false},"author":1,"featured_media":69092,"comment_status":"open","ping_status":"closed","sticky":false,"template":"","format":"standard","meta":{"footnotes":""},"categories":[3],"tags":[],"class_list":["post-69091","post","type-post","status-publish","format-standard","has-post-thumbnail","hentry","category-vaticano"],"_links":{"self":[{"href":"https:\/\/catolicanet.net\/wp-cnet\/wp-json\/wp\/v2\/posts\/69091","targetHints":{"allow":["GET"]}}],"collection":[{"href":"https:\/\/catolicanet.net\/wp-cnet\/wp-json\/wp\/v2\/posts"}],"about":[{"href":"https:\/\/catolicanet.net\/wp-cnet\/wp-json\/wp\/v2\/types\/post"}],"author":[{"embeddable":true,"href":"https:\/\/catolicanet.net\/wp-cnet\/wp-json\/wp\/v2\/users\/1"}],"replies":[{"embeddable":true,"href":"https:\/\/catolicanet.net\/wp-cnet\/wp-json\/wp\/v2\/comments?post=69091"}],"version-history":[{"count":1,"href":"https:\/\/catolicanet.net\/wp-cnet\/wp-json\/wp\/v2\/posts\/69091\/revisions"}],"predecessor-version":[{"id":69093,"href":"https:\/\/catolicanet.net\/wp-cnet\/wp-json\/wp\/v2\/posts\/69091\/revisions\/69093"}],"wp:featuredmedia":[{"embeddable":true,"href":"https:\/\/catolicanet.net\/wp-cnet\/wp-json\/wp\/v2\/media\/69092"}],"wp:attachment":[{"href":"https:\/\/catolicanet.net\/wp-cnet\/wp-json\/wp\/v2\/media?parent=69091"}],"wp:term":[{"taxonomy":"category","embeddable":true,"href":"https:\/\/catolicanet.net\/wp-cnet\/wp-json\/wp\/v2\/categories?post=69091"},{"taxonomy":"post_tag","embeddable":true,"href":"https:\/\/catolicanet.net\/wp-cnet\/wp-json\/wp\/v2\/tags?post=69091"}],"curies":[{"name":"wp","href":"https:\/\/api.w.org\/{rel}","templated":true}]}}