{"id":69086,"date":"2021-08-03T09:56:52","date_gmt":"2021-08-03T12:56:52","guid":{"rendered":"https:\/\/catolicanet.net\/wp-cnet\/?p=69086"},"modified":"2021-08-02T15:58:02","modified_gmt":"2021-08-02T18:58:02","slug":"dia-dos-pais","status":"publish","type":"post","link":"https:\/\/catolicanet.net\/wp-cnet\/dia-dos-pais\/","title":{"rendered":"DIA DOS PAIS"},"content":{"rendered":"<p style=\"text-align: center;\"><em>\u201cComo um pai tem compaix\u00e3o de seus filhos, assim o Senhor tem compaix\u00e3o dos que o temem; pois ele sabe do que somos formados; lembra-se de que somos p\u00f3\u201d (cf. Sl 103,13-14)<\/em><em>\u00a0\u00a0 <\/em><\/p>\n<p style=\"text-align: justify;\"><em>\u00a0\u00a0\u00a0\u00a0\u00a0\u00a0\u00a0\u00a0 <\/em>Hoje, neste Segundo Domingo dedicado ao M\u00eas das Voca\u00e7\u00f5es, celebramos o Dia dos Pais, momento que dedicamos uma das bases familiares, onde a figura paterna \u00e9 essencial para consolida\u00e7\u00e3o da \u00e9tica, moral e amor para com os seus filhos.<\/p>\n<p style=\"text-align: justify;\">\u00a0\u00a0\u00a0\u00a0\u00a0\u00a0\u00a0\u00a0 Ser pai, vai muito al\u00e9m da figura do homem trabalhador, o que traz o sustento da fam\u00edlia junto da m\u00e3e&#8230; Ser pai, \u00e9 vivenciar o amor todos os dias em cada passo que o seu filho possa dar; nas pequenas vit\u00f3rias di\u00e1rias e no incentivo em levantar-se quando ocorre uma frusta\u00e7\u00e3o. Nas palavras do Papa Francisco: <em>\u201c(\u2026) um bom pai sabe esperar e sabe perdoar, do fundo do cora\u00e7\u00e3o. Certo, sabe tamb\u00e9m corrigir com firmeza: n\u00e3o \u00e9 um pai fr\u00e1gil, complacente, sentimental. O pai que sabe corrigir sem degradar \u00e9 o mesmo que sabe proteger sem se economizar\u201d (Pp. Francisco).<\/em><\/p>\n<p style=\"text-align: justify;\">\u00a0\u00a0\u00a0\u00a0\u00a0\u00a0\u00a0\u00a0 Ora, dentro da sociedade polarizada que vivenciamos, o papel do pai passa por um desafio ainda maior, principalmente transmitir aos seus filhos que o di\u00e1logo, a paci\u00eancia, a compreens\u00e3o e o amor s\u00e3o chaves para derrubar os muros do extremismo e preconceito. Afinal, o filho que recebe e viv\u00eancia estas chaves, cumpre em colocar em pr\u00e1tica a heran\u00e7a recebida e testemunhada em seus pais. Afinal, <em>\u201co pai \u2018sabe bem quanto custa transmitir esta heran\u00e7a: quanta proximidade, quanta do\u00e7ura e quanta firmeza\u2019, mas tamb\u00e9m \u2018quanto consolo e recompensa se recebem quando os filhos honram esta heran\u00e7a! \u00c9 uma alegria que redime todo cansa\u00e7o, que supera toda incompreens\u00e3o e cura toda ferida\u2019\u201d (Pp. Francisco).<\/em><\/p>\n<p style=\"text-align: justify;\">\u00a0\u00a0\u00a0\u00a0\u00a0\u00a0\u00a0\u00a0 Assim, celebrar o Dia dos Pais \u00e9 agradecer a Deus pelo dom de tamanha voca\u00e7\u00e3o, daqueles que o Senhor escolheu para transmitir e vivenciar a Sua pr\u00f3pria miseric\u00f3rdia e amor do Pai do C\u00e9u em meio as limita\u00e7\u00f5es. Afinal, ser pai \u00e9 esfor\u00e7ar todos os dias em testemunhar o Amor de Deus todos os dias.<\/p>\n<p style=\"text-align: justify;\">\n<p style=\"text-align: justify;\"><em>Sauda\u00e7\u00f5es em Cristo!<\/em><\/p>\n","protected":false},"excerpt":{"rendered":"<p>\u201cComo um pai tem compaix\u00e3o de seus filhos, assim o Senhor tem compaix\u00e3o dos que o temem; pois ele sabe do que somos formados; lembra-se de que somos p\u00f3\u201d (cf. Sl 103,13-14)\u00a0\u00a0 \u00a0\u00a0\u00a0\u00a0\u00a0\u00a0\u00a0\u00a0 Hoje, neste Segundo Domingo dedicado ao M\u00eas das Voca\u00e7\u00f5es, celebramos o Dia dos Pais, momento que dedicamos uma das bases familiares, onde [&hellip;]<\/p>\n","protected":false},"author":10,"featured_media":55817,"comment_status":"open","ping_status":"closed","sticky":false,"template":"","format":"standard","meta":{"footnotes":""},"categories":[9],"tags":[],"class_list":["post-69086","post","type-post","status-publish","format-standard","has-post-thumbnail","hentry","category-artigos"],"_links":{"self":[{"href":"https:\/\/catolicanet.net\/wp-cnet\/wp-json\/wp\/v2\/posts\/69086","targetHints":{"allow":["GET"]}}],"collection":[{"href":"https:\/\/catolicanet.net\/wp-cnet\/wp-json\/wp\/v2\/posts"}],"about":[{"href":"https:\/\/catolicanet.net\/wp-cnet\/wp-json\/wp\/v2\/types\/post"}],"author":[{"embeddable":true,"href":"https:\/\/catolicanet.net\/wp-cnet\/wp-json\/wp\/v2\/users\/10"}],"replies":[{"embeddable":true,"href":"https:\/\/catolicanet.net\/wp-cnet\/wp-json\/wp\/v2\/comments?post=69086"}],"version-history":[{"count":1,"href":"https:\/\/catolicanet.net\/wp-cnet\/wp-json\/wp\/v2\/posts\/69086\/revisions"}],"predecessor-version":[{"id":69087,"href":"https:\/\/catolicanet.net\/wp-cnet\/wp-json\/wp\/v2\/posts\/69086\/revisions\/69087"}],"wp:featuredmedia":[{"embeddable":true,"href":"https:\/\/catolicanet.net\/wp-cnet\/wp-json\/wp\/v2\/media\/55817"}],"wp:attachment":[{"href":"https:\/\/catolicanet.net\/wp-cnet\/wp-json\/wp\/v2\/media?parent=69086"}],"wp:term":[{"taxonomy":"category","embeddable":true,"href":"https:\/\/catolicanet.net\/wp-cnet\/wp-json\/wp\/v2\/categories?post=69086"},{"taxonomy":"post_tag","embeddable":true,"href":"https:\/\/catolicanet.net\/wp-cnet\/wp-json\/wp\/v2\/tags?post=69086"}],"curies":[{"name":"wp","href":"https:\/\/api.w.org\/{rel}","templated":true}]}}