{"id":68994,"date":"2021-07-26T09:24:20","date_gmt":"2021-07-26T12:24:20","guid":{"rendered":"https:\/\/catolicanet.net\/wp-cnet\/?p=68994"},"modified":"2021-07-26T17:25:46","modified_gmt":"2021-07-26T20:25:46","slug":"sabia-que-santa-monica-tambem-rezava-muito-pelo-neto","status":"publish","type":"post","link":"https:\/\/catolicanet.net\/wp-cnet\/sabia-que-santa-monica-tambem-rezava-muito-pelo-neto\/","title":{"rendered":"Sabia que Santa M\u00f4nica tamb\u00e9m rezava muito pelo neto?"},"content":{"rendered":"<h2 class=\"subtitle\" style=\"text-align: justify;\">Ela n\u00e3o teve um papel importante apenas para a convers\u00e3o do filho, Santo Agostinho, mas tamb\u00e9m foi um exemplo de f\u00e9 para o neto<\/h2>\n<p style=\"text-align: justify;\">Santa M\u00f4nica \u00e9 amplamente conhecida pelas l\u00e1grimas que derramou por seu filho, Agostinho.\u00a0Acredita-se que suas ora\u00e7\u00f5es e exemplo desempenharam um papel vital na convers\u00e3o dele.<\/p>\n<p style=\"text-align: justify;\">Isso a tornou padroeira para as m\u00e3es. Mas n\u00e3o para por a\u00ed<\/p>\n<h3 id=\"h-santa-m-nica-tamb-m-era-uma-av-orante\" style=\"text-align: justify;\"><strong>Santa M\u00f4nica tamb\u00e9m era uma\u00a0av\u00f3\u00a0orante\u00a0<\/strong><\/h3>\n<p style=\"text-align: justify;\">Durante os anos em que Agostinho levava uma vida pag\u00e3, ele teve uma concubina, que deu \u00e0 luz um filho chamado\u00a0<strong>Adeodato<\/strong>.<\/p>\n<p style=\"text-align: justify;\">O menino permaneceu sob a cust\u00f3dia de Agostinho e os dois moravam com M\u00f4nica. Na verdade,\u00a0<strong>ambos foram batizados juntos<\/strong>, como narra Santo Agostinho em \u201cConfiss\u00f5es\u201d:<\/p>\n<blockquote class=\"wp-block-quote\"><p>\u201c<em>Recebemos em nossa companhia o menino <strong>Adeodato<\/strong>, nascido de mim carnalmente, do meu pecado\u2026 Ele mal tinha quinze anos, mas em humor superava muitos homens s\u00e9rios e eruditos. Confesso Tuas d\u00e1divas, \u00f3 Senhor meu Deus, Criador de tudo, e de grande poder para reformar nossas deformidades; pois de mim nada havia naquele menino, a n\u00e3o ser o pecado. Por isso o fomentamos em Tua disciplina, Tu nos inspiraste, nenhum outro \u2013 Teus dons, eu te confesso \u2026 N\u00f3s o levamos conosco em Tua gra\u00e7a, <strong>para ser educado em Tua disciplina; fomos batizados<\/strong> e o interesse sobre nossa vida passada nos deixou.<\/em>\u201c<\/p><\/blockquote>\n<div id=\"aleteia-welcome\"><\/div>\n<p>Embora Adeodato tenha morrido aos 16 anos,\u00a0<strong>ele testemunhou a morte de sua av\u00f3, M\u00f4nica.<\/strong><\/p>\n<blockquote class=\"wp-block-quote\"><p>\u201c<em>Fechei os olhos [de M\u00f4nica] e uma grande tristeza fluiu em meu cora\u00e7\u00e3o, e ele estava se transformando em l\u00e1grimas, quando meus olhos ao mesmo tempo, pelo controle violento de minha mente, sugaram a fonte at\u00e9 secar, e ai de mim em tal luta! Mas, assim que ela deu seu \u00faltimo suspiro, <strong>o garoto Adeodato come\u00e7ou a chorar,<\/strong> mas, sendo afagado por todos n\u00f3s, ficou calmo.<\/em>\u201c<\/p><\/blockquote>\n<div class=\"nativo-inread\"><\/div>\n<p>Santa M\u00f4nica, portanto, provocou um impacto profundo n\u00e3o s\u00f3 na vida do filho, mas tamb\u00e9m no neto. Por isso, \u00e9 tamb\u00e9m um grande exemplo para av\u00f3s.<\/p>\n","protected":false},"excerpt":{"rendered":"<p>Ela n\u00e3o teve um papel importante apenas para a convers\u00e3o do filho, Santo Agostinho, mas tamb\u00e9m foi um exemplo de f\u00e9 para o neto Santa M\u00f4nica \u00e9 amplamente conhecida pelas l\u00e1grimas que derramou por seu filho, Agostinho.\u00a0Acredita-se que suas ora\u00e7\u00f5es e exemplo desempenharam um papel vital na convers\u00e3o dele. Isso a tornou padroeira para as [&hellip;]<\/p>\n","protected":false},"author":1,"featured_media":68995,"comment_status":"open","ping_status":"closed","sticky":false,"template":"","format":"standard","meta":{"footnotes":""},"categories":[4],"tags":[],"class_list":["post-68994","post","type-post","status-publish","format-standard","has-post-thumbnail","hentry","category-cotidiano"],"_links":{"self":[{"href":"https:\/\/catolicanet.net\/wp-cnet\/wp-json\/wp\/v2\/posts\/68994","targetHints":{"allow":["GET"]}}],"collection":[{"href":"https:\/\/catolicanet.net\/wp-cnet\/wp-json\/wp\/v2\/posts"}],"about":[{"href":"https:\/\/catolicanet.net\/wp-cnet\/wp-json\/wp\/v2\/types\/post"}],"author":[{"embeddable":true,"href":"https:\/\/catolicanet.net\/wp-cnet\/wp-json\/wp\/v2\/users\/1"}],"replies":[{"embeddable":true,"href":"https:\/\/catolicanet.net\/wp-cnet\/wp-json\/wp\/v2\/comments?post=68994"}],"version-history":[{"count":1,"href":"https:\/\/catolicanet.net\/wp-cnet\/wp-json\/wp\/v2\/posts\/68994\/revisions"}],"predecessor-version":[{"id":68996,"href":"https:\/\/catolicanet.net\/wp-cnet\/wp-json\/wp\/v2\/posts\/68994\/revisions\/68996"}],"wp:featuredmedia":[{"embeddable":true,"href":"https:\/\/catolicanet.net\/wp-cnet\/wp-json\/wp\/v2\/media\/68995"}],"wp:attachment":[{"href":"https:\/\/catolicanet.net\/wp-cnet\/wp-json\/wp\/v2\/media?parent=68994"}],"wp:term":[{"taxonomy":"category","embeddable":true,"href":"https:\/\/catolicanet.net\/wp-cnet\/wp-json\/wp\/v2\/categories?post=68994"},{"taxonomy":"post_tag","embeddable":true,"href":"https:\/\/catolicanet.net\/wp-cnet\/wp-json\/wp\/v2\/tags?post=68994"}],"curies":[{"name":"wp","href":"https:\/\/api.w.org\/{rel}","templated":true}]}}