{"id":68982,"date":"2021-07-26T09:48:24","date_gmt":"2021-07-26T12:48:24","guid":{"rendered":"https:\/\/catolicanet.net\/wp-cnet\/?p=68982"},"modified":"2021-07-26T16:51:10","modified_gmt":"2021-07-26T19:51:10","slug":"o-papa-os-avos-e-os-idosos-nao-sao-sobras-de-vida-desperdicios-para-jogar-fora","status":"publish","type":"post","link":"https:\/\/catolicanet.net\/wp-cnet\/o-papa-os-avos-e-os-idosos-nao-sao-sobras-de-vida-desperdicios-para-jogar-fora\/","title":{"rendered":"O Papa: os av\u00f3s e os idosos n\u00e3o s\u00e3o sobras de vida, desperd\u00edcios para jogar fora"},"content":{"rendered":"<div class=\"article__subTitle\" style=\"text-align: justify;\">Em sua homilia, Francisco afirma que &#8220;hoje h\u00e1 necessidade duma nova alian\u00e7a entre jovens e idosos, necessidade de partilhar o tesouro comum da vida, sonhar juntos, superar os conflitos entre as gera\u00e7\u00f5es para preparar o futuro de todos.&#8221;<\/div>\n<div class=\"title__separator\" style=\"text-align: justify;\"><\/div>\n<div class=\"article__text \">\n<p style=\"text-align: justify;\"><b>Mariangela Jaguraba &#8211; Vatican News<\/b><\/p>\n<p style=\"text-align: justify;\">O presidente do Pontif\u00edcio Conselho para a Nova Evangeliza\u00e7\u00e3o, dom Rino Fisichella, presidiu a missa do primeiro Dia Mundial dos Av\u00f3s e dos Idosos, neste domingo (25\/07), na Bas\u00edlica de S\u00e3o Pedro.<\/p>\n<div style=\"text-align: justify;\">\n<div class=\"article__embed article__embed--unwrap article__embed--dark\">\n<div class=\"article__innerTitle\">Ou\u00e7a e compartilhe<\/div>\n<div>\n<!--[if lt IE 9]><script>document.createElement('audio');<\/script><![endif]-->\n<audio class=\"wp-audio-shortcode\" id=\"audio-68982-1\" preload=\"none\" style=\"width: 100%;\" controls=\"controls\"><source type=\"audio\/mpeg\" src=\"https:\/\/media.vaticannews.va\/media\/audio\/s1\/2021\/07\/25\/15\/136128784_F136128784.mp3?_=1\" \/><a href=\"https:\/\/media.vaticannews.va\/media\/audio\/s1\/2021\/07\/25\/15\/136128784_F136128784.mp3\">https:\/\/media.vaticannews.va\/media\/audio\/s1\/2021\/07\/25\/15\/136128784_F136128784.mp3<\/a><\/audio>\n<\/div>\n<\/div>\n<\/div>\n<p style=\"text-align: justify;\">Devido \u00e0 recente cirurgia no c\u00f3lon, o Santo Padre n\u00e3o presidiu a celebra\u00e7\u00e3o, mas a sua homilia foi lida por dom Fisichella. O Papa inicia a sua homilia com o seguinte vers\u00edculo do Evangelho deste domingo: \u00abJesus disse a Filipe: \u201cOnde havemos de comprar p\u00e3o para esta gente comer?\u201d\u00bb \u201cJesus n\u00e3o se limita a ensinar, mas deixa-se interpelar tamb\u00e9m pela fome que se faz sentir na vida das pessoas. E assim alimenta a multid\u00e3o, distribuindo os cinco p\u00e3es de cevada e os dois peixes recebidos de um jovem. Ao fim, sobram ainda numerosos peda\u00e7os de p\u00e3o, dizendo aos seus disc\u00edpulos que os recolham, \u00abpara que nada se perca\u00bb.\u201d<\/p>\n<p style=\"text-align: justify;\">Neste Dia Mundial dos Av\u00f3s e dos Idosos, o Papa se deteve nestes tr\u00eas momentos: Jesus v\u00ea a fome da multid\u00e3o; Jesus partilha o p\u00e3o; Jesus recomenda a recolher os peda\u00e7os que sobraram. Tr\u00eas momentos que se resumem em tr\u00eas verbos:\u00a0<i>ver<\/i>,\u00a0<i>partilhar<\/i>\u00a0e\u00a0<i>guardar<\/i>.<\/p>\n<h2 style=\"text-align: justify;\">Ver: Jesus v\u00ea a fome da multid\u00e3o<\/h2>\n<p style=\"text-align: justify;\">Jesus levanta os olhos e v\u00ea a multid\u00e3o faminta depois de tanto ter caminhado para o encontrar. \u201cO milagre come\u00e7a assim, com o olhar de Jesus; um olhar n\u00e3o indiferente nem apressado, mas que sente as agulhadas da fome que atribulam a humanidade cansada. Preocupa-se conosco, cuida de n\u00f3s, quer saciar a nossa fome de vida, amor e felicidade. Jesus tem um olhar contemplativo, isto \u00e9, capaz de parar em frente da vida do outro e ler dentro dela.\u201d<\/p>\n<p style=\"text-align: justify;\"><i>Este \u00e9 tamb\u00e9m o olhar que os av\u00f3s e os idosos tiveram sobre a nossa vida. Foi o modo como cuidaram de n\u00f3s, desde a nossa inf\u00e2ncia. Depois de uma vida feita muitas vezes de sacrif\u00edcios, n\u00e3o se mostraram indiferentes a nosso respeito nem apressados sem nos ligar; mas tiveram olhos atentos, cheios de ternura. No nosso crescimento quando nos sent\u00edamos incompreendidos ou com medo dos desafios da vida, eles deram-se conta de n\u00f3s, do que estava a mudar no nosso cora\u00e7\u00e3o, das nossas l\u00e1grimas escondidas e dos sonhos que traz\u00edamos dentro de n\u00f3s. Todos nos sentamos no colo dos av\u00f3s, que nos pegaram no colo. E foi tamb\u00e9m gra\u00e7as a este amor que nos tornamos adultos.<\/i><\/p>\n<p style=\"text-align: justify;\">A seguir, o Papa fez as seguintes perguntas: &#8220;<b>E n\u00f3s! Que olhar temos para com os av\u00f3s e os idosos? Quando foi a \u00faltima vez que fizemos companhia ou telefonamos a um idoso para o certificar da nossa proximidade e deixar-nos aben\u00e7oar pelas suas palavras?&#8221;<\/b><\/p>\n<div style=\"text-align: justify;\">\n<div class=\"article__embed article__embed--border embed_style\">\n<blockquote><p>\u201cSofro quando vejo uma sociedade que corre, apressada e indiferente, ocupada com tantas coisas e incapaz de parar para dar um olhar, uma sauda\u00e7\u00e3o, uma car\u00edcia. Tenho medo duma sociedade onde todos formamos uma multid\u00e3o an\u00f4nima e j\u00e1 n\u00e3o somos capazes de erguer os olhos e reconhecer-nos. Os av\u00f3s, que alimentaram a nossa vida, hoje t\u00eam fome de n\u00f3s: da nossa aten\u00e7\u00e3o, da nossa ternura; de sentir-nos perto deles. Ergamos o olhar para eles, como Jesus faz conosco.\u201d<\/p><\/blockquote>\n<\/div>\n<\/div>\n<h2 style=\"text-align: justify;\">Partilhar: Jesus partilha o p\u00e3o<\/h2>\n<p style=\"text-align: justify;\">O segundo momento \u00e9 partilhar. Jesus partilha o p\u00e3o. &#8220;Depois de ter visto a fome daquelas pessoas, Jesus quer aliment\u00e1-las. Mas isto acontece gra\u00e7as \u00e0 d\u00e1diva dum jovem, que oferece os seus cinco p\u00e3es e os dois peixes. \u00c9 belo encontrar, no centro deste prod\u00edgio que beneficiou tantos adultos \u2013 cerca de cinco mil pessoas \u2013, um rapaz, um jovem, que partilha o que tem.&#8221;<\/p>\n<p style=\"text-align: justify;\"><i><b>Hoje h\u00e1 necessidade duma nova alian\u00e7a entre jovens e idosos, necessidade de partilhar o tesouro comum da vida, sonhar juntos, superar os conflitos entre as gera\u00e7\u00f5es para preparar o futuro de todos.<\/b>\u00a0Sem esta alian\u00e7a de vida, sonhos e futuro, corremos o risco de morrer de fome, porque aumentam os la\u00e7os desfeitos, as solid\u00f5es, os ego\u00edsmos e as for\u00e7as desagregadoras.\u00a0Frequentemente, na nossa sociedade, deixamos a vida guiar-se por esta ideia: \u00abcada um pensa por si\u00bb. Mas isto mata! O Evangelho nos exorta a partilhar o que somos e temos: s\u00f3 assim poderemos ser saciados<\/i>.<\/p>\n<p style=\"text-align: justify;\">A prop\u00f3sito, o Papa recordou o que diz o profeta Joel: jovens e idosos juntos. &#8220;Os jovens, profetas do futuro que n\u00e3o esquecem a hist\u00f3ria donde prov\u00eam; os idosos, sonhadores sempre incans\u00e1veis que transmitem experi\u00eancia aos jovens, sem lhes bloquear o caminho. Jovens e idosos, o tesouro da tradi\u00e7\u00e3o e o frescor do Esp\u00edrito. Jovens e idosos juntos. Na sociedade e na Igreja: juntos.&#8221;<\/p>\n<h2 style=\"text-align: justify;\">Guardar:\u00a0 Jesus recomenda a recolher os peda\u00e7os que sobraram<\/h2>\n<p style=\"text-align: justify;\">O terceiro momento citado pelo Papa \u00e9 guardar. Jesus recomenda a recolher os peda\u00e7os que sobraram. &#8220;Depois de terem comido, o Evangelho observa que sobraram muitos peda\u00e7os de p\u00e3o. E Jesus recomenda: \u00abRecolhei os peda\u00e7os que sobraram, para que nada se perca\u00bb. Assim \u00e9 o cora\u00e7\u00e3o de Deus: n\u00e3o apenas nos d\u00e1 mais do que precisamos, mas preocupa-se tamb\u00e9m que nada se perca, nem um peda\u00e7o sequer.&#8221;<\/p>\n<p style=\"text-align: justify;\"><i>Um peda\u00e7o de p\u00e3o pode parecer insignificante, mas aos olhos de Deus nada deve ser descartado; e, com mais forte raz\u00e3o, ningu\u00e9m deve ser descartado. \u00c9 um convite prof\u00e9tico que, hoje, somos chamados a fazer ressoar em n\u00f3s e no mundo: recolhei, conservai cuidadosamente, guardai.<\/i><\/p>\n<div style=\"text-align: justify;\">\n<div class=\"article__embed article__embed--border embed_style\">\n<blockquote><p>\u201cOs av\u00f3s e os idosos n\u00e3o s\u00e3o sobras de vida, desperd\u00edcios para jogar fora. Mas s\u00e3o aqueles preciosos peda\u00e7os de p\u00e3o deixados na mesa da nossa vida, que ainda nos podem nutrir com uma fragr\u00e2ncia que perdemos, \u00aba fragr\u00e2ncia da mem\u00f3ria\u00bb.\u201d<\/p><\/blockquote>\n<\/div>\n<\/div>\n<p style=\"text-align: justify;\"><i>N\u00e3o percamos a mem\u00f3ria de que os idosos s\u00e3o portadores, porque somos filhos daquela hist\u00f3ria e, sem ra\u00edzes, murcharemos. Guardaram-nos no caminho do nosso crescimento, agora cabe a n\u00f3s guardar a vida deles, aliviar as suas dificuldades, atender \u00e0s suas necessidades, criar as condi\u00e7\u00f5es que lhes permitam ver facilitadas as suas tarefas di\u00e1rias e n\u00e3o se sintam sozinhos.<\/i><\/p>\n<p style=\"text-align: justify;\">Francisco nos convidou a fazer as seguintes perguntas: \u00abVisitei os av\u00f3s? Os idosos da minha fam\u00edlia ou do meu bairro? Prestei-lhes aten\u00e7\u00e3o? Dediquei-lhes algum tempo?\u00bb Guardemo-los, para que nada se perca: nada da sua vida e dos seus sonhos. Cabe a n\u00f3s, hoje, prevenir o lamento de amanh\u00e3 por n\u00e3o termos dedicado suficiente aten\u00e7\u00e3o a quem nos amou e nos deu a vida.<\/p>\n<p style=\"text-align: justify;\">A homilia do Papa se conclui com as seguintes palavras: &#8220;<b>Os av\u00f3s e os idosos s\u00e3o p\u00e3o que nutre a nossa vida<\/b>.\u00a0<b>Sejamos agradecidos pelos seus olhos atentos, que se aperceberam de n\u00f3s, pelos seus bra\u00e7os que nos deram colo, pelas suas m\u00e3os que nos acompanharam e levantaram, pelos jogos que fizeram conosco e pelas car\u00edcias com que nos consolaram.<\/b>\u00a0Por favor, n\u00e3o nos esque\u00e7amos deles. Aliemo-nos com eles. Aprendamos a parar, a reconhec\u00ea-los, a ouvi-los. Nunca os descartemos. Guardemo-los amorosamente. E aprendamos a partilhar tempo com eles. Sairemos melhores. E juntos, jovens e idosos, nos saciaremos \u00e0 mesa da partilha, aben\u00e7oada por Deus.&#8221;<\/p>\n<\/div>\n","protected":false},"excerpt":{"rendered":"<p>Em sua homilia, Francisco afirma que &#8220;hoje h\u00e1 necessidade duma nova alian\u00e7a entre jovens e idosos, necessidade de partilhar o tesouro comum da vida, sonhar juntos, superar os conflitos entre as gera\u00e7\u00f5es para preparar o futuro de todos.&#8221; Mariangela Jaguraba &#8211; Vatican News O presidente do Pontif\u00edcio Conselho para a Nova Evangeliza\u00e7\u00e3o, dom Rino Fisichella, [&hellip;]<\/p>\n","protected":false},"author":1,"featured_media":68983,"comment_status":"open","ping_status":"closed","sticky":false,"template":"","format":"standard","meta":{"footnotes":""},"categories":[3],"tags":[],"class_list":["post-68982","post","type-post","status-publish","format-standard","has-post-thumbnail","hentry","category-vaticano"],"_links":{"self":[{"href":"https:\/\/catolicanet.net\/wp-cnet\/wp-json\/wp\/v2\/posts\/68982","targetHints":{"allow":["GET"]}}],"collection":[{"href":"https:\/\/catolicanet.net\/wp-cnet\/wp-json\/wp\/v2\/posts"}],"about":[{"href":"https:\/\/catolicanet.net\/wp-cnet\/wp-json\/wp\/v2\/types\/post"}],"author":[{"embeddable":true,"href":"https:\/\/catolicanet.net\/wp-cnet\/wp-json\/wp\/v2\/users\/1"}],"replies":[{"embeddable":true,"href":"https:\/\/catolicanet.net\/wp-cnet\/wp-json\/wp\/v2\/comments?post=68982"}],"version-history":[{"count":1,"href":"https:\/\/catolicanet.net\/wp-cnet\/wp-json\/wp\/v2\/posts\/68982\/revisions"}],"predecessor-version":[{"id":68984,"href":"https:\/\/catolicanet.net\/wp-cnet\/wp-json\/wp\/v2\/posts\/68982\/revisions\/68984"}],"wp:featuredmedia":[{"embeddable":true,"href":"https:\/\/catolicanet.net\/wp-cnet\/wp-json\/wp\/v2\/media\/68983"}],"wp:attachment":[{"href":"https:\/\/catolicanet.net\/wp-cnet\/wp-json\/wp\/v2\/media?parent=68982"}],"wp:term":[{"taxonomy":"category","embeddable":true,"href":"https:\/\/catolicanet.net\/wp-cnet\/wp-json\/wp\/v2\/categories?post=68982"},{"taxonomy":"post_tag","embeddable":true,"href":"https:\/\/catolicanet.net\/wp-cnet\/wp-json\/wp\/v2\/tags?post=68982"}],"curies":[{"name":"wp","href":"https:\/\/api.w.org\/{rel}","templated":true}]}}