{"id":68976,"date":"2021-07-26T09:35:04","date_gmt":"2021-07-26T12:35:04","guid":{"rendered":"https:\/\/catolicanet.net\/wp-cnet\/?p=68976"},"modified":"2021-07-26T16:41:46","modified_gmt":"2021-07-26T19:41:46","slug":"vaticano-promove-encontro-de-preparacao-a-cupula-dos-sistemas-alimentares-da-onu","status":"publish","type":"post","link":"https:\/\/catolicanet.net\/wp-cnet\/vaticano-promove-encontro-de-preparacao-a-cupula-dos-sistemas-alimentares-da-onu\/","title":{"rendered":"Vaticano promove encontro de prepara\u00e7\u00e3o \u00e0 C\u00fapula dos Sistemas Alimentares da ONU"},"content":{"rendered":"<figure class=\"article__image\" style=\"text-align: justify;\"><span class=\"didascalia_img\">As filas de migrantes em busca de comida em Lesbos (2020)\u00a0 (AFP or licensors)<\/span><\/figure>\n<div class=\"article__meta audioInside\" data-mediatype=\"\">\n<div class=\"article__subTitle\" style=\"text-align: justify;\">A Pr\u00e9-C\u00fapula sobre o tema come\u00e7ou nesta segunda-feira (26), em Roma, e o Vaticano vai sediar uma das sess\u00f5es nesta ter\u00e7a-feira (27), em modalidade virtual, a partir das 19h30 no hor\u00e1rio local. Mais de 110 governos debatem a transforma\u00e7\u00e3o dos sistemas alimentares, inclusive com representa\u00e7\u00e3o brasileira, em prepara\u00e7\u00e3o ao maior evento global agendado para setembro, na Assembleia Geral das Na\u00e7\u00f5es Unidas.<\/div>\n<div class=\"title__separator\" style=\"text-align: justify;\"><\/div>\n<div class=\"article__text \">\n<div style=\"text-align: justify;\">\n<div class=\"article__embed article__embed--unwrap article__embed--dark\">\n<div class=\"article__innerTitle\">Ou\u00e7a a reportagem e compartilhe<\/div>\n<div>\n<!--[if lt IE 9]><script>document.createElement('audio');<\/script><![endif]-->\n<audio class=\"wp-audio-shortcode\" id=\"audio-68976-1\" preload=\"none\" style=\"width: 100%;\" controls=\"controls\"><source type=\"audio\/mpeg\" src=\"https:\/\/media.vaticannews.va\/media\/audio\/s1\/2021\/07\/26\/11\/136129252_F136129252.mp3?_=1\" \/><a href=\"https:\/\/media.vaticannews.va\/media\/audio\/s1\/2021\/07\/26\/11\/136129252_F136129252.mp3\">https:\/\/media.vaticannews.va\/media\/audio\/s1\/2021\/07\/26\/11\/136129252_F136129252.mp3<\/a><\/audio>\n<\/div>\n<\/div>\n<\/div>\n<p style=\"text-align: justify;\"><b>Andressa Collet &#8211; Vatican News<\/b><\/p>\n<p style=\"text-align: justify;\">Representantes dos pa\u00edses da Am\u00e9rica do Sul, entre eles o Brasil, j\u00e1 est\u00e3o em Roma para defender a sustentabilidade das produ\u00e7\u00f5es no continente americano. De segunda a quarta-feira, de 26 a 28 de julho, mais de 110 governos debatem a transforma\u00e7\u00e3o dos sistemas alimentares naquela que \u00e9 intitulada a Pr\u00e9-C\u00fapula da ONU, em prepara\u00e7\u00e3o ao maior evento global sobre o tema com l\u00edderes mundiais agendado para setembro, na Assembleia Geral das Na\u00e7\u00f5es Unidas.<\/p>\n<p style=\"text-align: justify;\">O evento em Roma, realizado em formato h\u00edbrido com a reuni\u00e3o de chefes de Estado, ministros e outros representantes dos pa\u00edses, acontece em meio ao registro de aumento da inseguran\u00e7a alimentar e da fome, mesmo antes da pandemia, ao superar 161 milh\u00f5es de novas v\u00edtimas neste ano em compara\u00e7\u00e3o a 2020, e para alcan\u00e7ar o objetivo da Fome Zero at\u00e9 2030. O Vaticano, atrav\u00e9s da Comiss\u00e3o Covid-19 criada pelo Papa Francisco junto ao\u00a0<a href=\"https:\/\/www.humandevelopment.va\/it\/eventi\/2021\/food-for-all-un-evento-al-pre-summit-onu-sui-sistemi-alimentari.html\" target=\"_blank\" rel=\"external noopener\">Dicast\u00e9rio para o Servi\u00e7o de Desenvolvimento Humano Integral<\/a>\u00a0e com a colabora\u00e7\u00e3o do \u201cEconomia de Francisco\u201d, um movimento internacional de jovens economistas inspirado pelo Pont\u00edfice, sedia uma das sess\u00f5es nesta ter\u00e7a-feira (27). Inscreva-se para seguir o evento\u00a0<a href=\"https:\/\/us02web.zoom.us\/webinar\/register\/WN_LtD4X9ZwReCd-9nA2yyIYw\" target=\"_blank\" rel=\"external nofollow noopener\">aqui<\/a>!<\/p>\n<h2 style=\"text-align: justify;\">O Vaticano na luta contra a fome<\/h2>\n<p style=\"text-align: justify;\">&#8220;As pessoas e o planeta: os jovens d\u00e3o sentido e a\u00e7\u00e3o \u00e0 justi\u00e7a alimentar&#8221;, \u00e9 o t\u00edtulo dado aos trabalhos que come\u00e7am \u00e0s 19h30, no hor\u00e1rio local, a partir do Vaticano. A sess\u00e3o, realizada em modalidade virtual, com tradu\u00e7\u00f5es e transmitida ao vivo em idioma original pelo\u00a0<a href=\"https:\/\/www.youtube.com\/c\/VaticanIHD\/videos\" target=\"_blank\" rel=\"external nofollow noopener\">canal do Dicast\u00e9rio no YouTube<\/a>, ainda deve reunir pesquisadores, pequenos agricultores e popula\u00e7\u00f5es ind\u00edgenas, representantes do setor privado, l\u00edderes pol\u00edticos e ministros da agricultura, do meio ambiente, da sa\u00fade e da economia com o intuito de levantar boas pr\u00e1ticas para o setor para iniciar alian\u00e7as e a\u00e7\u00f5es que possam ser compartilhadas.<\/p>\n<p style=\"text-align: justify;\">O encontro do Vaticano vai abrir espa\u00e7o para seis jovens palestrantes divididos em duas sess\u00f5es que ir\u00e3o relatar experi\u00eancias da cadeia de fornecimento de alimentos e formas inovadoras em que est\u00e3o trabalhando para transformar os sistemas alimentares de hoje. Cada um tem um papel a desempenhar na transforma\u00e7\u00e3o dos sistemas alimentares em benef\u00edcio das pessoas e do planeta, e &#8220;todos n\u00f3s podemos cooperar no cuidado da cria\u00e7\u00e3o, cada um de acordo com a pr\u00f3pria cultura, experi\u00eancia, envolvimento e talento&#8221;, antecipava o Papa na enc\u00edclica Laudato si&#8217; (14).<\/p>\n<p style=\"text-align: justify;\">&#8220;Comida para todos&#8221; \u00e9 um dos tr\u00eas objetivos priorit\u00e1rios, juntamente com &#8220;Trabalho para todos&#8221; e &#8220;Sa\u00fade para todos&#8221;, que a Comiss\u00e3o do Vaticano estabeleceu para 2021, enquanto trabalha para &#8220;preparar o futuro&#8221;, como o Papa Francisco repetiu v\u00e1rias vezes e para implementar sistemas que deem prioridade \u00e0s pessoas e ao planeta.<\/p>\n<h2 style=\"text-align: justify;\">O compromisso da Santa S\u00e9<\/h2>\n<p style=\"text-align: justify;\">J\u00e1 em maio deste ano, a Secretaria de Estado da Santa S\u00e9, a Miss\u00e3o Permanente da Santa S\u00e9 junto \u00e0 FAO, IFAD &amp; WFP, o Dicast\u00e9rio para o Servi\u00e7o de Desenvolvimento Humano Integral e a Comiss\u00e3o Covid do Vaticano, organizaram uma s\u00e9rie de webin\u00e1rios registrados como &#8220;di\u00e1logos independentes&#8221; para contribuir com a C\u00fapula das Na\u00e7\u00f5es Unidas de setembro. Al\u00e9m disso, um v\u00eddeo produzido pelo Dicast\u00e9rio e pela Comiss\u00e3o, intitulado\u00a0<a href=\"https:\/\/www.youtube.com\/watch?v=_VR499eTbzI&amp;list=PLnS3YdZwNB2xODnvl9lIEtIXeiaPgpujw&amp;index=14\" target=\"_blank\" rel=\"external nofollow noopener\">&#8220;Comida para todos: um apelo moral&#8221;,<\/a>\u00a0ser\u00e1 apresentado durante a sess\u00e3o desta ter\u00e7a-feira (27) e exibido com legendas em\u00a0<a href=\"https:\/\/www.youtube.com\/watch?v=nnd_w76hpnI&amp;list=PLnS3YdZwNB2xODnvl9lIEtIXeiaPgpujw&amp;index=9&amp;t=71s\" target=\"_blank\" rel=\"external nofollow noopener\">ingl\u00eas<\/a>,\u00a0<a href=\"https:\/\/www.youtube.com\/watch?v=CyaPUoxfNO4&amp;list=PLnS3YdZwNB2xODnvl9lIEtIXeiaPgpujw&amp;index=13\" target=\"_blank\" rel=\"external nofollow noopener\">espanhol<\/a>\u00a0e\u00a0<a href=\"https:\/\/www.youtube.com\/watch?v=_VR499eTbzI&amp;list=PLnS3YdZwNB2xODnvl9lIEtIXeiaPgpujw&amp;index=14\" target=\"_blank\" rel=\"external nofollow noopener\">italiano<\/a>.<\/p>\n<\/div>\n<\/div>\n","protected":false},"excerpt":{"rendered":"<p>As filas de migrantes em busca de comida em Lesbos (2020)\u00a0 (AFP or licensors) A Pr\u00e9-C\u00fapula sobre o tema come\u00e7ou nesta segunda-feira (26), em Roma, e o Vaticano vai sediar uma das sess\u00f5es nesta ter\u00e7a-feira (27), em modalidade virtual, a partir das 19h30 no hor\u00e1rio local. Mais de 110 governos debatem a transforma\u00e7\u00e3o dos sistemas [&hellip;]<\/p>\n","protected":false},"author":1,"featured_media":68977,"comment_status":"open","ping_status":"closed","sticky":false,"template":"","format":"standard","meta":{"footnotes":""},"categories":[3],"tags":[],"class_list":["post-68976","post","type-post","status-publish","format-standard","has-post-thumbnail","hentry","category-vaticano"],"_links":{"self":[{"href":"https:\/\/catolicanet.net\/wp-cnet\/wp-json\/wp\/v2\/posts\/68976","targetHints":{"allow":["GET"]}}],"collection":[{"href":"https:\/\/catolicanet.net\/wp-cnet\/wp-json\/wp\/v2\/posts"}],"about":[{"href":"https:\/\/catolicanet.net\/wp-cnet\/wp-json\/wp\/v2\/types\/post"}],"author":[{"embeddable":true,"href":"https:\/\/catolicanet.net\/wp-cnet\/wp-json\/wp\/v2\/users\/1"}],"replies":[{"embeddable":true,"href":"https:\/\/catolicanet.net\/wp-cnet\/wp-json\/wp\/v2\/comments?post=68976"}],"version-history":[{"count":1,"href":"https:\/\/catolicanet.net\/wp-cnet\/wp-json\/wp\/v2\/posts\/68976\/revisions"}],"predecessor-version":[{"id":68978,"href":"https:\/\/catolicanet.net\/wp-cnet\/wp-json\/wp\/v2\/posts\/68976\/revisions\/68978"}],"wp:featuredmedia":[{"embeddable":true,"href":"https:\/\/catolicanet.net\/wp-cnet\/wp-json\/wp\/v2\/media\/68977"}],"wp:attachment":[{"href":"https:\/\/catolicanet.net\/wp-cnet\/wp-json\/wp\/v2\/media?parent=68976"}],"wp:term":[{"taxonomy":"category","embeddable":true,"href":"https:\/\/catolicanet.net\/wp-cnet\/wp-json\/wp\/v2\/categories?post=68976"},{"taxonomy":"post_tag","embeddable":true,"href":"https:\/\/catolicanet.net\/wp-cnet\/wp-json\/wp\/v2\/tags?post=68976"}],"curies":[{"name":"wp","href":"https:\/\/api.w.org\/{rel}","templated":true}]}}