{"id":68973,"date":"2021-07-26T09:30:42","date_gmt":"2021-07-26T12:30:42","guid":{"rendered":"https:\/\/catolicanet.net\/wp-cnet\/?p=68973"},"modified":"2021-07-26T16:34:17","modified_gmt":"2021-07-26T19:34:17","slug":"papa-a-fome-no-mundo-e-um-escandalo-e-um-crime-contra-os-direitos-humanos","status":"publish","type":"post","link":"https:\/\/catolicanet.net\/wp-cnet\/papa-a-fome-no-mundo-e-um-escandalo-e-um-crime-contra-os-direitos-humanos\/","title":{"rendered":"Papa: a fome no mundo \u00e9 um esc\u00e2ndalo e um crime contra os direitos humanos"},"content":{"rendered":"<figure class=\"article__image\" style=\"text-align: justify;\"><span class=\"didascalia_img\">Papa Francisco \u00e0s Na\u00e7\u00f5es Unidas em imagem de arquivo\u00a0<\/span><\/figure>\n<div class=\"article__meta videoInside\" data-mediatype=\"\">\n<div class=\"article__subTitle\" style=\"text-align: justify;\">\u201cProduzimos comida suficiente para todas as pessoas, mas muitas ficam sem o p\u00e3o de cada dia. Isso \u2018constitui um verdadeiro esc\u00e2ndalo\u2019, um crime que viola direitos humanos b\u00e1sicos\u201d, denuncia o Papa Francisco junto \u00e0 Pr\u00e9-C\u00fapula sobre os sistemas alimentares da ONU na tarde desta segunda-feira (26). O Pont\u00edfice recorda que \u00e9 \u201cdever de todos extirpar esta injusti\u00e7a atrav\u00e9s de a\u00e7\u00f5es concretas e boas pr\u00e1ticas, e atrav\u00e9s de pol\u00edticas locais e internacionais ousadas\u201d.<\/div>\n<div class=\"title__separator\" style=\"text-align: justify;\"><\/div>\n<div class=\"article__text \">\n<div style=\"text-align: justify;\">\n<div class=\"article__embed article__embed--unwrap article__embed--dark\">\n<div class=\"article__innerTitle\">Ou\u00e7a a reportagem com a voz do Papa e compartilhe<\/div>\n<div>\n<!--[if lt IE 9]><script>document.createElement('audio');<\/script><![endif]-->\n<audio class=\"wp-audio-shortcode\" id=\"audio-68973-1\" preload=\"none\" style=\"width: 100%;\" controls=\"controls\"><source type=\"audio\/mpeg\" src=\"https:\/\/media.vaticannews.va\/media\/audio\/s1\/2021\/07\/26\/15\/136129762_F136129762.mp3?_=1\" \/><a href=\"https:\/\/media.vaticannews.va\/media\/audio\/s1\/2021\/07\/26\/15\/136129762_F136129762.mp3\">https:\/\/media.vaticannews.va\/media\/audio\/s1\/2021\/07\/26\/15\/136129762_F136129762.mp3<\/a><\/audio>\n<\/div>\n<\/div>\n<\/div>\n<p style=\"text-align: justify;\"><b>Andressa Collet &#8211; Vatican News<\/b><\/p>\n<p style=\"text-align: justify;\">O Papa Francisco, atrav\u00e9s de uma mensagem, tamb\u00e9m participa da\u00a0<a href=\"https:\/\/www.unfoodsystems.org\/programme.php\" target=\"_blank\" rel=\"external nofollow noopener\">Pr\u00e9-C\u00fapula sobre sistemas alimentares da ONU<\/a>\u00a0que come\u00e7ou nesta segunda-feira (26), em Roma, junto com representantes de mais de 110 governos do mundo, entre eles, o Brasil. At\u00e9 quarta-feira (28),\u00a0<a href=\"https:\/\/www.un.org\/pt\/page\/pre-summit\" target=\"_blank\" rel=\"external nofollow noopener\">as sess\u00f5es<\/a> \u2013 em formato h\u00edbrido, presencial e virtual \u2013 preparam o maior evento global sobre o tema agendado para setembro, na Assembleia Geral das Na\u00e7\u00f5es Unidas.<\/p>\n<div style=\"text-align: justify;\">\n<aside class=\"article__readmore inEvidence\">\n<div class=\"teaser--labelEvidence teaser teaser--type- teaser2x1--inEvidence extL\">\n<article>\n<div class=\"teaser__contentWrapper\">\n<figure class=\"teaser__image\"><picture><img decoding=\"async\" class=\"loaded\" src=\"https:\/\/www.vaticannews.va\/content\/dam\/vaticannews\/agenzie\/images\/ansa\/2021\/04\/08\/01\/1617836933936.jpg\/_jcr_content\/renditions\/cq5dam.thumbnail.cropped.500.281.jpeg\" alt=\"Assista \u00e0 Pr\u00e9-C\u00fapula da ONU ao vivo\" data-original=\"\/content\/dam\/vaticannews\/agenzie\/images\/ansa\/2021\/04\/08\/01\/1617836933936.jpg\/_jcr_content\/renditions\/cq5dam.thumbnail.cropped.500.281.jpeg\" data-was-processed=\"true\" \/><\/picture><\/figure>\n<div class=\"teaser__info\"><\/div>\n<h2 class=\"teaser__title\"><a title=\"Assista \u00e0 Pr\u00e9-C\u00fapula da ONU ao vivo\" href=\"https:\/\/www.unfoodsystems.org\/index.php\" target=\"_blank\" rel=\"noopener\">Assista \u00e0 Pr\u00e9-C\u00fapula da ONU ao vivo<\/a><\/h2>\n<div class=\"teaser__text\">De segunda a quarta-feira, de 26 a 28 de julho, mais de 110 governos debatem a transforma\u00e7\u00e3o dos sistemas alimentares naquela que \u00e9 intitulada a Pr\u00e9-C\u00fapula da ONU, em prepara\u00e7\u00e3o ao maior evento global sobre o tema com &#8230;<\/div>\n<\/div>\n<\/article>\n<\/div>\n<\/aside>\n<\/div>\n<p style=\"text-align: justify;\">O texto em espanhol do Pont\u00edfice foi lido pelo secret\u00e1rio para as Rela\u00e7\u00f5es com os Estados do Vaticano, dom Paul Richard Gallagher, e dirigido ao secret\u00e1rio geral das Na\u00e7\u00f5es Unidas, Ant\u00f3nio Guterres. Na mensagem, Francisco come\u00e7a destacando \u201ccomo um dos nossos maiores desafios hoje \u00e9 vencer a fome, a inseguran\u00e7a alimentar e a desnutri\u00e7\u00e3o na era da Covid-19\u201d, uma pandemia que projetou ainda mais as injusti\u00e7as, \u201cminando a nossa unidade como fam\u00edlia humana\u201d, sobretudo os pobres e a casa comum.<\/p>\n<h2 style=\"text-align: justify;\">O esc\u00e2ndalo das v\u00edtimas da fome<\/h2>\n<p style=\"text-align: justify;\">\u00c9 necess\u00e1ria \u201cuma mudan\u00e7a radical\u201d, alerta o Pont\u00edfice, diante da explora\u00e7\u00e3o da natureza com o uso irrespons\u00e1vel e o abuso dos bens:<\/p>\n<div style=\"text-align: justify;\">\n<div class=\"article__embed article__embed--border embed_style\">\n<blockquote><p>\u201cProduzimos comida suficiente para todas as pessoas, mas muitas ficam sem o p\u00e3o de cada dia. Isso \u2018constitui um verdadeiro esc\u00e2ndalo\u2019, um crime que viola direitos humanos b\u00e1sicos. Portanto, \u00e9 um dever de todos extirpar esta injusti\u00e7a atrav\u00e9s de a\u00e7\u00f5es concretas e boas pr\u00e1ticas, e atrav\u00e9s de pol\u00edticas locais e internacionais ousadas.\u201d<\/p><\/blockquote>\n<\/div>\n<\/div>\n<p style=\"text-align: justify;\">Nessa perspectiva, continua o Papa na mensagem, a \u201ccorreta transforma\u00e7\u00e3o dos sistemas alimentares desempenha um papel importante\u201d para fortalecer economias locais e reduzir o desperd\u00edcio alimentar, por exemplo. Para garantir \u201co direito fundamental a um padr\u00e3o de vida adequado\u201d para alcan\u00e7ar a Fome Zero at\u00e9 2030, \u201cn\u00e3o basta produzir alimentos\u201d, comenta Francisco, mas \u00e9 preciso \u201cuma nova mentalidade e uma nova abordagem integral e projetar sistemas alimentares que protejam a Terra e mantenham a dignidade da pessoa humana no centro; que garantam alimentos suficientes globalmente e promovam o trabalho digno em n\u00edvel local; e que alimentem o mundo de hoje, sem comprometer o futuro\u201d.<\/p>\n<h2 style=\"text-align: justify;\">O setor rural deve ser valorizado<\/h2>\n<p style=\"text-align: justify;\">O Papa, ent\u00e3o, orienta para a recupera\u00e7\u00e3o do setor rural como a\u00e7\u00e3o fundamental na p\u00f3s-pandemia e para corrigir \u201cas ra\u00edzes do nosso sistema alimentar injusto\u201d. O Pont\u00edfice comenta sobre a import\u00e2ncia dos \u201cconhecimentos tradicionais\u201d dos agricultores que n\u00e3o devem ser negligenciados ou ignorados. Um reconhecimento que \u201cdeve ser acompanhado de pol\u00edticas e iniciativas que atendam plenamente \u00e0s necessidades das mulheres rurais, promovam o emprego de jovens e melhorem o trabalho dos agricultores nas \u00e1reas mais pobres e mais remotas\u201d. E o Papa finaliza a mensagem:<\/p>\n<div style=\"text-align: justify;\">\n<div class=\"article__embed article__embed--border embed_style\">\n<blockquote><p>\u201cAo longo deste encontro, temos a responsabilidade de realizar o sonho de um mundo onde o p\u00e3o, a \u00e1gua, os rem\u00e9dios e o trabalho fluam em abund\u00e2ncia e cheguem primeiro aos mais necessitados. A Santa S\u00e9 e a Igreja Cat\u00f3lica estar\u00e3o a servi\u00e7o desse nobre objetivo, oferecendo a sua contribui\u00e7\u00e3o, unindo for\u00e7as e vontades, a\u00e7\u00f5es e s\u00e1bias decis\u00f5es.\u201d<\/p><\/blockquote>\n<\/div>\n<\/div>\n<h2 style=\"text-align: justify;\">A fome de comida e de dignidade<\/h2>\n<p style=\"text-align: justify;\">E um v\u00eddeo especial intitulado \u201cComida para todos: um apelo moral\u201d, com uma pr\u00e9via lan\u00e7ada nesta segunda-feira (26), mas que ser\u00e1 exibido na sess\u00e3o da Pr\u00e9-C\u00fapula que o Vaticano vai sediar nesta ter\u00e7a-feira (27), o Papa Francisco refor\u00e7a a preocupa\u00e7\u00e3o com as v\u00edtimas da fome e da desnutri\u00e7\u00e3o no mundo. O Pont\u00edfice chama a todos, novamente, para \u201cmudar os estilos de vida, o uso dos recursos, os crit\u00e9rios de produ\u00e7\u00e3o at\u00e9 o consumo\u201d para garantir sistemas alimentares sustent\u00e1veis.<\/p>\n<div style=\"text-align: justify;\">\n<div class=\"article__embed article__embed--border embed_style\">\n<blockquote><p>\u201cQuantas m\u00e3es e quantos pais, ainda hoje, v\u00e3o dormir com o tormento de n\u00e3o ter no dia seguinte p\u00e3o suficiente para os pr\u00f3prios filhos!\u201d<\/p><\/blockquote>\n<\/div>\n<\/div>\n<div>\n<div class=\"article__embed article__embed--unwrap article__embed--dark\">\n<div class=\"embed-container\" style=\"text-align: justify;\">\n<p><iframe loading=\"lazy\" title=\"ALIMENTOS PARA TODOS, UN RECLAMO MORAL\" width=\"696\" height=\"392\" src=\"https:\/\/www.youtube.com\/embed\/CyaPUoxfNO4?feature=oembed\" frameborder=\"0\" allow=\"accelerometer; autoplay; clipboard-write; encrypted-media; gyroscope; picture-in-picture\" allowfullscreen><\/iframe><\/p>\n<\/div>\n<div class=\"article__innerTitle\" style=\"text-align: justify;\">O v\u00eddeo &#8220;Comida para todos: um apelo moral&#8221;<\/div>\n<\/div>\n<\/div>\n<\/div>\n<\/div>\n","protected":false},"excerpt":{"rendered":"<p>Papa Francisco \u00e0s Na\u00e7\u00f5es Unidas em imagem de arquivo\u00a0 \u201cProduzimos comida suficiente para todas as pessoas, mas muitas ficam sem o p\u00e3o de cada dia. Isso \u2018constitui um verdadeiro esc\u00e2ndalo\u2019, um crime que viola direitos humanos b\u00e1sicos\u201d, denuncia o Papa Francisco junto \u00e0 Pr\u00e9-C\u00fapula sobre os sistemas alimentares da ONU na tarde desta segunda-feira (26). [&hellip;]<\/p>\n","protected":false},"author":1,"featured_media":68974,"comment_status":"open","ping_status":"closed","sticky":false,"template":"","format":"standard","meta":{"footnotes":""},"categories":[3],"tags":[],"class_list":["post-68973","post","type-post","status-publish","format-standard","has-post-thumbnail","hentry","category-vaticano"],"_links":{"self":[{"href":"https:\/\/catolicanet.net\/wp-cnet\/wp-json\/wp\/v2\/posts\/68973","targetHints":{"allow":["GET"]}}],"collection":[{"href":"https:\/\/catolicanet.net\/wp-cnet\/wp-json\/wp\/v2\/posts"}],"about":[{"href":"https:\/\/catolicanet.net\/wp-cnet\/wp-json\/wp\/v2\/types\/post"}],"author":[{"embeddable":true,"href":"https:\/\/catolicanet.net\/wp-cnet\/wp-json\/wp\/v2\/users\/1"}],"replies":[{"embeddable":true,"href":"https:\/\/catolicanet.net\/wp-cnet\/wp-json\/wp\/v2\/comments?post=68973"}],"version-history":[{"count":1,"href":"https:\/\/catolicanet.net\/wp-cnet\/wp-json\/wp\/v2\/posts\/68973\/revisions"}],"predecessor-version":[{"id":68975,"href":"https:\/\/catolicanet.net\/wp-cnet\/wp-json\/wp\/v2\/posts\/68973\/revisions\/68975"}],"wp:featuredmedia":[{"embeddable":true,"href":"https:\/\/catolicanet.net\/wp-cnet\/wp-json\/wp\/v2\/media\/68974"}],"wp:attachment":[{"href":"https:\/\/catolicanet.net\/wp-cnet\/wp-json\/wp\/v2\/media?parent=68973"}],"wp:term":[{"taxonomy":"category","embeddable":true,"href":"https:\/\/catolicanet.net\/wp-cnet\/wp-json\/wp\/v2\/categories?post=68973"},{"taxonomy":"post_tag","embeddable":true,"href":"https:\/\/catolicanet.net\/wp-cnet\/wp-json\/wp\/v2\/tags?post=68973"}],"curies":[{"name":"wp","href":"https:\/\/api.w.org\/{rel}","templated":true}]}}