{"id":68957,"date":"2021-07-24T09:11:47","date_gmt":"2021-07-24T12:11:47","guid":{"rendered":"https:\/\/catolicanet.net\/wp-cnet\/?p=68957"},"modified":"2021-07-26T16:12:40","modified_gmt":"2021-07-26T19:12:40","slug":"eu-estou-contigo-todos-os-dias-3","status":"publish","type":"post","link":"https:\/\/catolicanet.net\/wp-cnet\/eu-estou-contigo-todos-os-dias-3\/","title":{"rendered":"Eu estou contigo todos os dias"},"content":{"rendered":"<p style=\"text-align: justify;\">No dia 26 de julho era costume celebrarmos o Dia dos Av\u00f3s, dia em que tradicionalmente, a Igreja celebra o dia de Sant\u2019Ana e S\u00e3o Joaquim. A partir deste ano de 2021, o Papa decidiu dar uma propor\u00e7\u00e3o ainda maior a esse Dia dos Av\u00f3s celebrando-o no quarto domingo de julho: assim ser\u00e1 celebrado o primeiro Dia Mundial dos Av\u00f3s e dos Idosos, ou seja, o mundo inteiro celebrar\u00e1 essa data a partir de agora. O tema da mensagem do Papa foi retirado de Mt 28,20 \u2013 \u201cEu estou contigo todos os dias\u201d.<\/p>\n<p style=\"text-align: justify;\">O Dia dos Av\u00f3s, anteriormente, acabava passando despercebido e n\u00e3o recebia a mesma import\u00e2ncia que \u00e9 dada ao Dia dos Pais ou das M\u00e3es. Temos que valorizar e cuidar dos nossos idosos e av\u00f3s, pois eles trazem consigo a sabedoria da vida. Muitos av\u00f3s acabam criando os seus netos, enquanto os filhos trabalham, e muitas crian\u00e7as s\u00e3o criadas por seus av\u00f3s.<\/p>\n<p style=\"text-align: justify;\">Por isso, nesse primeiro Dia Mundial dos Av\u00f3s e Idosos elevemos uma prece especial por todos eles e se voc\u00ea ainda tem seus av\u00f3s vivos, ligue para eles, ou na medida do poss\u00edvel, visite-os. Rezemos de igual modo para que cesse a viol\u00eancia contra os idosos e eles sejam respeitados por todos e que diminua a viol\u00eancia contra os idosos.<\/p>\n<p style=\"text-align: justify;\">A Semana do Idoso, de 19 a 25 de julho, servir\u00e1 para nos conscientizar do respeito que devemos ter por nossos idosos e o cuidado que devemos ter com eles. Esse cuidado deve se dar at\u00e9 o fim da vida, n\u00e3o podemos abandonar nossos idosos em casas de repouso, somente pelo motivo de estarem esquecidos ou dando \u201ctrabalho\u201d. Devemos ser agradecidos aos nossos idosos pelo bem que fizeram por n\u00f3s.<\/p>\n<p style=\"text-align: justify;\">\u00c9 com esse intuito que o Papa Francisco, a partir desse ano, institui o primeiro Dia Mundial dos Av\u00f3s e Idosos, para que voltemos com carinho o nosso olhar aos idosos e, assim como outras datas festivas, seja comemorada com o m\u00e1ximo respeito. E ainda, a celebra\u00e7\u00e3o desse dia seria um sinal de agradecimento a Deus, pois o fato de chegar \u00e0 idade avan\u00e7ada \u00e9 uma d\u00e1diva divina.<\/p>\n<p style=\"text-align: justify;\">Com o intuito de fazer essa semana especial para todos os idosos e uma maneira de recordar a import\u00e2ncia deles em nossas vidas somos chamados a incrementar a pastoral da pessoa idosa e preparar bem esse dia mundial.<\/p>\n<p style=\"text-align: justify;\">Essa programa\u00e7\u00e3o conta com a visita da imagem de Sant\u2019Ana \u00e0s casas de acolhida de idosos, pois muitas vezes os idosos se sentem sozinhos nessas casas de acolhida e essa ser\u00e1 uma maneira de demonstrar que algu\u00e9m se lembra deles. Esse algu\u00e9m \u00e9 a Igreja Cat\u00f3lica, atrav\u00e9s de Jesus Cristo. Sant\u2019Ana \u00e9 a co-padroeira de nossa Arquidiocese do Rio de Janeiro.<\/p>\n<p style=\"text-align: justify;\">Esse gesto simb\u00f3lico \u00e9 de igual modo para recordar de Sant\u2019Ana e S\u00e3o Joaquim, que s\u00e3o os av\u00f3s maternos de Jesus e, consequentemente, pais de Nossa Senhora e ainda s\u00e3o padroeiros dos av\u00f3s. Elevemos uma prece a Sant\u2019Ana e S\u00e3o Joaquim nesse dia por todos os av\u00f3s e por aqueles que j\u00e1 partiram dessa vida, em especial aqueles que morreram por ocasi\u00e3o da Covid-19.<\/p>\n<p style=\"text-align: justify;\">Esse momento especial tamb\u00e9m se d\u00e1 pelo fato de que esses idosos n\u00e3o podem receber a visita de seus familiares devido \u00e0 pandemia da Covid-19. Se trata de uma a\u00e7\u00e3o pastoral diante da pandemia que tem impedido a visita\u00e7\u00e3o dos familiares aos idosos que se encontram nessas institui\u00e7\u00f5es.<\/p>\n<p style=\"text-align: justify;\">\u00c9 uma visita especial, da padroeira dos av\u00f3s a esses idosos, levando sobretudo paz, sa\u00fade, alegria e a ben\u00e7\u00e3o da Igreja. Nesse momento dif\u00edcil que vivemos, precisamos muito do conforto da f\u00e9 e do olhar misericordioso de Jesus. A f\u00e9 em Jesus nos dar\u00e1 coragem de seguirmos adiante e termos a esperan\u00e7a em um futuro melhor. Sobretudo, aos idosos que se encontram nessas casas de repouso, que est\u00e3o ansiosos por verem seus familiares e amigos. Que essa visita da imagem de Sant\u2019Ana seja reconfortadora e lhes d\u00ea a esperan\u00e7a necess\u00e1ria para continuar vivendo.<\/p>\n<p style=\"text-align: justify;\">Que essa data ou essa semana, sirva para al\u00e9m de homenagear os nossos idosos e av\u00f3s, sirva tamb\u00e9m para incentivar a conscientiza\u00e7\u00e3o da sociedade sobre a necessidade das pessoas idosas. Seja necessidade de sa\u00fade, alimenta\u00e7\u00e3o, carinho ou aten\u00e7\u00e3o.<\/p>\n<p style=\"text-align: justify;\">Com a celebra\u00e7\u00e3o dessa semana, ainda queremos conscientizar as pessoas sobre a import\u00e2ncia de se chegar \u00e0 chamada terceira idade e que chegar \u00e9 uma gra\u00e7a de Deus. Oxal\u00e1, todos n\u00f3s possamos chegar \u00e0 terceira idade e na velhice com os cabelos brancos, louvar a Deus e agradec\u00ea-lo pelo dom da vida.<\/p>\n<p style=\"text-align: justify;\">\u00a0Aproveitemos ao m\u00e1ximo a nossa vida e cuidemos dela para que possamos chegar \u00e0 terceira idade e, enquanto n\u00e3o chegamos, cuidemos de nossos idosos com o m\u00e1ximo carinho, pedindo que recaiam sobre eles as mais copiosas ben\u00e7\u00e3os de Deus.<\/p>\n","protected":false},"excerpt":{"rendered":"<p>No dia 26 de julho era costume celebrarmos o Dia dos Av\u00f3s, dia em que tradicionalmente, a Igreja celebra o dia de Sant\u2019Ana e S\u00e3o Joaquim. A partir deste ano de 2021, o Papa decidiu dar uma propor\u00e7\u00e3o ainda maior a esse Dia dos Av\u00f3s celebrando-o no quarto domingo de julho: assim ser\u00e1 celebrado o [&hellip;]<\/p>\n","protected":false},"author":5,"featured_media":55819,"comment_status":"open","ping_status":"closed","sticky":false,"template":"","format":"standard","meta":{"footnotes":""},"categories":[9],"tags":[],"class_list":["post-68957","post","type-post","status-publish","format-standard","has-post-thumbnail","hentry","category-artigos"],"_links":{"self":[{"href":"https:\/\/catolicanet.net\/wp-cnet\/wp-json\/wp\/v2\/posts\/68957","targetHints":{"allow":["GET"]}}],"collection":[{"href":"https:\/\/catolicanet.net\/wp-cnet\/wp-json\/wp\/v2\/posts"}],"about":[{"href":"https:\/\/catolicanet.net\/wp-cnet\/wp-json\/wp\/v2\/types\/post"}],"author":[{"embeddable":true,"href":"https:\/\/catolicanet.net\/wp-cnet\/wp-json\/wp\/v2\/users\/5"}],"replies":[{"embeddable":true,"href":"https:\/\/catolicanet.net\/wp-cnet\/wp-json\/wp\/v2\/comments?post=68957"}],"version-history":[{"count":1,"href":"https:\/\/catolicanet.net\/wp-cnet\/wp-json\/wp\/v2\/posts\/68957\/revisions"}],"predecessor-version":[{"id":68958,"href":"https:\/\/catolicanet.net\/wp-cnet\/wp-json\/wp\/v2\/posts\/68957\/revisions\/68958"}],"wp:featuredmedia":[{"embeddable":true,"href":"https:\/\/catolicanet.net\/wp-cnet\/wp-json\/wp\/v2\/media\/55819"}],"wp:attachment":[{"href":"https:\/\/catolicanet.net\/wp-cnet\/wp-json\/wp\/v2\/media?parent=68957"}],"wp:term":[{"taxonomy":"category","embeddable":true,"href":"https:\/\/catolicanet.net\/wp-cnet\/wp-json\/wp\/v2\/categories?post=68957"},{"taxonomy":"post_tag","embeddable":true,"href":"https:\/\/catolicanet.net\/wp-cnet\/wp-json\/wp\/v2\/tags?post=68957"}],"curies":[{"name":"wp","href":"https:\/\/api.w.org\/{rel}","templated":true}]}}