{"id":68954,"date":"2021-07-24T09:10:43","date_gmt":"2021-07-24T12:10:43","guid":{"rendered":"https:\/\/catolicanet.net\/wp-cnet\/?p=68954"},"modified":"2021-07-26T16:11:32","modified_gmt":"2021-07-26T19:11:32","slug":"onde-vamos-comprar-pao","status":"publish","type":"post","link":"https:\/\/catolicanet.net\/wp-cnet\/onde-vamos-comprar-pao\/","title":{"rendered":"Onde vamos comprar p\u00e3o?"},"content":{"rendered":"<p style=\"text-align: justify;\">Neste domingo celebram os o 17\u00ba desse Tempo Comum, pedindo ao Senhor que nunca falte o p\u00e3o em nossa mesa e, sobretudo, que nunca nos privemos da Eucaristia, que \u00e9 o p\u00e3o da vida que transforma a nossa vida. Que a partir da Eucaristia que comungamos, possamos partilhar com os mais pobres o p\u00e3o material. Comemoramos tamb\u00e9m o dia mundial dos idosos e dos av\u00f3s criado pelo Papa Francisco para o 4\u00ba domingo de julho, o mais pr\u00f3ximo do dia de S\u00e3o Joaquim e Santana. Para os devotos de S\u00e3o Tiago e que fizeram o caminho em Compostela, neste ano jacobeu, esse domingo tamb\u00e9m marca um belo momento da experi\u00eancia de f\u00e9.<\/p>\n<p style=\"text-align: justify;\">No Evangelho deste domingo iniciamos o cap\u00edtulo 6\u00ba de S\u00e3o Jo\u00e3o, inserido neste ano B (S\u00e3o Marcos), para completar os domingos, pois o evangelho deste ano \u00e9 maios curto. Neste in\u00edcio de Jo 6, Jesus faz o primeiro milagre ou sinal diante do povo. Ele se compadece da multid\u00e3o que sentia fome e realiza a multiplica\u00e7\u00e3o dos p\u00e3es. Com esse gesto, Jesus quer nos ensinar que podemos repartir o p\u00e3o com aquele que necessita. Que Deus nos conceda que nunca falte o p\u00e3o de cada dia em nossa mesa e se temos, ajudemos aqueles que n\u00e3o t\u00eam.<\/p>\n<p style=\"text-align: justify;\">O Senhor parte o p\u00e3o da Palavra para n\u00f3s e, da mesma forma, parte a Eucaristia. Para podermos entender o sentido da Eucaristia e o significado que ela traz, primeiramente temos que compreender a Palavra. Neste domingo, como dissemos acima, por um desejo do Papa Francisco, celebramos o \u201cDia Mundial dos Av\u00f3s e dos Idosos\u201d. Rezemos por todos os av\u00f3s e idosos que convivem conosco e cuidemos deles. O trabalho da pastoral da pessoa idosa precisa ser ainda mais incrementado.<\/p>\n<p style=\"text-align: justify;\">Deus cuida de cada um de n\u00f3s e sabe das nossas necessidades e de tudo que precisamos. Hoje, Ele parte o p\u00e3o para n\u00f3s e distribui para aqueles que t\u00eam fome. Sobretudo, Ele distribui o \u201cp\u00e3o\u201d da Palavra para aqueles que est\u00e3o sedentos de Deus. O p\u00e3o da palavra sacia a nossa sede de justi\u00e7a e paz.<\/p>\n<p style=\"text-align: justify;\">A Primeira Leitura <em>(2Rs 4,42-44), <\/em>fala sobre a distribui\u00e7\u00e3o e multiplica\u00e7\u00e3o de p\u00e3es. A passagem b\u00edblica nos relata que veio um homem de Baal-Salisa, trazendo em seu alforge para Eliseu, p\u00e3es do primeiro fruto da terra. Eliseu diz ao servo para que distribu\u00edsse ao povo e o servo questiona Eliseu dizendo que era muito pouco para tantas pessoas. Eliseu insistiu com o servo e disse que distribu\u00edsse os p\u00e3es e ainda sobraria, pois Deus providenciaria que sobrasse. E de fato deu e sobrou, conforme a Palavra do Senhor havia orientado. Assim em nossa vida devemos estar atentos ao que o Senhor nos ensina e distribuir o p\u00e3o da Palavra a quem precisa.<\/p>\n<p style=\"text-align: justify;\">No Salmo Responsorial <em>144(145), <\/em>o salmista pede no refr\u00e3o que o Senhor sacie o seu povo. Mais do que a saciedade de alimento, o que o salmista pede \u00e9 que Deus sacie o povo de justi\u00e7a e de paz.<\/p>\n<p style=\"text-align: justify;\">Na Segunda Leitura <em>(Ef 4,1-6)<\/em> S\u00e3o Paulo exorta \u00e0 comunidade a suportar uns aos outros com paci\u00eancia no amor. H\u00e1 um s\u00f3 Deus e uma s\u00f3 f\u00e9 que sustenta a todos e essa f\u00e9 deve nos unir no amor.<\/p>\n<p style=\"text-align: justify;\">No in\u00edcio do cap\u00edtulo 6\u00ba do Evangelho de Jo\u00e3o <em>(Jo 6,1-15), <\/em>Jesus se encontra na regi\u00e3o de Tiber\u00edades, e uma grande multid\u00e3o o seguia, pois viam os milagres que ele realizava. A multid\u00e3o o procurava n\u00e3o por causa de sua pessoa, mas por causa dos milagres que ele realizava. Isso vale para os dias de hoje. N\u00e3o devemos procurar Jesus somente por causa dos milagres e sinais que ele realiza, mas o devemos procurar por conta daquilo que Ele representa para n\u00f3s, em todos os momentos da nossa vida.<\/p>\n<p style=\"text-align: justify;\">Jesus sentou-se no monte com os seus disc\u00edpulos, levantando os olhos observa que uma grande multid\u00e3o vinha em sua dire\u00e7\u00e3o. Jesus observa que eles estavam com fome e pergunta a Filipe onde arrumaria p\u00e3o para que eles pudessem comer. Ao dizer isso, Jesus coloca Filipe \u00e0 prova, pois ele mesmo sabia muito bem o que ia fazer. Filipe responde que nem duzentas moedas de prata bastariam para comprar p\u00e3o para tanta gente.<\/p>\n<p style=\"text-align: justify;\">A resposta que Jesus esperava de Filipe era que fosse repartido entre todos o que tinha e Deus providenciaria o alimento, assim como acompanhamos na Primeira Leitura do segundo livro de Reis. Andr\u00e9, irm\u00e3o de Sim\u00e3o Pedro, diz que ali tinha um menino com cinco p\u00e3es de cevada e dois peixes, e ele diz: <em>\u201cMas o que \u00e9 isso para tanta gente?\u201d<\/em><\/p>\n<p style=\"text-align: justify;\">O n\u00famero sete, representado pelos cinco p\u00e3es de cevada e dois peixes, significam a totalidade ou perfei\u00e7\u00e3o, e quer dizer que tudo o que Deus faz \u00e9 perfeito, e dessa maneira Ele n\u00e3o abandonaria o povo que estava com fome, porque Ele \u00e9 bom. Deus \u00e9 bondade e amor.<\/p>\n<p style=\"text-align: justify;\">Naquele local, sentaram-se cerca de cinco mil homens, sem contar as mulheres e crian\u00e7as. Jesus pegou os p\u00e3es, deu gra\u00e7as e distribuiu \u00e0 multid\u00e3o e fez o mesmo com os peixes. Quando todos ficaram satisfeitos, Jesus disse aos disc\u00edpulos para recolherem os peda\u00e7os que sobraram. Eles recolheram e encheram doze cestos com o que sobrou, outro n\u00famero simb\u00f3lico. O n\u00famero doze remete \u00e0s doze tribos de Israel e aos doze ap\u00f3stolos, representando assim, a unidade do povo com o seu Criador.<\/p>\n<p style=\"text-align: justify;\">Uma maneira de partilhar \u00e9, sobretudo, a ora\u00e7\u00e3o em favor dos av\u00f3s e dos idosos como pede o Papa Francisco hoje. Acompanhemos nossos av\u00f3s e nossos idosos com nossa aten\u00e7\u00e3o, carinho e, principalmente, com a nossa ora\u00e7\u00e3o. \u201cEu estou contigo todos os dias\u201d \u00e9 o tema enviado pelo Papa para este dia.<\/p>\n<p style=\"text-align: justify;\">Jesus multiplica os p\u00e3es no Evangelho deste domingo e com isso nos ensina a partilharmos o alimento com os que precisam, e ainda que Deus nunca vai deixar faltar o alimento na mesa de seus filhos, desde que ajudemos aqueles que necessitam. Neste tempo de pandemia, muitas pessoas est\u00e3o sofrendo sem ter o que comer, pois perderam seus empregos. Ajude, levando alimento para a sua par\u00f3quia, para que ela possa ajudar \u00e0s fam\u00edlias carentes. Fa\u00e7amos a nossa parte e Deus nos ajudar\u00e1.<\/p>\n","protected":false},"excerpt":{"rendered":"<p>Neste domingo celebram os o 17\u00ba desse Tempo Comum, pedindo ao Senhor que nunca falte o p\u00e3o em nossa mesa e, sobretudo, que nunca nos privemos da Eucaristia, que \u00e9 o p\u00e3o da vida que transforma a nossa vida. Que a partir da Eucaristia que comungamos, possamos partilhar com os mais pobres o p\u00e3o material. [&hellip;]<\/p>\n","protected":false},"author":5,"featured_media":55819,"comment_status":"open","ping_status":"closed","sticky":false,"template":"","format":"standard","meta":{"footnotes":""},"categories":[9],"tags":[],"class_list":["post-68954","post","type-post","status-publish","format-standard","has-post-thumbnail","hentry","category-artigos"],"_links":{"self":[{"href":"https:\/\/catolicanet.net\/wp-cnet\/wp-json\/wp\/v2\/posts\/68954","targetHints":{"allow":["GET"]}}],"collection":[{"href":"https:\/\/catolicanet.net\/wp-cnet\/wp-json\/wp\/v2\/posts"}],"about":[{"href":"https:\/\/catolicanet.net\/wp-cnet\/wp-json\/wp\/v2\/types\/post"}],"author":[{"embeddable":true,"href":"https:\/\/catolicanet.net\/wp-cnet\/wp-json\/wp\/v2\/users\/5"}],"replies":[{"embeddable":true,"href":"https:\/\/catolicanet.net\/wp-cnet\/wp-json\/wp\/v2\/comments?post=68954"}],"version-history":[{"count":2,"href":"https:\/\/catolicanet.net\/wp-cnet\/wp-json\/wp\/v2\/posts\/68954\/revisions"}],"predecessor-version":[{"id":68956,"href":"https:\/\/catolicanet.net\/wp-cnet\/wp-json\/wp\/v2\/posts\/68954\/revisions\/68956"}],"wp:featuredmedia":[{"embeddable":true,"href":"https:\/\/catolicanet.net\/wp-cnet\/wp-json\/wp\/v2\/media\/55819"}],"wp:attachment":[{"href":"https:\/\/catolicanet.net\/wp-cnet\/wp-json\/wp\/v2\/media?parent=68954"}],"wp:term":[{"taxonomy":"category","embeddable":true,"href":"https:\/\/catolicanet.net\/wp-cnet\/wp-json\/wp\/v2\/categories?post=68954"},{"taxonomy":"post_tag","embeddable":true,"href":"https:\/\/catolicanet.net\/wp-cnet\/wp-json\/wp\/v2\/tags?post=68954"}],"curies":[{"name":"wp","href":"https:\/\/api.w.org\/{rel}","templated":true}]}}