{"id":68950,"date":"2021-07-24T09:06:55","date_gmt":"2021-07-24T12:06:55","guid":{"rendered":"https:\/\/catolicanet.net\/wp-cnet\/?p=68950"},"modified":"2021-07-26T16:08:31","modified_gmt":"2021-07-26T19:08:31","slug":"ano-amoris-laetitia-e-os-idosos","status":"publish","type":"post","link":"https:\/\/catolicanet.net\/wp-cnet\/ano-amoris-laetitia-e-os-idosos\/","title":{"rendered":"Ano Amoris Laetitia e os idosos"},"content":{"rendered":"<p style=\"text-align: justify;\">Uma das propostas deste ano <strong><em>Amoris Laetitia<\/em><\/strong>, institu\u00eddo pelo Papa Francisco em mar\u00e7o desse ano de 2021, \u00e9 acompanhar e apoiar as fam\u00edlias. A Igreja sempre teve um carinho especial pelas fam\u00edlias, pois das fam\u00edlias nascem os frutos do amor que s\u00e3o os filhos, e no futuro esses filhos contribuir\u00e3o para a continua\u00e7\u00e3o desse amor que eles receberam e dar\u00e3o, de igual modo, esses frutos para a Igreja.<\/p>\n<p style=\"text-align: justify;\">De igual maneira, a Igreja tem um carinho todo especial para com os idosos, que ao longo da vida educaram os seus filhos com amor e ajudaram a educar os netos e, atrav\u00e9s da sabedoria de longos anos, passam toda a experiencia de vida para os seus familiares. Os idosos trazem consigo a experi\u00eancia de vida ao longo dos anos e a for\u00e7a da f\u00e9 em Deus, que mesmo diante dos problemas, n\u00e3o desistem de acreditar que tudo vai melhorar.<\/p>\n<p style=\"text-align: justify;\">Estamos celebrando Dia dos Av\u00f3s e dos Idosos, no quarto domingo de julho, bem pr\u00f3ximo da mem\u00f3ria de S\u00e3o Joaquim e Santana comemorada em 26 de julho. Na semana que precede a data somos chamados a nos preparar e aprofundar a pastoral da pessoa idosa entre os dias 19 a 25 de julho, culminando com a celebra\u00e7\u00e3o do primeiro Dia Mundial dos Av\u00f3s e Idosos, nesse domingo, dia 25 de julho. Essa data foi institu\u00edda pelo Papa Francisco esse ano para que o Dia dos Av\u00f3s e idosos tenha uma maior abrang\u00eancia, assim como tem o Dia das M\u00e3es e o Dia dos Pais. Inicia uma nova tradi\u00e7\u00e3o. O tema escolhido pelo Papa \u00e9 \u201cEu estou contigo todos os dias\u201d e fala em primeira pessoa do plural: n\u00f3s os idosos.<\/p>\n<p style=\"text-align: justify;\">Neste m\u00eas dedicado aos av\u00f3s, tire um tempo do seu dia para fazer uma liga\u00e7\u00e3o aos seus av\u00f3s, se esses ainda est\u00e3o vivos, ou fa\u00e7a uma visita, tomando os devidos cuidados devido \u00e0 pandemia da Covid-19. Para que os seus av\u00f3s n\u00e3o se sintam deprimidos, tristes ou esquecidos, mas que eles fiquem felizes com a sua lembran\u00e7a. Se eles j\u00e1 faleceram, fa\u00e7a uma prece especial a Deus por eles, para que do c\u00e9u, eles intercedam por sua vida. Recomenda-se encomendar missas pelo sufr\u00e1gio das almas dos av\u00f3s falecidos.<\/p>\n<p style=\"text-align: justify;\">Devemos cuidar dos nossos pais e av\u00f3s at\u00e9 o fim de suas vidas, mesmo que estejam j\u00e1 na velhice com seus cabelos brancos, devemos dar a eles a nossa aten\u00e7\u00e3o e ter paci\u00eancia para com eles. Nos dias de hoje, aumentou consideravelmente a popula\u00e7\u00e3o idosa e a tendencia \u00e9 que nos pr\u00f3ximos anos, o n\u00famero de idosos seja maior do que o n\u00famero de jovens.<\/p>\n<p style=\"text-align: justify;\">\u00c9 comum os idosos se sentirem sozinhos, deprimidos e muitas vezes tristes, porque os filhos, netos e bisnetos n\u00e3o lhes d\u00e3o aten\u00e7\u00e3o e n\u00e3o t\u00eam paci\u00eancia para com eles. N\u00f3s, como crist\u00e3os cat\u00f3licos, n\u00e3o podemos permitir isso, temos que dar aten\u00e7\u00e3o e carinho aos nossos idosos e cuidar deles at\u00e9 o fim de suas vidas. Temos que nos alegrar quando temos um idoso na nossa fam\u00edlia, porque al\u00e9m de trazerem consigo a sabedoria de vida, \u00e9 motivo de dar gra\u00e7as a Deus por chegarem \u00e0 idade avan\u00e7ada com sa\u00fade.<\/p>\n<p style=\"text-align: justify;\">O cen\u00e1rio atual que atravessamos provocado pela pandemia da Covid-19, proporcionou \u00e0s fam\u00edlias viverem o modelo da Igreja dom\u00e9stica, onde passaram a rezar juntos, assistirem \u00e0s missas pela televis\u00e3o e partilharem o Evangelho. A partir disso, puderam ver nos ensinamentos de Jesus, o carinho e amor que devemos ter com o nosso pr\u00f3ximo, sobretudo os mais idosos. Podemos ser em nosso lar testemunhas do amor e sermos mensageiros da boa nova.<\/p>\n<p style=\"text-align: justify;\">Em 19 de mar\u00e7o desse ano, comemoramos os cinco anos da publica\u00e7\u00e3o da exorta\u00e7\u00e3o apost\u00f3lica <em>\u201cAmoris Laetitia\u201d. <\/em>A exorta\u00e7\u00e3o trata sobretudo sobre a beleza e a alegria do amor familiar. Por isso, o Papa inaugurou o ano <em>\u201cAmoris Laetitia\u201d<\/em>, que terminar\u00e1 em 26 de junho de 2022, por ocasi\u00e3o do X Encontro Mundial das Fam\u00edlias, em Roma, com o Santo Padre.<\/p>\n<p style=\"text-align: justify;\">O intuito do Papa ao instituir o ano <em>\u201cAmoris Laetitia\u201d<\/em> \u00e9, al\u00e9m de comemorar os cinco anos da exorta\u00e7\u00e3o apost\u00f3lica, ter a proposta de acompanhar e cuidar das fam\u00edlias. Principalmente, os idosos que foram muito afetados com a quest\u00e3o da pandemia da Covid-19 e que ser\u00e3o lembrados agora, na Semana dos Idosos e no primeiro Dia mundial dos Av\u00f3s e dos Idosos.<\/p>\n<p style=\"text-align: justify;\">\u00a0\u00a0\u00a0\u00a0\u00a0\u00a0\u00a0\u00a0 Para o Papa Francisco, os idosos e av\u00f3s s\u00e3o um verdadeiro \u201cpresente\u201d que muitas vezes esquecemos essa riqueza, desprezamos a sabedoria e o ensinamento que as pessoas mais velhas podem nos transmitir. Os jovens, hoje em dia, n\u00e3o querem ouvir o conselho dos mais velhos e querem seguir os seus pr\u00f3prios caminhos e ainda desprezam os mais velhos. Muitas vezes, as pessoas s\u00f3 v\u00e3o se arrepender do modo como trataram os idosos muito tarde, ou seja, na hora do leito de morte, a\u00ed n\u00e3o adianta pedir desculpas e querer ouvir os seus conselhos.<\/p>\n<p style=\"text-align: justify;\">\u00a0\u00a0\u00a0\u00a0\u00a0\u00a0\u00a0\u00a0 Olhemos com carinho para os nossos idosos e cuidemos deles para que tenhamos conosco a sua sabedoria por longos anos. \u00c9 uma riqueza muito grande termos algu\u00e9m idoso em nossa casa, \u00e9 uma demonstra\u00e7\u00e3o do amor e da miseric\u00f3rdia de Deus para n\u00f3s e para nossa fam\u00edlia. Que a nossa f\u00e9 nos ajude a compreender os sinais dos tempos e o qu\u00e3o Ele \u00e9 misericordioso com cada um de n\u00f3s e com cada idoso de nossa fam\u00edlia.<\/p>\n<p style=\"text-align: justify;\">Que o Esp\u00edrito Santo nos ajude em nossa caminhada aqui na terra e a sermos sinais do amor e da miseric\u00f3rdia de Deus para com os mais idosos. Am\u00e9m.<\/p>\n","protected":false},"excerpt":{"rendered":"<p>Uma das propostas deste ano Amoris Laetitia, institu\u00eddo pelo Papa Francisco em mar\u00e7o desse ano de 2021, \u00e9 acompanhar e apoiar as fam\u00edlias. A Igreja sempre teve um carinho especial pelas fam\u00edlias, pois das fam\u00edlias nascem os frutos do amor que s\u00e3o os filhos, e no futuro esses filhos contribuir\u00e3o para a continua\u00e7\u00e3o desse amor [&hellip;]<\/p>\n","protected":false},"author":5,"featured_media":55819,"comment_status":"open","ping_status":"closed","sticky":false,"template":"","format":"standard","meta":{"footnotes":""},"categories":[9],"tags":[],"class_list":["post-68950","post","type-post","status-publish","format-standard","has-post-thumbnail","hentry","category-artigos"],"_links":{"self":[{"href":"https:\/\/catolicanet.net\/wp-cnet\/wp-json\/wp\/v2\/posts\/68950","targetHints":{"allow":["GET"]}}],"collection":[{"href":"https:\/\/catolicanet.net\/wp-cnet\/wp-json\/wp\/v2\/posts"}],"about":[{"href":"https:\/\/catolicanet.net\/wp-cnet\/wp-json\/wp\/v2\/types\/post"}],"author":[{"embeddable":true,"href":"https:\/\/catolicanet.net\/wp-cnet\/wp-json\/wp\/v2\/users\/5"}],"replies":[{"embeddable":true,"href":"https:\/\/catolicanet.net\/wp-cnet\/wp-json\/wp\/v2\/comments?post=68950"}],"version-history":[{"count":1,"href":"https:\/\/catolicanet.net\/wp-cnet\/wp-json\/wp\/v2\/posts\/68950\/revisions"}],"predecessor-version":[{"id":68951,"href":"https:\/\/catolicanet.net\/wp-cnet\/wp-json\/wp\/v2\/posts\/68950\/revisions\/68951"}],"wp:featuredmedia":[{"embeddable":true,"href":"https:\/\/catolicanet.net\/wp-cnet\/wp-json\/wp\/v2\/media\/55819"}],"wp:attachment":[{"href":"https:\/\/catolicanet.net\/wp-cnet\/wp-json\/wp\/v2\/media?parent=68950"}],"wp:term":[{"taxonomy":"category","embeddable":true,"href":"https:\/\/catolicanet.net\/wp-cnet\/wp-json\/wp\/v2\/categories?post=68950"},{"taxonomy":"post_tag","embeddable":true,"href":"https:\/\/catolicanet.net\/wp-cnet\/wp-json\/wp\/v2\/tags?post=68950"}],"curies":[{"name":"wp","href":"https:\/\/api.w.org\/{rel}","templated":true}]}}