{"id":68947,"date":"2021-07-24T09:04:47","date_gmt":"2021-07-24T12:04:47","guid":{"rendered":"https:\/\/catolicanet.net\/wp-cnet\/?p=68947"},"modified":"2021-07-26T16:05:47","modified_gmt":"2021-07-26T19:05:47","slug":"domingo-dos-idosos-e-dos-avos","status":"publish","type":"post","link":"https:\/\/catolicanet.net\/wp-cnet\/domingo-dos-idosos-e-dos-avos\/","title":{"rendered":"Domingo dos idosos e dos av\u00f3s"},"content":{"rendered":"<p style=\"text-align: justify;\">A partir deste ano de 2021, a Igreja passar\u00e1 a celebrar o Dia Mundial dos Av\u00f3s e dos Idosos no quarto domingo de julho. O an\u00fancio foi feito pelo Papa Francisco no \u00c2ngelus de 31 de janeiro.<\/p>\n<p style=\"text-align: justify;\">De acordo com a Sala de Imprensa da Santa S\u00e9, o Dia Mundial dos Av\u00f3s e dos Idosos ser\u00e1 celebrado todos os anos, sempre no quarto domingo de julho. De fato, a data fica perto da mem\u00f3ria lit\u00fargica de S\u00e3o Joaquim e Sant\u2019Ana, os av\u00f3s de Jesus, que acontece em 26 de julho e que, no Brasil celebramos o dia dos av\u00f3s.<\/p>\n<p style=\"text-align: justify;\">O Santo Padre o Papa Francisco explicou que o objetivo \u00e9 promover o encontro entre as gera\u00e7\u00f5es. Al\u00e9m disso, o Papa recordou que a velhice \u00e9 um presente: <em>\u201cO Esp\u00edrito Santo ainda desperta pensamentos e palavras de sabedoria nos idosos: sua voz \u00e9 preciosa porque canta os louvores de Deus e conserva as ra\u00edzes dos povos. Eles nos lembram que a velhice \u00e9 um presente e que os av\u00f3s s\u00e3o o elo entre as diferentes gera\u00e7\u00f5es, para transmitir aos jovens a experi\u00eancia da vida e da f\u00e9\u201d<\/em> (https:\/\/pt.aleteia.org\/2021\/02\/01\/por-que-o-papa-francisco-criou-o-dia-mundial-dos-avos-e-dos-idosos\/, \u00faltimo acesso em 14 de julho de 2021).<\/p>\n<p style=\"text-align: justify;\">Francisco tamb\u00e9m lamentou o fato de os av\u00f3s ficarem tantas vezes esquecidos <em>\u201ce n\u00f3s esquecemos esta riqueza, de conservar as ra\u00edzes e transmiti-las\u201d.<\/em> Ele explicou que foi por isso que resolveu instituir o Dia Mundial dos Av\u00f3s e Idosos.<\/p>\n<p style=\"text-align: justify;\">Para o Dicast\u00e9rio para os Leigos, a Fam\u00edlia e a Vida, o Dia Mundial dos Av\u00f3s e dos Idosos \u201c\u00e9 o primeiro fruto do Ano da Fam\u00edlia\u00a0<em>Amoris Laetitia<\/em>, um dom para toda a Igreja que vai permanecer ao longo dos anos\u201d (https:\/\/www.vaticannews.va\/pt\/vaticano\/news\/2021-01\/anuncio-da-instituicao-do-dia-mundial-dos-avos-e-dos-idosos.html, \u00faltimo acesso em 14 de julho de 2021).<\/p>\n<p style=\"text-align: justify;\">O prefeito do Discat\u00e9rio, Cardeal Kevin Joseph Farrell, acrescentou: <em>\u201cO cuidado pastoral dos idosos \u00e9 uma prioridade que n\u00e3o pode mais ser adiada, para cada comunidade crist\u00e3. Na enc\u00edclica\u00a0Fratelli tutti, o Santo Padre nos recorda que ningu\u00e9m se salva sozinho. Nesta perspectiva, \u00e9 necess\u00e1rio valorizar a riqueza espiritual e humana que foi transmitida atrav\u00e9s das gera\u00e7\u00f5es\u201d<\/em>(https:\/\/www.vaticannews.va\/pt\/vaticano\/news\/2021-01\/anuncio-da-instituicao-do-dia-mundial-dos-avos-e-dos-idosos.html, \u00faltimo acesso em 14 de julho de 2021).<\/p>\n<p style=\"text-align: justify;\">O Papa Francisco sempre aborda a import\u00e2ncia das gera\u00e7\u00f5es anteriores. No dia 26 de julho de 2020, por exemplo, durante homilia na festa de S\u00e3o Joaquim e Sant\u2019Ana, exortou os jovens <em>\u201ca fazer um gesto de ternura para com os idosos, sobretudo, os mais solit\u00e1rios, nos lares e resid\u00eancias, aqueles que n\u00e3o veem seus entes queridos h\u00e1 tantos meses\u201d<\/em> (https:\/\/www.acidigital.com\/noticias\/papa-institui-o-dia-mundial-dos-avos-e-dos-idosos-27537, \u00faltimo acesso em 15 de julho de 2021).<\/p>\n<p style=\"text-align: justify;\">Francisco tamb\u00e9m sempre demonstrou preocupa\u00e7\u00e3o com os idosos solit\u00e1rios, principalmente, durante a pandemia do coronav\u00edrus.<\/p>\n<p style=\"text-align: justify;\">O tema escolhido pelo Papa Francisco para esta ocasi\u00e3o do Dia dos Av\u00f3s e dos Idosos neste ano de 2021 \u00e9 <strong>\u201cEu estou contigo todos os dias\u201d <\/strong>(cf. Mt 28,20) e tem a finalidade de expressar a proximidade do Senhor e da Igreja na vida de cada idoso, especialmente, neste momento dif\u00edcil de pandemia.<\/p>\n<p style=\"text-align: justify;\">De fato, n\u00e3o s\u00e3o s\u00f3 os netos e os jovens que s\u00e3o chamados a estar presentes na vida dos idosos, mas os av\u00f3s e as pessoas idosas tamb\u00e9m t\u00eam uma miss\u00e3o evangelizadora, uma miss\u00e3o de anunciar, de rezar e de gerar jovens para a f\u00e9.\u00a0\u00a0Para promover a celebra\u00e7\u00e3o desse dia nas igrejas locais e nas realidades associativas.<\/p>\n","protected":false},"excerpt":{"rendered":"<p>A partir deste ano de 2021, a Igreja passar\u00e1 a celebrar o Dia Mundial dos Av\u00f3s e dos Idosos no quarto domingo de julho. O an\u00fancio foi feito pelo Papa Francisco no \u00c2ngelus de 31 de janeiro. De acordo com a Sala de Imprensa da Santa S\u00e9, o Dia Mundial dos Av\u00f3s e dos Idosos [&hellip;]<\/p>\n","protected":false},"author":5,"featured_media":55819,"comment_status":"open","ping_status":"closed","sticky":false,"template":"","format":"standard","meta":{"footnotes":""},"categories":[9],"tags":[],"class_list":["post-68947","post","type-post","status-publish","format-standard","has-post-thumbnail","hentry","category-artigos"],"_links":{"self":[{"href":"https:\/\/catolicanet.net\/wp-cnet\/wp-json\/wp\/v2\/posts\/68947","targetHints":{"allow":["GET"]}}],"collection":[{"href":"https:\/\/catolicanet.net\/wp-cnet\/wp-json\/wp\/v2\/posts"}],"about":[{"href":"https:\/\/catolicanet.net\/wp-cnet\/wp-json\/wp\/v2\/types\/post"}],"author":[{"embeddable":true,"href":"https:\/\/catolicanet.net\/wp-cnet\/wp-json\/wp\/v2\/users\/5"}],"replies":[{"embeddable":true,"href":"https:\/\/catolicanet.net\/wp-cnet\/wp-json\/wp\/v2\/comments?post=68947"}],"version-history":[{"count":2,"href":"https:\/\/catolicanet.net\/wp-cnet\/wp-json\/wp\/v2\/posts\/68947\/revisions"}],"predecessor-version":[{"id":68949,"href":"https:\/\/catolicanet.net\/wp-cnet\/wp-json\/wp\/v2\/posts\/68947\/revisions\/68949"}],"wp:featuredmedia":[{"embeddable":true,"href":"https:\/\/catolicanet.net\/wp-cnet\/wp-json\/wp\/v2\/media\/55819"}],"wp:attachment":[{"href":"https:\/\/catolicanet.net\/wp-cnet\/wp-json\/wp\/v2\/media?parent=68947"}],"wp:term":[{"taxonomy":"category","embeddable":true,"href":"https:\/\/catolicanet.net\/wp-cnet\/wp-json\/wp\/v2\/categories?post=68947"},{"taxonomy":"post_tag","embeddable":true,"href":"https:\/\/catolicanet.net\/wp-cnet\/wp-json\/wp\/v2\/tags?post=68947"}],"curies":[{"name":"wp","href":"https:\/\/api.w.org\/{rel}","templated":true}]}}