{"id":68923,"date":"2021-07-22T09:41:06","date_gmt":"2021-07-22T12:41:06","guid":{"rendered":"https:\/\/catolicanet.net\/wp-cnet\/?p=68923"},"modified":"2021-07-22T15:43:14","modified_gmt":"2021-07-22T18:43:14","slug":"3-feridas-afetivas-do-nosso-tempo","status":"publish","type":"post","link":"https:\/\/catolicanet.net\/wp-cnet\/3-feridas-afetivas-do-nosso-tempo\/","title":{"rendered":"3 feridas afetivas do nosso tempo"},"content":{"rendered":"<h2 class=\"subtitle\" style=\"text-align: justify;\">Estas\u00a0feridas\u00a0nos impedem de amar, mas\u00a0podem ser curadas pelo amor que excede a nossa pr\u00f3pria capacidade de amar: o amor de Deus<\/h2>\n<p style=\"text-align: justify;\">\u00c9muito comum termos algumas feridas afetivas.\u00a0S\u00e3o, de fato, feridas que atravessam gera\u00e7\u00f5es e que podemos, sem d\u00favida, reconhec\u00ea-las em todos n\u00f3s.<\/p>\n<p style=\"text-align: justify;\">O problema \u00e9 que muitas vezes n\u00e3o olhamos com o equil\u00edbrio suficiente para\u00a0<strong>aquilo que acontece em nossa mente e aquilo que est\u00e1 em nosso cora\u00e7\u00e3o.<\/strong><\/p>\n<p style=\"text-align: justify;\">Muitas vezes, damos mais peso ao que pensamos, ao inv\u00e9s do que realmente sentimos.\u00a0Precisamos, de fato, integrar os dois aspectos, n\u00e3o se opor a eles.<\/p>\n<p style=\"text-align: justify;\">O Senhor, em seu Evangelho, nos ensina\u00a0como integrar pensamentos e emo\u00e7\u00f5es.\u00a0Ele constantemente nos chama para\u00a0<strong>trabalhar nossos pensamentos com o cora\u00e7\u00e3o<\/strong>, porque o cora\u00e7\u00e3o tem uma maneira de \u201cpensar e ver\u201d, e n\u00e3o apenas sentir. Jesus nos convida a pensar segundo o seu Cora\u00e7\u00e3o.<\/p>\n<p style=\"text-align: justify;\">Mas a\u00a0<strong>afetividade<\/strong>\u00a0e as feridas afetivas\u00a0devem ser abordadas em nossas vidas, devem ser\u00a0<strong>tratadas com consci\u00eancia e responsabilidade.\u00a0<\/strong>O Monsenhor\u00a0<a href=\"https:\/\/www.enticonfio.org\/\" target=\"_blank\" rel=\"noreferrer noopener\">Jos\u00e9 Ignacio Munilla<\/a>\u00a0nos diz que existem tr\u00eas feridas afetivas em nosso tempo:<\/p>\n<h3 id=\"h-1-o-narcisismo\" style=\"text-align: justify;\">1. O\u00a0<strong>narcisismo<\/strong><\/h3>\n<figure class=\"wp-block-image\" style=\"text-align: justify;\"><img decoding=\"async\" class=\"wp-image-572721\" src=\"https:\/\/wp.es.aleteia.org\/wp-content\/uploads\/sites\/7\/2020\/11\/WEB3-WOMAN-LOOK-MIRROR-SELF-LOVE-Shutterstock_1059659243.jpg?w=720\" alt=\"OPIEKOWANIE SI\u0118 SOB\u0104\" \/><\/figure>\n<div id=\"aleteia-welcome\" style=\"text-align: justify;\"><\/div>\n<div class=\"nativo-inread\" style=\"text-align: justify;\"><\/div>\n<p style=\"text-align: justify;\">\u00c9 a\u00a0<strong>incapacidade de transcender nosso eu.\u00a0<\/strong>Isso torna imposs\u00edvel o chamado que nos \u00e9 feito para nos rendermos e amarmos o nosso pr\u00f3ximo.<\/p>\n<p style=\"text-align: justify;\">O narcisista\u00a0<strong>sofre muito e implora carinho em todos os lugares, pois n\u00e3o conheceu o amor verdadeiro.\u00a0Voc\u00ea sempre se sente esquecido, n\u00e3o amado e vitimado.<\/strong><\/p>\n<div style=\"text-align: justify;\">\n<div id=\"article-desk-content-p6-ad_2021_07_22_3-feridas-afetivas-do-nosso-tempo\" class=\"css-y9mcup\" data-google-query-id=\"CMHQzYOq9_ECFYAcuQYdL6oHnA\">\n<div id=\"google_ads_iframe_64500793\/PT_DESK_ARTICLE_WELCOME_1X1_1__container__\"><\/div>\n<\/div>\n<\/div>\n<p style=\"text-align: justify;\">Esta ferida pode ser\u00a0<strong>curada com o an\u00fancio do amor de Deus, que reestabelece a nossa autoestima<\/strong>. Um amor que nos enra\u00edza na certeza de que somos amados e, assim, passamos a existir. N\u00e3o somos amados por um amor fugaz e suave, mas por\u00a0<strong>um amor que d\u00e1 sua vida por n\u00f3s<\/strong>.<\/p>\n<p style=\"text-align: justify;\">A\u00a0<strong>dedica\u00e7\u00e3o generosa \u00e0s verdadeiras v\u00edtimas da vida tamb\u00e9m nos ajuda<\/strong>\u00a0a colocar em perspectiva a nossa condi\u00e7\u00e3o de vitimiza\u00e7\u00e3o.<\/p>\n<h3 style=\"text-align: justify;\">2. O<strong>\u00a0pansexualismo<\/strong><\/h3>\n<figure class=\"wp-block-image\" style=\"text-align: justify;\"><img decoding=\"async\" class=\"wp-image-579039\" src=\"https:\/\/wp.es.aleteia.org\/wp-content\/uploads\/sites\/7\/2020\/12\/shutterstock_1025448961.jpg?w=720\" alt=\"\" \/><\/figure>\n<p style=\"text-align: justify;\">Em nosso mundo, uma das coisas que nos d\u00e1 \u201cliberdade\u201d gerou grande\u00a0<strong>escravid\u00e3o<\/strong>.\u00a0O\u00a0sexo do amor, o sexo da pr\u00f3pria vontade e identidade de uma pessoa,\u00a0foi\u00a0<strong>fragmentado<\/strong>.<\/p>\n<p style=\"text-align: justify;\">\u00c9 preciso\u00a0<strong>ressignificar<\/strong>\u00a0o que somos na unidade, sem divis\u00e3o, porque\u00a0<strong>ningu\u00e9m pode se render sem antes possuir a si mesmo<\/strong>.\u00a0Integrar nossa sexualidade na voca\u00e7\u00e3o concreta ao amor ao qual Deus nos chama.<\/p>\n<p style=\"text-align: justify;\">Podemos responder a isso mostrando a\u00a0<strong>castidade<\/strong>\u00a0e sua face libertadora e integradora.<\/p>\n<h3 style=\"text-align: justify;\">3.\u00a0<strong>A desconfian\u00e7a<\/strong><\/h3>\n<figure class=\"wp-block-image\" style=\"text-align: justify;\"><img decoding=\"async\" class=\"wp-image-300827\" src=\"https:\/\/wp.es.aleteia.org\/wp-content\/uploads\/sites\/7\/2018\/05\/web3-conflicted-teenage-boy-sad-depression-shutterstock_620932439-pixelheadphoto-digitalskillet-ai.jpg?w=720\" alt=\"ADOLESCENTE\" \/><\/figure>\n<p style=\"text-align: justify;\">Nasce das\u00a0<strong>decep\u00e7\u00f5es<\/strong>\u00a0em rela\u00e7\u00e3o ao amor, \u00e0s refer\u00eancias do \u201camor para sempre\u201d que nos decepcionaram e das m\u00e1s experi\u00eancias acumuladas que nos levaram a\u00a0<strong>encerrar-<\/strong>\u00a0nos\u00a0na solid\u00e3o.<\/p>\n<p style=\"text-align: justify;\">Essas\u00a0<strong>feridas<\/strong>\u00a0nos impedem de amar, mas\u00a0<strong>s\u00e3o curadas pelo amor que excede nossa pr\u00f3pria capacidade.\u00a0<\/strong>\u00c9 preciso\u00a0<strong>pedir<\/strong>\u00a0ao Senhor que nos d\u00ea seu amor para que possamos amar.<\/p>\n<p style=\"text-align: justify;\">Aquele que tem consci\u00eancia de que\u00a0<strong>o mais importante em sua vida \u00e9 ser amado e chamado a amar<\/strong>\u00a0supera essas feridas\u00a0<strong>.<\/strong><\/p>\n<h3 style=\"text-align: justify;\">Contra as feridas afetivas:\u00a0<strong>amar<\/strong><\/h3>\n<p style=\"text-align: justify;\">S\u00f3 quem encontra\u00a0<strong>um amor maior<\/strong>\u00a0consegue\u00a0<strong>reordenar<\/strong>\u00a0a vida a partir do tesouro descoberto, como na par\u00e1bola do tesouro escondido.<\/p>\n<p style=\"text-align: justify;\">Ren\u00fancias e sacrif\u00edcios s\u00e3o poss\u00edveis quando\u00a0<strong>prevalece<\/strong>\u00a0a motiva\u00e7\u00e3o do<strong>\u00a0amor.<\/strong><\/p>\n<p style=\"text-align: justify;\"><strong>\u00c9 viver<\/strong>\u00a0gozando da voca\u00e7\u00e3o a que fomos chamados.\u00a0Nada pior do que viver a \u201c<strong>fidelidade<\/strong>\u201d e n\u00e3o\u00a0<strong>gostar<\/strong>, habituar-se a ela.\u00a0Esse \u00e9 o drama do filho mais velho na par\u00e1bola do filho pr\u00f3digo.<\/p>\n<h3 style=\"text-align: justify;\"><strong>Chaves para lutar<\/strong>\u00a0contra as feridas afetivas<\/h3>\n<ul style=\"text-align: justify;\">\n<li>N\u00e3o basta ser sincero, voc\u00ea tem que ser\u00a0<strong>verdadeiro<\/strong>;<\/li>\n<li>N\u00e3o se conforme com a perseveran\u00e7a, mas busque a\u00a0<strong>fidelidade<\/strong>;<\/li>\n<li><strong>Descubra a chave sobrenatural para o amor humano<\/strong>: o amor conjugal.\u00a0N\u00e3o se relacione apenas com o Senhor como um amigo ou como um pai.\u00a0No amor esponsal, Deus se mostra como um marido vulner\u00e1vel que deseja nosso amor.\u00a0\u00c9 necess\u00e1rio cultivar esse relacionamento em todos os estados de vida.<\/li>\n<\/ul>\n<p style=\"text-align: justify;\">Enfim, nosso cora\u00e7\u00e3o n\u00e3o \u00e9 daquele que o quebra, mas daquele que o repara.\u00a0N\u00e3o importa quantas feridas tenhamos,\u00a0<strong>a \u00faltima palavra n\u00e3o vem daquele que nos feriu, mas daquele que nos restaurou.<\/strong><\/p>\n","protected":false},"excerpt":{"rendered":"<p>Estas\u00a0feridas\u00a0nos impedem de amar, mas\u00a0podem ser curadas pelo amor que excede a nossa pr\u00f3pria capacidade de amar: o amor de Deus \u00c9muito comum termos algumas feridas afetivas.\u00a0S\u00e3o, de fato, feridas que atravessam gera\u00e7\u00f5es e que podemos, sem d\u00favida, reconhec\u00ea-las em todos n\u00f3s. O problema \u00e9 que muitas vezes n\u00e3o olhamos com o equil\u00edbrio suficiente para\u00a0aquilo [&hellip;]<\/p>\n","protected":false},"author":1,"featured_media":68924,"comment_status":"open","ping_status":"closed","sticky":false,"template":"","format":"standard","meta":{"footnotes":""},"categories":[4],"tags":[],"class_list":["post-68923","post","type-post","status-publish","format-standard","has-post-thumbnail","hentry","category-cotidiano"],"_links":{"self":[{"href":"https:\/\/catolicanet.net\/wp-cnet\/wp-json\/wp\/v2\/posts\/68923","targetHints":{"allow":["GET"]}}],"collection":[{"href":"https:\/\/catolicanet.net\/wp-cnet\/wp-json\/wp\/v2\/posts"}],"about":[{"href":"https:\/\/catolicanet.net\/wp-cnet\/wp-json\/wp\/v2\/types\/post"}],"author":[{"embeddable":true,"href":"https:\/\/catolicanet.net\/wp-cnet\/wp-json\/wp\/v2\/users\/1"}],"replies":[{"embeddable":true,"href":"https:\/\/catolicanet.net\/wp-cnet\/wp-json\/wp\/v2\/comments?post=68923"}],"version-history":[{"count":1,"href":"https:\/\/catolicanet.net\/wp-cnet\/wp-json\/wp\/v2\/posts\/68923\/revisions"}],"predecessor-version":[{"id":68925,"href":"https:\/\/catolicanet.net\/wp-cnet\/wp-json\/wp\/v2\/posts\/68923\/revisions\/68925"}],"wp:featuredmedia":[{"embeddable":true,"href":"https:\/\/catolicanet.net\/wp-cnet\/wp-json\/wp\/v2\/media\/68924"}],"wp:attachment":[{"href":"https:\/\/catolicanet.net\/wp-cnet\/wp-json\/wp\/v2\/media?parent=68923"}],"wp:term":[{"taxonomy":"category","embeddable":true,"href":"https:\/\/catolicanet.net\/wp-cnet\/wp-json\/wp\/v2\/categories?post=68923"},{"taxonomy":"post_tag","embeddable":true,"href":"https:\/\/catolicanet.net\/wp-cnet\/wp-json\/wp\/v2\/tags?post=68923"}],"curies":[{"name":"wp","href":"https:\/\/api.w.org\/{rel}","templated":true}]}}