{"id":68914,"date":"2021-07-22T09:36:13","date_gmt":"2021-07-22T12:36:13","guid":{"rendered":"https:\/\/catolicanet.net\/wp-cnet\/?p=68914"},"modified":"2021-07-22T15:37:47","modified_gmt":"2021-07-22T18:37:47","slug":"uma-mensagem-aos-que-estao-desanimados-com-o-trabalho","status":"publish","type":"post","link":"https:\/\/catolicanet.net\/wp-cnet\/uma-mensagem-aos-que-estao-desanimados-com-o-trabalho\/","title":{"rendered":"Uma mensagem aos que est\u00e3o desanimados com o trabalho"},"content":{"rendered":"<h2 class=\"subtitle\" style=\"text-align: justify;\">Aprenda a ver seu trabalho, por mais descontente que voc\u00ea esteja com ele, como uma oportunidade de servir e amar ao pr\u00f3ximo<\/h2>\n<p style=\"text-align: justify;\">Voc\u00ea deve conhecer a famosa hist\u00f3ria dos tr\u00eas pedreiros.\u00a0Um transeunte pergunta o que eles est\u00e3o fazendo.\u00a0O primeiro, com ar sombrio e cansado, responde: \u201cEstou cavando e cortando pedras\u201d.\u00a0O segundo, que faz o mesmo trabalho mas com um pouco mais de energia, explica: \u201cEu fa\u00e7o isso para viver\u201d.\u00a0O terceiro esculpe sua pedra com as mesmas ferramentas e a mesma t\u00e9cnica de seus colegas.\u00a0No entanto, ele est\u00e1 radiante e responde com um sorriso brilhante: \u201cEstou construindo uma catedral\u201d.<\/p>\n<p style=\"text-align: justify;\">Se voc\u00ea tem uma atividade profissional prec\u00e1ria ou um trabalho para o qual tem pouca inclina\u00e7\u00e3o, \u00e9 poss\u00edvel que se reconhe\u00e7a nos dois primeiros pedreiros\u2026 Um personagem da B\u00edblia, Mois\u00e9s, pode lhe dar um b\u00e1lsamo no cora\u00e7\u00e3o.<\/p>\n<h3 id=\"h-mois-s-da-corte-do-fara-ao-deserto\" style=\"text-align: justify;\"><strong>Mois\u00e9s: da corte do Fara\u00f3 ao deserto<\/strong><\/h3>\n<p style=\"text-align: justify;\">Ap\u00f3s ser abandonado pela m\u00e3e hebreia e adotado pela filha de Fara\u00f3, Mois\u00e9s passou sua inf\u00e2ncia na corte de Fara\u00f3.\u00a0Ele recebeu uma excelente educa\u00e7\u00e3o.\u00a0Estudou matem\u00e1tica, astronomia, qu\u00edmica e hier\u00f3glifos.\u00a0Foi uma \u201cpersonalidade\u201d cujo destino na classe dominante eg\u00edpcia parecia todo tra\u00e7ado.<\/p>\n<p style=\"text-align: justify;\">No entanto, ele n\u00e3o conseguiu esquecer suas origens, nem a condi\u00e7\u00e3o miser\u00e1vel de seu povo escravizado pelos eg\u00edpcios.\u00a0Um dia, ele pegou um capataz eg\u00edpcio batendo em um escravo hebreu.\u00a0Ele o matou e esconde seu corpo na areia.<\/p>\n<p style=\"text-align: justify;\">Quando ele percebeu que seu assassinato foi descoberto, fugiu para o deserto.\u00a0Pelos pr\u00f3ximos quarenta anos, ele cuidou dos rebanhos.\u00a0Seu casamento com Z\u00edpora sela seu destino como pastor.<\/p>\n<p style=\"text-align: justify;\">Assim, ele passa do luxo e da fama \u00e0 pobreza e humilha\u00e7\u00e3o.\u00a0Na \u00e9poca, de fato, os pastores passavam por uma abomina\u00e7\u00e3o aos olhos dos eg\u00edpcios, de quem Mois\u00e9s herdou a cultura.\u00a0O que aprendeu em crian\u00e7a a odiar e desprezar agora \u00e9 a sua ocupa\u00e7\u00e3o di\u00e1ria, sem perspectivas de \u201cmudan\u00e7a de carreira\u201d!<\/p>\n<h3 id=\"h-tenta-es\" style=\"text-align: justify;\"><strong>Tenta\u00e7\u00f5es\u00a0<\/strong><\/h3>\n<p style=\"text-align: justify;\">Vamos pensar no nosso segundo pedreiro, aquele que trabalha para viver. Infelizmente, essa motiva\u00e7\u00e3o por si s\u00f3 n\u00e3o \u00e9 suficiente para satisfazer os desejos profundos do nosso cora\u00e7\u00e3o.<\/p>\n<p style=\"text-align: justify;\">A partir da\u00ed, o cora\u00e7\u00e3o tende a se fechar, a endurecer e a experimentar todos os tipoa de sentimentos que o afastam de Deus e da paz interior: amargura, ressentimento, at\u00e9 raiva de Deus \u2026<\/p>\n<h3 id=\"h-se-abrirmos-nosso-cora-o\" style=\"text-align: justify;\"><strong>Se abrirmos nosso cora\u00e7\u00e3o\u00a0<\/strong><\/h3>\n<p style=\"text-align: justify;\">Se abrirmos nossos cora\u00e7\u00f5es com confian\u00e7a a Deus, aceitando que cada experi\u00eancia pode ser uma oportunidade para seguir em frente em nosso caminho espec\u00edfico de santidade, ent\u00e3o Deus pode usar um \u201cpequeno trabalho\u201d para continuar a nos educar e moldar.<\/p>\n<p style=\"text-align: justify;\">Foi o que ele fez com Mois\u00e9s, usando sua queda social para transformar seu cora\u00e7\u00e3o e prepar\u00e1-lo para conhec\u00ea-lo.<\/p>\n<p style=\"text-align: justify;\">Deus enviou Mois\u00e9s ao deserto para lhe ensinar o que o pal\u00e1cio de Fara\u00f3 jamais poderia ter lhe ensinado.<\/p>\n<p style=\"text-align: justify;\">Al\u00e9m disso, sua educa\u00e7\u00e3o na Corte foi muito \u00fatil para ele anos depois, quando aos 80 anos, Mois\u00e9s, enviado por Deus, teve que interagir com o Fara\u00f3 para obter a liberta\u00e7\u00e3o do povo hebreu.\u00a0Realiza-se, assim, como \u00abpastor de Israel\u00bb, tendo todas as suas experi\u00eancias contribu\u00eddo, de fato, para o cumprimento da sua voca\u00e7\u00e3o \u2026<\/p>\n<h3 id=\"h-o-que-realmente-importa-para-deus\" style=\"text-align: justify;\"><strong>O que realmente importa para Deus<\/strong><\/h3>\n<p style=\"text-align: justify;\">Embora sejamos crist\u00e3os, convertidos ao Amor de Cristo, muitas vezes continuamos a julgar de acordo com as apar\u00eancias enganosas deste mundo.\u00a0Se ouvirmos o \u201cboato\u201d de que o mundo despreza o trabalho dos operadores de caixa, gar\u00e7ons ou seguran\u00e7as, tamb\u00e9m n\u00f3s o desprezamos.<\/p>\n<p style=\"text-align: justify;\">Entretanto, o que chama a aten\u00e7\u00e3o de Deus est\u00e1 a mil milhas de nosso julgamento humano.\u00a0\u00c9 o nosso universo interior e a nossa forma de amar no dia a dia que interessa a Ele.<\/p>\n<p style=\"text-align: justify;\">Cristo na \u00daltima Ceia nos mostrou o amor que devemos ter uns pelos outros.\u00a0Ao lavar os p\u00e9s (dos seus disc\u00edpulos), gesto feito por servos e escravos, deu-nos o exemplo do amor humilde, prefigurando o seu aniquilamento na Cruz.<\/p>\n<p style=\"text-align: justify;\">S\u00e3o Paulo, na Ep\u00edstola aos Filipenses \u00a02, 5-11\u00a0), oferece-nos um resumo de teologia, convidando-nos a imitar a Cristo:<\/p>\n<blockquote class=\"wp-block-quote\"><p>\u201cDedicai-vos mutuamente a estima que se deve em Cristo Jesus .Sendo ele de condi\u00e7\u00e3o divina, n\u00e3o se prevaleceu de sua igualdade com Deus, mas aniquilou-se a si mesmo, assumindo a condi\u00e7\u00e3o de escravo e assemelhando-se aos homens. E, sendo exteriormente reconhecido como homem, humilhou-se ainda mais, tornando-se obediente at\u00e9 a morte, e morte de cruz. Por isso, Deus o exaltou soberanamente e lhe outorgou o nome que est\u00e1 acima de todos os nomes, para que ao nome de Jesus se dobre todo joelho no c\u00e9u, na terra e nos infernos.E toda l\u00edngua confesse, para a gl\u00f3ria de Deus Pai, que Jesus Cristo \u00e9 Senhor.\u201d<\/p><\/blockquote>\n<p style=\"text-align: justify;\">Portanto, pe\u00e7amos a Deus que ilumine os olhos de nossos cora\u00e7\u00f5es para ver como Ele v\u00ea.\u00a0Que possamos ver nosso trabalho, por mais desprezado que seja, como uma oportunidade de servir e amar nosso pr\u00f3ximo.\u00a0Que possamos espalhar em nosso caminho um cheiro, n\u00e3o de amargura e desespero, mas um bom cheiro de santidade e esperan\u00e7a.\u00a0Assim seremos reconhecidos como verdadeiros \u201ccrist\u00e3os\u201d.<\/p>\n","protected":false},"excerpt":{"rendered":"<p>Aprenda a ver seu trabalho, por mais descontente que voc\u00ea esteja com ele, como uma oportunidade de servir e amar ao pr\u00f3ximo Voc\u00ea deve conhecer a famosa hist\u00f3ria dos tr\u00eas pedreiros.\u00a0Um transeunte pergunta o que eles est\u00e3o fazendo.\u00a0O primeiro, com ar sombrio e cansado, responde: \u201cEstou cavando e cortando pedras\u201d.\u00a0O segundo, que faz o mesmo [&hellip;]<\/p>\n","protected":false},"author":1,"featured_media":68915,"comment_status":"open","ping_status":"closed","sticky":false,"template":"","format":"standard","meta":{"footnotes":""},"categories":[4,13],"tags":[],"class_list":["post-68914","post","type-post","status-publish","format-standard","has-post-thumbnail","hentry","category-cotidiano","category-featured"],"_links":{"self":[{"href":"https:\/\/catolicanet.net\/wp-cnet\/wp-json\/wp\/v2\/posts\/68914","targetHints":{"allow":["GET"]}}],"collection":[{"href":"https:\/\/catolicanet.net\/wp-cnet\/wp-json\/wp\/v2\/posts"}],"about":[{"href":"https:\/\/catolicanet.net\/wp-cnet\/wp-json\/wp\/v2\/types\/post"}],"author":[{"embeddable":true,"href":"https:\/\/catolicanet.net\/wp-cnet\/wp-json\/wp\/v2\/users\/1"}],"replies":[{"embeddable":true,"href":"https:\/\/catolicanet.net\/wp-cnet\/wp-json\/wp\/v2\/comments?post=68914"}],"version-history":[{"count":1,"href":"https:\/\/catolicanet.net\/wp-cnet\/wp-json\/wp\/v2\/posts\/68914\/revisions"}],"predecessor-version":[{"id":68916,"href":"https:\/\/catolicanet.net\/wp-cnet\/wp-json\/wp\/v2\/posts\/68914\/revisions\/68916"}],"wp:featuredmedia":[{"embeddable":true,"href":"https:\/\/catolicanet.net\/wp-cnet\/wp-json\/wp\/v2\/media\/68915"}],"wp:attachment":[{"href":"https:\/\/catolicanet.net\/wp-cnet\/wp-json\/wp\/v2\/media?parent=68914"}],"wp:term":[{"taxonomy":"category","embeddable":true,"href":"https:\/\/catolicanet.net\/wp-cnet\/wp-json\/wp\/v2\/categories?post=68914"},{"taxonomy":"post_tag","embeddable":true,"href":"https:\/\/catolicanet.net\/wp-cnet\/wp-json\/wp\/v2\/tags?post=68914"}],"curies":[{"name":"wp","href":"https:\/\/api.w.org\/{rel}","templated":true}]}}