{"id":68808,"date":"2021-07-16T08:55:48","date_gmt":"2021-07-16T11:55:48","guid":{"rendered":"https:\/\/catolicanet.net\/wp-cnet\/?p=68808"},"modified":"2021-07-16T11:57:16","modified_gmt":"2021-07-16T14:57:16","slug":"nossa-senhora-flor-do-carmelo","status":"publish","type":"post","link":"https:\/\/catolicanet.net\/wp-cnet\/nossa-senhora-flor-do-carmelo\/","title":{"rendered":"Nossa Senhora, flor do Carmelo"},"content":{"rendered":"<figure class=\"article__image\" style=\"text-align: justify;\"><span class=\"didascalia_img\">Papa Francisco diante de uma imagem de Nossa Senhora do Carmo no Chile\u00a0<\/span><\/figure>\n<div class=\"article__meta \" data-mediatype=\"\">\n<div class=\"article__subTitle\" style=\"text-align: justify;\">Hoje queremos dizer como Santa Teresinha do Menino Jesus em seu poema Porque te amo Maria: \u201cFaz-me sentir que n\u00e3o \u00e9 imposs\u00edvel seguir os teus passos, \u00f3 Rainha dos eleitos. O estreito caminho do C\u00e9u, tornaste-o vis\u00edvel, praticando sempre as mais humildes virtudes\u201d.<\/div>\n<div class=\"title__separator\" style=\"text-align: justify;\"><\/div>\n<div class=\"article__text \">\n<p style=\"text-align: justify;\"><b>Vatican News<\/b><\/p>\n<p style=\"text-align: justify;\">Hoje, 16 de julho, celebramos a Festa de Nossa Senhora do Carmo, solenidade na Ordem Carmelita que desde suas origens cultiva e propaga a devo\u00e7\u00e3o \u00e0 Sant\u00edssima Virgem Maria.<\/p>\n<p style=\"text-align: justify;\">O Monte Carmelo na Palestina, lugar que nos remete aos grandes feitos do Profeta Elias narrados no Antigo Testamento, foi o lugar escolhido no final do s\u00e9culo XII por um grupo de eremitas que ali se estabeleceu para viver em obs\u00e9quio de Jesus Cristo, meditando dia e noite na Lei do Senhor. Essa comunidade erem\u00edtica deu origem a uma Ordem Religiosa, os Irm\u00e3os da Bem-Aventurada Virgem Maria do Monte Carmelo. Atrav\u00e9s do testemunho de alguns peregrinos que passavam pelo local, sabemos que no meio das celas onde os irm\u00e3os viviam existia uma capela dedicada \u00e0 Virgem Maria, que chamavam carinhosamente de \u201cSenhora do Lugar\u201d.<\/p>\n<p style=\"text-align: justify;\">Foi esse amor e intimidade com Nossa Senhora que levou S\u00e3o Sim\u00e3o Stock em 1251 a suplicar a ajuda e a prote\u00e7\u00e3o de Maria em um momento de dificuldade. A resposta veio do c\u00e9u: o Santo Escapul\u00e1rio, que representa o olhar amoroso e atento de uma M\u00e3e que est\u00e1 sempre pronta a nos socorrer. Depois de tantos s\u00e9culos, o Escapul\u00e1rio do Carmo continua sendo um sinal da provid\u00eancia divina para com aqueles que confiam e se abandonam na Vontade de Deus.<\/p>\n<p style=\"text-align: justify;\">A raiz do nome \u201ccarmelo\u201d \u00e9 jardim, de fato, a Ordem Carmelita \u00e9 um verdadeiro jardim, com flores dos mais diversos tipos que fizeram brotar sementes de amor e de esperan\u00e7a no seio da Igreja. Tantos homens e mulheres que por meio dessa espiritualidade e desse carisma deixaram um exemplo maravilhoso de como servir a Jesus Cristo. O beato Tito Brandsma, carmelita holand\u00eas morto no campo de concentra\u00e7\u00e3o nazista em Dachau em 1942, dizia que no jardim do Carmelo a mais bela flor \u00e9 a Virgem Maria. Para ele, Nossa Senhora \u00e9 como um girassol, levantando-se acima de todas as outras flores, revela seu esplendor e a sua beleza. O girassol ainda carrega uma caracter\u00edstica importante, est\u00e1 sempre voltado na dire\u00e7\u00e3o do sol, como Nossa Senhora que tudo fez sem tirar os olhos do Deus que havia roubado seu cora\u00e7\u00e3o.<\/p>\n<p style=\"text-align: justify;\">Segundo as Constitui\u00e7\u00f5es da Ordem do Carmo, os carmelitas encontram em Maria tudo aquilo que esperam e desejam ser, ela \u00e9 modelo perfeito de escuta da Palavra, sil\u00eancio orante, contempla\u00e7\u00e3o, servi\u00e7o e fraternidade. Hoje queremos dizer como Santa Teresinha do Menino Jesus em seu poema Porque te amo Maria: \u201cFaz-me sentir que n\u00e3o \u00e9 imposs\u00edvel seguir os teus passos, \u00f3 Rainha dos eleitos. O estreito caminho do C\u00e9u, tornaste-o vis\u00edvel, praticando sempre as mais humildes virtudes\u201d.<\/p>\n<p style=\"text-align: justify;\">Que a Virgem do Carmo nos ajude a trilhar os seus passos em dire\u00e7\u00e3o ao C\u00e9u. Boa Festa aos cora\u00e7\u00f5es carmelitas espalhados por tantos lugares. Deus vos aben\u00e7oe!<\/p>\n<p style=\"text-align: justify;\">Frei Juliano Luiz da Silva, O.Carm.<\/p>\n<p style=\"text-align: justify;\">Roma, 16 de julho de 2021.<\/p>\n<\/div>\n<\/div>\n","protected":false},"excerpt":{"rendered":"<p>Papa Francisco diante de uma imagem de Nossa Senhora do Carmo no Chile\u00a0 Hoje queremos dizer como Santa Teresinha do Menino Jesus em seu poema Porque te amo Maria: \u201cFaz-me sentir que n\u00e3o \u00e9 imposs\u00edvel seguir os teus passos, \u00f3 Rainha dos eleitos. O estreito caminho do C\u00e9u, tornaste-o vis\u00edvel, praticando sempre as mais humildes [&hellip;]<\/p>\n","protected":false},"author":1,"featured_media":68809,"comment_status":"open","ping_status":"closed","sticky":false,"template":"","format":"standard","meta":{"footnotes":""},"categories":[3],"tags":[],"class_list":["post-68808","post","type-post","status-publish","format-standard","has-post-thumbnail","hentry","category-vaticano"],"_links":{"self":[{"href":"https:\/\/catolicanet.net\/wp-cnet\/wp-json\/wp\/v2\/posts\/68808","targetHints":{"allow":["GET"]}}],"collection":[{"href":"https:\/\/catolicanet.net\/wp-cnet\/wp-json\/wp\/v2\/posts"}],"about":[{"href":"https:\/\/catolicanet.net\/wp-cnet\/wp-json\/wp\/v2\/types\/post"}],"author":[{"embeddable":true,"href":"https:\/\/catolicanet.net\/wp-cnet\/wp-json\/wp\/v2\/users\/1"}],"replies":[{"embeddable":true,"href":"https:\/\/catolicanet.net\/wp-cnet\/wp-json\/wp\/v2\/comments?post=68808"}],"version-history":[{"count":1,"href":"https:\/\/catolicanet.net\/wp-cnet\/wp-json\/wp\/v2\/posts\/68808\/revisions"}],"predecessor-version":[{"id":68810,"href":"https:\/\/catolicanet.net\/wp-cnet\/wp-json\/wp\/v2\/posts\/68808\/revisions\/68810"}],"wp:featuredmedia":[{"embeddable":true,"href":"https:\/\/catolicanet.net\/wp-cnet\/wp-json\/wp\/v2\/media\/68809"}],"wp:attachment":[{"href":"https:\/\/catolicanet.net\/wp-cnet\/wp-json\/wp\/v2\/media?parent=68808"}],"wp:term":[{"taxonomy":"category","embeddable":true,"href":"https:\/\/catolicanet.net\/wp-cnet\/wp-json\/wp\/v2\/categories?post=68808"},{"taxonomy":"post_tag","embeddable":true,"href":"https:\/\/catolicanet.net\/wp-cnet\/wp-json\/wp\/v2\/tags?post=68808"}],"curies":[{"name":"wp","href":"https:\/\/api.w.org\/{rel}","templated":true}]}}