{"id":68729,"date":"2021-07-14T09:37:54","date_gmt":"2021-07-14T12:37:54","guid":{"rendered":"https:\/\/catolicanet.net\/wp-cnet\/?p=68729"},"modified":"2021-07-14T11:39:37","modified_gmt":"2021-07-14T14:39:37","slug":"o-papa-entre-as-criancas-da-unidade-de-oncologia-do-gemelli","status":"publish","type":"post","link":"https:\/\/catolicanet.net\/wp-cnet\/o-papa-entre-as-criancas-da-unidade-de-oncologia-do-gemelli\/","title":{"rendered":"O Papa entre as crian\u00e7as da Unidade de Oncologia do Gemelli"},"content":{"rendered":"<div class=\"article__subTitle\" style=\"text-align: justify;\">Atra\u00eddo pela m\u00fasica que provinha da Unidade de Oncologia Pedi\u00e1trica da Policl\u00ednica Gemelli, o Papa quis levar seu conforto a pais e pacientes.<\/div>\n<div class=\"title__separator\" style=\"text-align: justify;\"><\/div>\n<div class=\"article__text \">\n<p style=\"text-align: justify;\"><b>Vatican News<\/b><\/p>\n<p style=\"text-align: justify;\">Muitos carinhos e a resposta em t\u00edmidos sorrisos: assim foi a tarde do Papa Francisco, que transcorreu alguns instantes visitando a Unidade de Oncologia Pedi\u00e1trica da Policl\u00ednica Gemelli, que fica no mesmo andar onde est\u00e1 internado.<\/p>\n<p style=\"text-align: justify;\">O que chamou a aten\u00e7\u00e3o do Pont\u00edfice foi a m\u00fasica que provinha do corredor pr\u00f3ximo ao seu apartamento. Um projeto da capital italiana leva concertos a crian\u00e7as internadas nas sess\u00f5es de oncologia e a etapa desta ter\u00e7a-feira estava justamente programada no Hospital Gemelli \u00e0s 16h30 locais. Assim que o concerto terminou, o Santo Padre foi at\u00e9 ao local para saudar os pacientes e seus pais.<\/p>\n<p style=\"text-align: justify;\">Dois dias atr\u00e1s, no Angelus dominical, Francisco se circundou de crian\u00e7as da mesma unidade para rezar a ora\u00e7\u00e3o mariana e naquela ocasi\u00e3o falou do mist\u00e9rio que representa a dor infantil. N\u00e3o h\u00e1 resposta para a pergunta \u201cPor que as crian\u00e7as sofrem?\u201d, mas certamente \u00e9 uma pergunta que toca o cora\u00e7\u00e3o.<\/p>\n<div>\n<div class=\"article__embed article__embed--unwrap article__embed--photo\">\n<figure style=\"text-align: justify;\"><picture><img decoding=\"async\" class=\"initial loaded\" src=\"https:\/\/www.vaticannews.va\/content\/dam\/vaticannews\/multimedia\/2021\/07\/13\/2021.07.13-Francesco-bambini-Gemelli-EMBARGO-PUB-SALA-STAMPA-4.jpg\/_jcr_content\/renditions\/cq5dam.thumbnail.cropped.750.422.jpeg\" alt=\"Unidade de Oncologia fica no mesmo andar em que o Papa est\u00e1 internado\" data-original=\"\/content\/dam\/vaticannews\/multimedia\/2021\/07\/13\/2021.07.13-Francesco-bambini-Gemelli-EMBARGO-PUB-SALA-STAMPA-4.jpg\/_jcr_content\/renditions\/cq5dam.thumbnail.cropped.750.422.jpeg\" data-was-processed=\"true\" \/><\/picture><\/figure>\n<div class=\"photo_embed--Title\">Unidade de Oncologia fica no mesmo andar em que o Papa est\u00e1 internado<\/div>\n<\/div>\n<\/div>\n<\/div>\n","protected":false},"excerpt":{"rendered":"<p>Atra\u00eddo pela m\u00fasica que provinha da Unidade de Oncologia Pedi\u00e1trica da Policl\u00ednica Gemelli, o Papa quis levar seu conforto a pais e pacientes. Vatican News Muitos carinhos e a resposta em t\u00edmidos sorrisos: assim foi a tarde do Papa Francisco, que transcorreu alguns instantes visitando a Unidade de Oncologia Pedi\u00e1trica da Policl\u00ednica Gemelli, que fica [&hellip;]<\/p>\n","protected":false},"author":1,"featured_media":68730,"comment_status":"open","ping_status":"closed","sticky":false,"template":"","format":"standard","meta":{"footnotes":""},"categories":[3],"tags":[],"class_list":["post-68729","post","type-post","status-publish","format-standard","has-post-thumbnail","hentry","category-vaticano"],"_links":{"self":[{"href":"https:\/\/catolicanet.net\/wp-cnet\/wp-json\/wp\/v2\/posts\/68729","targetHints":{"allow":["GET"]}}],"collection":[{"href":"https:\/\/catolicanet.net\/wp-cnet\/wp-json\/wp\/v2\/posts"}],"about":[{"href":"https:\/\/catolicanet.net\/wp-cnet\/wp-json\/wp\/v2\/types\/post"}],"author":[{"embeddable":true,"href":"https:\/\/catolicanet.net\/wp-cnet\/wp-json\/wp\/v2\/users\/1"}],"replies":[{"embeddable":true,"href":"https:\/\/catolicanet.net\/wp-cnet\/wp-json\/wp\/v2\/comments?post=68729"}],"version-history":[{"count":1,"href":"https:\/\/catolicanet.net\/wp-cnet\/wp-json\/wp\/v2\/posts\/68729\/revisions"}],"predecessor-version":[{"id":68731,"href":"https:\/\/catolicanet.net\/wp-cnet\/wp-json\/wp\/v2\/posts\/68729\/revisions\/68731"}],"wp:featuredmedia":[{"embeddable":true,"href":"https:\/\/catolicanet.net\/wp-cnet\/wp-json\/wp\/v2\/media\/68730"}],"wp:attachment":[{"href":"https:\/\/catolicanet.net\/wp-cnet\/wp-json\/wp\/v2\/media?parent=68729"}],"wp:term":[{"taxonomy":"category","embeddable":true,"href":"https:\/\/catolicanet.net\/wp-cnet\/wp-json\/wp\/v2\/categories?post=68729"},{"taxonomy":"post_tag","embeddable":true,"href":"https:\/\/catolicanet.net\/wp-cnet\/wp-json\/wp\/v2\/tags?post=68729"}],"curies":[{"name":"wp","href":"https:\/\/api.w.org\/{rel}","templated":true}]}}