{"id":68689,"date":"2021-07-16T09:38:26","date_gmt":"2021-07-16T12:38:26","guid":{"rendered":"https:\/\/catolicanet.net\/wp-cnet\/?p=68689"},"modified":"2021-07-12T11:39:41","modified_gmt":"2021-07-12T14:39:41","slug":"nossa-senhora-do-carmo-4","status":"publish","type":"post","link":"https:\/\/catolicanet.net\/wp-cnet\/nossa-senhora-do-carmo-4\/","title":{"rendered":"Nossa Senhora do Carmo"},"content":{"rendered":"<p style=\"text-align: justify;\">Celebramos, no pr\u00f3ximo dia 16 de julho, a mem\u00f3ria de Nossa Senhora do Carmo, bem conhecida por todos os cat\u00f3licos atrav\u00e9s do escapul\u00e1rio de Nossa Senhora do Carmo. A devo\u00e7\u00e3o \u00e0 Nossa Senhora e ao escapul\u00e1rio s\u00e3o bem difundidas no Brasil e no mundo.<\/p>\n<p style=\"text-align: justify;\">Nossa Senhora do Carmo \u00e9 um t\u00edtulo concedido a Maria M\u00e3e de Jesus por uma quest\u00e3o devocional. Ela recebe um t\u00edtulo ou a situa\u00e7\u00e3o que envolve a sua apari\u00e7\u00e3o, dogma ou devo\u00e7\u00e3o. Normalmente, Ela vem em socorro dos pobres e injusti\u00e7ados e revela o caminho que a humanidade deve percorrer para servir melhor a Deus e ao pr\u00f3ximo.<\/p>\n<p style=\"text-align: justify;\">Nossa Senhora do Carmo \u00e9 padroeira da ordem dos Carmelitas. O cardeal Piazza j\u00e1 testemunhava: <em>&#8220;O Carmo existe para Maria e Maria \u00e9 tudo para o Carmelo, na sua origem e na sua hist\u00f3ria, na sua vida de lutas e de triunfos, na sua vida interior e espiritual&#8221;.\u00a0<\/em>A palavra Carmelo vem de origem hebraica: Carmo significa \u201cvinha\u201d, portanto, \u201cvinha do senhor\u201d.<\/p>\n<p style=\"text-align: justify;\">Os primeiros carmelitas eram \u201ceremitas\u201d, ou seja, viviam no deserto, retirados, por uma vida de penit\u00eancia e austeridade, servindo a Deus em tudo. Esses eremitas viviam no monte Carmelo, na terra Santa. O monte era o lugar prop\u00edcio para o encontro com Deus, era um local retirado na costa de Israel. Era entre os s\u00e9culos XII e meados do XIII. Eles constru\u00edram, no meio das montanhas e de seus eremit\u00e9rios, uma capela e dedicaram essa capela \u00e0 Sant\u00edssima Virgem.<\/p>\n<p style=\"text-align: justify;\">Desde o s\u00e9culo XII, a devo\u00e7\u00e3o \u00e0 Nossa Senhora do Carmo ficou centrada em seu escapul\u00e1rio. O escapul\u00e1rio original \u00e9 composto por dois peda\u00e7os de tecido ligados por fitas finas que os fi\u00e9is trazem em seu pesco\u00e7o. A finalidade de usar o escapul\u00e1rio \u00e9 de trazer Nossa Senhora dentro do cora\u00e7\u00e3o e pedindo que ela proteja de todos os perigos. Junto com Nossa Senhora do Carmo, tem a imagem do Sagrado Cora\u00e7\u00e3o de Jesus, pedimos que a M\u00e3e e o Filho nos protejam. O escapul\u00e1rio nas ordens religiosas est\u00e1 no lugar do avental, ou seja, simboliza o servi\u00e7o.<\/p>\n<p style=\"text-align: justify;\">O uso do escapul\u00e1rio \u00e9 um\u00a0resumo da devo\u00e7\u00e3o maior do escapul\u00e1rio marrom, que \u00e9 o h\u00e1bito usado por Religiosos Monges (as) Carmelitas, \u00e9 tamb\u00e9m um\u00a0<a href=\"https:\/\/pt.wikipedia.org\/wiki\/Sacramental\">sacramental<\/a>\u00a0associado \u00e0s promessas de ajuda feitas por Maria para a salva\u00e7\u00e3o do devoto portador. O uso do escapul\u00e1rio \u00e9 uma via de salva\u00e7\u00e3o, mas, primeiramente, de convers\u00e3o dos devotos, para que possam viver uma nova espiritualidade. Por isso, por meio do uso do escapul\u00e1rio, somos convidados a optar por viver mais perto de Deus e, assim, evitando as obras do pecado.<\/p>\n<p style=\"text-align: justify;\">Na sua origem, o escapul\u00e1rio significa obedi\u00eancia. Os monges carmelitas, ao fazerem os votos religiosos de obedi\u00eancia, recebiam o escapul\u00e1rio. Quem se negasse a usar o escapul\u00e1rio significava que n\u00e3o queria mais carregar nos ombros o peso da obedi\u00eancia, o leve fardo de <em>Nosso Senhor Jesus Cristo. Por isso, todo Crist\u00e3o cat\u00f3lico, assim como os religiosos carmelitas<\/em> devem fazer o uso do escapul\u00e1rio, em sinal de obedi\u00eancia e perten\u00e7a filial a Deus e \u00e0 Nossa Senhora.<\/p>\n<p style=\"text-align: justify;\">A tradi\u00e7\u00e3o da Santa Igreja afirma que Nossa Senhora entregou o escapul\u00e1rio ao carmelita chamado Sim\u00e3o Stock. Ele foi um frade carmelita ingl\u00eas que viveu no s\u00e9culo XIII e morreu em Bordeaux. Sim\u00e3o Stock foi prior da ordem dos carmelitas e, segundo a tradi\u00e7\u00e3o, Nossa Senhora do Monte Carmelo apareceu-lhe numa vis\u00e3o e entregou-lhe o escapul\u00e1rio. Desde ent\u00e3o, a devo\u00e7\u00e3o \u00e0 Nossa Senhora do Carmo e ao escapul\u00e1rio se difundiu grandemente.<\/p>\n<p style=\"text-align: justify;\">A festa lit\u00fargica de Nossa Senhora do Carmo foi celebrada pela primeira vez na Inglaterra, no final do s\u00e9culo XIV.\u00a0Com a finalidade de agradecer a Nossa Senhora pelos benef\u00edcios concedidos nos tempos de dificuldades dos primeiros anos da Ordem do Carmo. Foi composto um poema para essa missa, intitulado de \u201c<em>Flor do Carmelo\u201d (Flos carmeli, em latim). <\/em><\/p>\n<p style=\"text-align: justify;\">O dia escolhido, inicialmente, foi 17 de julho, mas no continente europeu, essa data conflitava com a festa de Aleixo de Roma, com isso a data teve que mudar para o dia 16 de julho, como permanece at\u00e9 os dias de hoje. A data da festa de Nossa Senhora do Carmo acontece em toda a Igreja Cat\u00f3lica.<\/p>\n<p style=\"text-align: justify;\">No dia 30 de janeiro de 1226, atrav\u00e9s do Papa Hon\u00f3rio III, a ordem do Carmo foi aprovada pela Santa S\u00e9 e, desde ent\u00e3o, come\u00e7ou a se difundir a devo\u00e7\u00e3o \u00e0 Nossa Senhora do Carmo e, atrav\u00e9s do trabalho de anima\u00e7\u00e3o vocacional, os jovens, mo\u00e7as e rapazes eram chamados a abra\u00e7ar a vida mon\u00e1stica. O principal mosteiro dedicado \u00e0 Nossa Senhora do Carmo se encontra em Israel, na prov\u00edncia de Haifa.<\/p>\n<p style=\"text-align: justify;\">Celebremos com alegria no cora\u00e7\u00e3o a festa de Nossa Senhora do Carmo, no pr\u00f3ximo dia 16 de julho. Procure uma igreja para ir \u00e0 missa nesse dia e agrade\u00e7a \u00e0 Nossa Senhora por sempre caminhar conosco. Leve o escapul\u00e1rio para ser aben\u00e7oado e, se ainda n\u00e3o possui um escapul\u00e1rio, adquira um e pe\u00e7a que Nossa Senhora sempre esteja ao seu lado e seja um fiel servidor do seu sagrado cora\u00e7\u00e3o.<\/p>\n<p style=\"text-align: justify;\">Que Maria a M\u00e3e de Jesus, a Virgem do Carmo, interceda por n\u00f3s junto a Deus e ajude a humanidade a enfrentar todas dificuldades e perigos, sobretudo, a pandemia da Covid-19. Que o amor de Nossa Senhora, que tudo renova, renove o cora\u00e7\u00e3o de toda a humanidade. Am\u00e9m.<\/p>\n","protected":false},"excerpt":{"rendered":"<p>Celebramos, no pr\u00f3ximo dia 16 de julho, a mem\u00f3ria de Nossa Senhora do Carmo, bem conhecida por todos os cat\u00f3licos atrav\u00e9s do escapul\u00e1rio de Nossa Senhora do Carmo. A devo\u00e7\u00e3o \u00e0 Nossa Senhora e ao escapul\u00e1rio s\u00e3o bem difundidas no Brasil e no mundo. Nossa Senhora do Carmo \u00e9 um t\u00edtulo concedido a Maria M\u00e3e [&hellip;]<\/p>\n","protected":false},"author":5,"featured_media":55819,"comment_status":"open","ping_status":"closed","sticky":false,"template":"","format":"standard","meta":{"footnotes":""},"categories":[9],"tags":[],"class_list":["post-68689","post","type-post","status-publish","format-standard","has-post-thumbnail","hentry","category-artigos"],"_links":{"self":[{"href":"https:\/\/catolicanet.net\/wp-cnet\/wp-json\/wp\/v2\/posts\/68689","targetHints":{"allow":["GET"]}}],"collection":[{"href":"https:\/\/catolicanet.net\/wp-cnet\/wp-json\/wp\/v2\/posts"}],"about":[{"href":"https:\/\/catolicanet.net\/wp-cnet\/wp-json\/wp\/v2\/types\/post"}],"author":[{"embeddable":true,"href":"https:\/\/catolicanet.net\/wp-cnet\/wp-json\/wp\/v2\/users\/5"}],"replies":[{"embeddable":true,"href":"https:\/\/catolicanet.net\/wp-cnet\/wp-json\/wp\/v2\/comments?post=68689"}],"version-history":[{"count":1,"href":"https:\/\/catolicanet.net\/wp-cnet\/wp-json\/wp\/v2\/posts\/68689\/revisions"}],"predecessor-version":[{"id":68690,"href":"https:\/\/catolicanet.net\/wp-cnet\/wp-json\/wp\/v2\/posts\/68689\/revisions\/68690"}],"wp:featuredmedia":[{"embeddable":true,"href":"https:\/\/catolicanet.net\/wp-cnet\/wp-json\/wp\/v2\/media\/55819"}],"wp:attachment":[{"href":"https:\/\/catolicanet.net\/wp-cnet\/wp-json\/wp\/v2\/media?parent=68689"}],"wp:term":[{"taxonomy":"category","embeddable":true,"href":"https:\/\/catolicanet.net\/wp-cnet\/wp-json\/wp\/v2\/categories?post=68689"},{"taxonomy":"post_tag","embeddable":true,"href":"https:\/\/catolicanet.net\/wp-cnet\/wp-json\/wp\/v2\/tags?post=68689"}],"curies":[{"name":"wp","href":"https:\/\/api.w.org\/{rel}","templated":true}]}}