{"id":68642,"date":"2021-07-09T09:50:48","date_gmt":"2021-07-09T12:50:48","guid":{"rendered":"https:\/\/catolicanet.net\/wp-cnet\/?p=68642"},"modified":"2021-07-09T20:52:39","modified_gmt":"2021-07-09T23:52:39","slug":"papa-no-gemelli-prossegue-recuperacao-apos-cirurgia-domingo-o-angelus-sera-do-hospital","status":"publish","type":"post","link":"https:\/\/catolicanet.net\/wp-cnet\/papa-no-gemelli-prossegue-recuperacao-apos-cirurgia-domingo-o-angelus-sera-do-hospital\/","title":{"rendered":"Papa no Gemelli: prossegue recupera\u00e7\u00e3o ap\u00f3s cirurgia. Domingo o Angelus ser\u00e1 do Hospital"},"content":{"rendered":"<p style=\"text-align: justify;\">Cartas do Padre Jesus Priante &#8211; Deus Ainda Nos Pode Falar<\/p>\n<div class=\"article__subTitle\" style=\"text-align: justify;\">O Papa Francisco retomou o trabalho e celebrou a Missa com quem o assiste. N\u00e3o teve mais epis\u00f3dios de febre e no domingo o Angelus ser\u00e1 rezado do 10o andar da Policl\u00ednica Gemelli.<\/div>\n<div class=\"title__separator\" style=\"text-align: justify;\"><\/div>\n<div class=\"article__text \">\n<p style=\"text-align: justify;\"><b>Vatican News<\/b><\/p>\n<p style=\"text-align: justify;\">O Papa Francisco &#8220;transcorreu um dia tranquilo, com uma normal convalesc\u00eancia cl\u00ednica. Continua a alimentar-se regularmente e prossegue os tratamentos programados.&#8221; \u00c9 o que refere o diretor da Sala de Imprensa da Santa S\u00e9, Matteo Bruni.<\/p>\n<p style=\"text-align: justify;\">De acordo com o comunicado desta sexta-feira (09\/07), o Papa &#8220;passeou pelo corredor e retomou o trabalho, alternando-o com momentos de leitura. \u00c0 tarde, celebrou a Santa Missa na Capelinha do apartamento privado, da qual participou quem o assiste nesses dias de interna\u00e7\u00e3o&#8221;.<\/p>\n<p style=\"text-align: justify;\">&#8220;Depois de um leve epis\u00f3dio febril &#8211; informa Bruni -, o Santo Padre \u00e9 apir\u00e9tico.&#8221; &#8220;Por ocasi\u00e3o do pr\u00f3ximo domingo, acrescenta, est\u00e1 prevista a ora\u00e7\u00e3o do Angelus do 10\u00b0 andar da Policl\u00ednica Universit\u00e1ria \u201cA. Gemelli\u201d.<\/p>\n<p style=\"text-align: justify;\">O Santo Padre, assim se conclui o comunicado, &#8220;agradece pelas numerosas mensagens de afeto e proximidade que recebe diariamente e pede que continuem a rezar por ele&#8221;.<\/p>\n<\/div>\n","protected":false},"excerpt":{"rendered":"<p>Cartas do Padre Jesus Priante &#8211; Deus Ainda Nos Pode Falar O Papa Francisco retomou o trabalho e celebrou a Missa com quem o assiste. N\u00e3o teve mais epis\u00f3dios de febre e no domingo o Angelus ser\u00e1 rezado do 10o andar da Policl\u00ednica Gemelli. Vatican News O Papa Francisco &#8220;transcorreu um dia tranquilo, com uma [&hellip;]<\/p>\n","protected":false},"author":1,"featured_media":68643,"comment_status":"open","ping_status":"closed","sticky":false,"template":"","format":"standard","meta":{"footnotes":""},"categories":[13,3],"tags":[],"class_list":["post-68642","post","type-post","status-publish","format-standard","has-post-thumbnail","hentry","category-featured","category-vaticano"],"_links":{"self":[{"href":"https:\/\/catolicanet.net\/wp-cnet\/wp-json\/wp\/v2\/posts\/68642","targetHints":{"allow":["GET"]}}],"collection":[{"href":"https:\/\/catolicanet.net\/wp-cnet\/wp-json\/wp\/v2\/posts"}],"about":[{"href":"https:\/\/catolicanet.net\/wp-cnet\/wp-json\/wp\/v2\/types\/post"}],"author":[{"embeddable":true,"href":"https:\/\/catolicanet.net\/wp-cnet\/wp-json\/wp\/v2\/users\/1"}],"replies":[{"embeddable":true,"href":"https:\/\/catolicanet.net\/wp-cnet\/wp-json\/wp\/v2\/comments?post=68642"}],"version-history":[{"count":1,"href":"https:\/\/catolicanet.net\/wp-cnet\/wp-json\/wp\/v2\/posts\/68642\/revisions"}],"predecessor-version":[{"id":68644,"href":"https:\/\/catolicanet.net\/wp-cnet\/wp-json\/wp\/v2\/posts\/68642\/revisions\/68644"}],"wp:featuredmedia":[{"embeddable":true,"href":"https:\/\/catolicanet.net\/wp-cnet\/wp-json\/wp\/v2\/media\/68643"}],"wp:attachment":[{"href":"https:\/\/catolicanet.net\/wp-cnet\/wp-json\/wp\/v2\/media?parent=68642"}],"wp:term":[{"taxonomy":"category","embeddable":true,"href":"https:\/\/catolicanet.net\/wp-cnet\/wp-json\/wp\/v2\/categories?post=68642"},{"taxonomy":"post_tag","embeddable":true,"href":"https:\/\/catolicanet.net\/wp-cnet\/wp-json\/wp\/v2\/tags?post=68642"}],"curies":[{"name":"wp","href":"https:\/\/api.w.org\/{rel}","templated":true}]}}