{"id":68631,"date":"2021-07-04T09:57:32","date_gmt":"2021-07-04T12:57:32","guid":{"rendered":"https:\/\/catolicanet.net\/wp-cnet\/?p=68631"},"modified":"2021-07-08T13:58:39","modified_gmt":"2021-07-08T16:58:39","slug":"pai-acolhei-os-em-vossos-bracos","status":"publish","type":"post","link":"https:\/\/catolicanet.net\/wp-cnet\/pai-acolhei-os-em-vossos-bracos\/","title":{"rendered":"Pai, acolhei-os em vossos bra\u00e7os"},"content":{"rendered":"<p style=\"text-align: justify;\">Continuamos a rezar pelos falecidos durante estes t\u00e3o estranhos tempos de pandemia. A dor das fam\u00edlias e a consola\u00e7\u00e3o que vem do Senhor deve ser uma oportunidade de ora\u00e7\u00e3o para todos n\u00f3s. Pe\u00e7o a Deus Pai Misericordioso que os receba em seus bra\u00e7os para a ressurrei\u00e7\u00e3o e gl\u00f3ria da vida eterna. E que, tamb\u00e9m, traga conforto para as fam\u00edlias enlutadas e restabele\u00e7a, prontamente, a sa\u00fade daqueles que est\u00e3o travando uma dura batalha contra essa doen\u00e7a.<\/p>\n<p style=\"text-align: justify;\">Toda perda, de imediato, representa algo doloroso. Entre os milhares que faleceram, tinham pais de fam\u00edlia, m\u00e3es, filhos, amigos, familiares, padres e bispos brasileiros que tiveram suas vidas interrompidas nesta pandemia, entre eles o nosso predecessor o Cardeal Eus\u00e9bio Oscar Scheid, SCJ. \u00c9 uma trag\u00e9dia de grandes propor\u00e7\u00f5es que, por muitos e muitos anos, ser\u00e1 lembrada como um momento de grande luto e sofrimento.<\/p>\n<p style=\"text-align: justify;\">Al\u00e9m de cuidar da nossa vida e seguir todas as orienta\u00e7\u00f5es dos \u00f3rg\u00e3os de sa\u00fade e, tamb\u00e9m, se vacinar quando chegar a sua vez, necessitamos fortalecer o nosso esp\u00edrito e a nossa f\u00e9. Isso \u00e9 muito importante para enfrentarmos esse momento dif\u00edcil, que \u00e9 a perda de entes queridos e, muitas vezes, de fam\u00edlias inteiras para a mesma doen\u00e7a. Em ocasi\u00f5es assim precisamos alimentar nosso esp\u00edrito com a certeza inabal\u00e1vel de que Jesus Cristo se doou por n\u00f3s na Cruz, e nos alimenta com seu Corpo e Sangue, na sagrada Eucaristia e no c\u00e9u nos prepara uma morada.<\/p>\n<p style=\"text-align: justify;\">O cuidado sempre tem permanecido em nossas Igrejas, mantendo a ado\u00e7\u00e3o de todos os protocolos, como o distanciamento social, realizando missas e celebra\u00e7\u00f5es on-line quando n\u00e3o puderem ser presenciais, pois a evangeliza\u00e7\u00e3o \u00e9 parte fundamental do enfrentamento desse dif\u00edcil per\u00edodo. Somente com a nossa f\u00e9 alimentada \u00e9 que conseguiremos superar essa pandemia, pondo um fim nessa doen\u00e7a, para que muito em breve a nossa vida possa minimamente voltar ao normal, tendo aprendido a import\u00e2ncia da fraternidade em meio \u00e0 nossa fragilidade.<\/p>\n<p style=\"text-align: justify;\">Pe\u00e7amos a Nossa Senhora da Esperan\u00e7a, Consolo dos crist\u00e3os e aux\u00edlio nas doen\u00e7as, que d\u00ea for\u00e7a suficiente para os profissionais da sa\u00fade, que trabalham na linha de frente do combate \u00e0 pandemia. Com jornadas exaustivas, lutam incansavelmente para salvar mais e mais vidas. Agrade\u00e7amos pelas vidas salvas, que com certeza, s\u00e3o em quantidade infinitamente maior do que as mortes. Nas missas deste domingo, oremos especialmente para os profissionais da sa\u00fade, para que n\u00e3o se contaminem pelo v\u00edrus, e que possam voltar para as suas casas, todos os dias, com o cora\u00e7\u00e3o cheio de alegria e amor por realizarem uma miss\u00e3o t\u00e3o especial.<\/p>\n<p style=\"text-align: justify;\">\u00a0\u00a0\u00a0\u00a0\u00a0\u00a0\u00a0\u00a0 A pandemia tem outra face cruel, al\u00e9m das perdas daqueles que amamos, que \u00e9 a quest\u00e3o econ\u00f4mica. Muitas fam\u00edlias foram impactadas pela pandemia e perderam renda e emprego, e muitos foram morar nas ruas das cidades. N\u00e3o podemos nos esquecer de repartir o p\u00e3o, pois Deus retribui em dobro. As a\u00e7\u00f5es em nossa Arquidiocese para arrecadar mantimentos, quentinhas, roupas, cobertores e outros objetos para as fam\u00edlias carentes devem continuar e serem incentivadas entre os paroquianos e paroquianas. N\u00e3o podemos aceitar que nenhuma vida exista sem dignidade. Tenho pedido a todos os p\u00e1rocos que fortale\u00e7am as a\u00e7\u00f5es sociais em suas Igrejas, para que cada vez mais alimentos possam ser distribu\u00eddos e alcancem mais pessoas que tanto precisam.<\/p>\n<p style=\"text-align: justify;\">Consagremos nossa vida a Nossa Senhora, intercessora de seus filhos e filhas junto a Jesus Cristo. Que ela console os cora\u00e7\u00f5es aflitos pelas perdas de seus entes queridos e conceda muitas ben\u00e7\u00e3os a todas as fam\u00edlias. Que a vacina chegue logo para todos, protegendo aqueles que amamos.<\/p>\n<p style=\"text-align: justify;\">S\u00e3o Sebasti\u00e3o, nosso advogado contra as epidemias, rogai por n\u00f3s!<\/p>\n","protected":false},"excerpt":{"rendered":"<p>Continuamos a rezar pelos falecidos durante estes t\u00e3o estranhos tempos de pandemia. A dor das fam\u00edlias e a consola\u00e7\u00e3o que vem do Senhor deve ser uma oportunidade de ora\u00e7\u00e3o para todos n\u00f3s. Pe\u00e7o a Deus Pai Misericordioso que os receba em seus bra\u00e7os para a ressurrei\u00e7\u00e3o e gl\u00f3ria da vida eterna. E que, tamb\u00e9m, traga [&hellip;]<\/p>\n","protected":false},"author":5,"featured_media":55819,"comment_status":"open","ping_status":"closed","sticky":false,"template":"","format":"standard","meta":{"footnotes":""},"categories":[9],"tags":[],"class_list":["post-68631","post","type-post","status-publish","format-standard","has-post-thumbnail","hentry","category-artigos"],"_links":{"self":[{"href":"https:\/\/catolicanet.net\/wp-cnet\/wp-json\/wp\/v2\/posts\/68631","targetHints":{"allow":["GET"]}}],"collection":[{"href":"https:\/\/catolicanet.net\/wp-cnet\/wp-json\/wp\/v2\/posts"}],"about":[{"href":"https:\/\/catolicanet.net\/wp-cnet\/wp-json\/wp\/v2\/types\/post"}],"author":[{"embeddable":true,"href":"https:\/\/catolicanet.net\/wp-cnet\/wp-json\/wp\/v2\/users\/5"}],"replies":[{"embeddable":true,"href":"https:\/\/catolicanet.net\/wp-cnet\/wp-json\/wp\/v2\/comments?post=68631"}],"version-history":[{"count":1,"href":"https:\/\/catolicanet.net\/wp-cnet\/wp-json\/wp\/v2\/posts\/68631\/revisions"}],"predecessor-version":[{"id":68632,"href":"https:\/\/catolicanet.net\/wp-cnet\/wp-json\/wp\/v2\/posts\/68631\/revisions\/68632"}],"wp:featuredmedia":[{"embeddable":true,"href":"https:\/\/catolicanet.net\/wp-cnet\/wp-json\/wp\/v2\/media\/55819"}],"wp:attachment":[{"href":"https:\/\/catolicanet.net\/wp-cnet\/wp-json\/wp\/v2\/media?parent=68631"}],"wp:term":[{"taxonomy":"category","embeddable":true,"href":"https:\/\/catolicanet.net\/wp-cnet\/wp-json\/wp\/v2\/categories?post=68631"},{"taxonomy":"post_tag","embeddable":true,"href":"https:\/\/catolicanet.net\/wp-cnet\/wp-json\/wp\/v2\/tags?post=68631"}],"curies":[{"name":"wp","href":"https:\/\/api.w.org\/{rel}","templated":true}]}}