{"id":68622,"date":"2021-07-08T09:42:19","date_gmt":"2021-07-08T12:42:19","guid":{"rendered":"https:\/\/catolicanet.net\/wp-cnet\/?p=68622"},"modified":"2021-07-08T13:44:23","modified_gmt":"2021-07-08T16:44:23","slug":"mensagem-impactante-sobre-a-importancia-de-cuidar-dos-pais-idosos","status":"publish","type":"post","link":"https:\/\/catolicanet.net\/wp-cnet\/mensagem-impactante-sobre-a-importancia-de-cuidar-dos-pais-idosos\/","title":{"rendered":"Mensagem impactante sobre a import\u00e2ncia de cuidar dos pais idosos"},"content":{"rendered":"<h2 class=\"subtitle\" style=\"text-align: justify;\">E um lembrete vital do nosso dever crist\u00e3o<\/h2>\n<p style=\"text-align: justify;\">Durante a pandemia de Covid-19, muitas pessoas tiveram um grande alerta \u2013 n\u00e3o necessariamente sobre suas pr\u00f3prias vidas, mas sobre as gera\u00e7\u00f5es mais velhas, mais vulner\u00e1veis.\u00a0As pessoas passaram mais de um ano sem ver seus pais ou av\u00f3s idosos para proteg\u00ea-los ou devido a restri\u00e7\u00f5es.\u00a0Alguns ainda n\u00e3o os puderam ver, cuidar de seus pais idosos. Outros os viram morrer sem estar ao seu lado\u2026<\/p>\n<p style=\"text-align: justify;\">Embora tenha sido de partir o cora\u00e7\u00e3o, talvez tenha dado a muitas pessoas\u00a0<strong>um lembrete do quanto precisamos cuidar de nossos pais idosos enquanto ainda os temos conosco.<\/strong><\/p>\n<div style=\"text-align: justify;\"><\/div>\n<p style=\"text-align: justify;\">Esse sentimento foi capturado de forma t\u00e3o poderosa em uma mensagem que circulou pelas m\u00eddias sociais e recentemente postada por\u00a0<a href=\"https:\/\/www.facebook.com\/photo.php?fbid=10159601218702392&amp;set=pb.670117391.-2207520000..&amp;type=3\" target=\"_blank\" rel=\"noreferrer noopener\">Diane Bolton Corbett<\/a>. Abaixo, fizemos a tradu\u00e7\u00e3o desta impactante mensagem.<\/p>\n<blockquote class=\"wp-block-quote\"><p>\u201c<em>QUANDO OS PAIS FICAM VELHOS<br \/>\nDeixe-os envelhecer com o mesmo amor que eles te deixaram crescer\u2026 Deixe-os falar e contar hist\u00f3rias repetidas com a mesma paci\u00eancia e interesse que ouviram as suas quando crian\u00e7a \u2026 Deixe-os se superar, como em tantas vezes que eles te deixaram vencer\u2026\u00a0Deixe-os curtir os amigos, as conversas com os netos\u2026 Deixe-os curtir a conviv\u00eancia entre os objetos que o acompanham h\u00e1 muito tempo, porque sofrem sentindo que voc\u00ea rasga peda\u00e7os de sua vida\u2026 Deixe-os errar, como tantas vezes voc\u00ea errou\u2026 DEIXE-OS VIVER e tentar buscar a felicidade no \u00faltimo trecho do caminho que falta para trilhar, assim como eles te deram a m\u00e3o quando voc\u00ea iniciou a sua jornada!<br \/>\n\u201cHonra a teu pai e a tua m\u00e3e, para que se prolonguem os teus dias na terra.\u201d<\/em><\/p><\/blockquote>\n<p style=\"text-align: justify;\">Uma palavra-chave que salta desta mensagem \u00e9 a express\u00e3o \u201cdeixar\u201d \u2013\u00a0<strong>permitir e capacitar nossos pais a viver sua vida plenamente, mesmo quando isso exige paci\u00eancia e sacrif\u00edcio.\u00a0<\/strong>Como crist\u00e3os, \u00e9 isso que somos chamados a fazer.\u00a0Ao servir nossos pais e proporcionar-lhes felicidade, estamos servindo a nosso Pai Celestial.<\/p>\n","protected":false},"excerpt":{"rendered":"<p>E um lembrete vital do nosso dever crist\u00e3o Durante a pandemia de Covid-19, muitas pessoas tiveram um grande alerta \u2013 n\u00e3o necessariamente sobre suas pr\u00f3prias vidas, mas sobre as gera\u00e7\u00f5es mais velhas, mais vulner\u00e1veis.\u00a0As pessoas passaram mais de um ano sem ver seus pais ou av\u00f3s idosos para proteg\u00ea-los ou devido a restri\u00e7\u00f5es.\u00a0Alguns ainda n\u00e3o [&hellip;]<\/p>\n","protected":false},"author":1,"featured_media":68623,"comment_status":"open","ping_status":"closed","sticky":false,"template":"","format":"standard","meta":{"footnotes":""},"categories":[4,13],"tags":[],"class_list":["post-68622","post","type-post","status-publish","format-standard","has-post-thumbnail","hentry","category-cotidiano","category-featured"],"_links":{"self":[{"href":"https:\/\/catolicanet.net\/wp-cnet\/wp-json\/wp\/v2\/posts\/68622","targetHints":{"allow":["GET"]}}],"collection":[{"href":"https:\/\/catolicanet.net\/wp-cnet\/wp-json\/wp\/v2\/posts"}],"about":[{"href":"https:\/\/catolicanet.net\/wp-cnet\/wp-json\/wp\/v2\/types\/post"}],"author":[{"embeddable":true,"href":"https:\/\/catolicanet.net\/wp-cnet\/wp-json\/wp\/v2\/users\/1"}],"replies":[{"embeddable":true,"href":"https:\/\/catolicanet.net\/wp-cnet\/wp-json\/wp\/v2\/comments?post=68622"}],"version-history":[{"count":1,"href":"https:\/\/catolicanet.net\/wp-cnet\/wp-json\/wp\/v2\/posts\/68622\/revisions"}],"predecessor-version":[{"id":68624,"href":"https:\/\/catolicanet.net\/wp-cnet\/wp-json\/wp\/v2\/posts\/68622\/revisions\/68624"}],"wp:featuredmedia":[{"embeddable":true,"href":"https:\/\/catolicanet.net\/wp-cnet\/wp-json\/wp\/v2\/media\/68623"}],"wp:attachment":[{"href":"https:\/\/catolicanet.net\/wp-cnet\/wp-json\/wp\/v2\/media?parent=68622"}],"wp:term":[{"taxonomy":"category","embeddable":true,"href":"https:\/\/catolicanet.net\/wp-cnet\/wp-json\/wp\/v2\/categories?post=68622"},{"taxonomy":"post_tag","embeddable":true,"href":"https:\/\/catolicanet.net\/wp-cnet\/wp-json\/wp\/v2\/tags?post=68622"}],"curies":[{"name":"wp","href":"https:\/\/api.w.org\/{rel}","templated":true}]}}