{"id":68613,"date":"2021-07-08T10:14:00","date_gmt":"2021-07-08T13:14:00","guid":{"rendered":"https:\/\/catolicanet.net\/wp-cnet\/?p=68613"},"modified":"2021-07-08T13:20:36","modified_gmt":"2021-07-08T16:20:36","slug":"conferencia-nacional-dos-institutos-seculares-do-brasil-cnisb-comemora-seu-jubileu-de-ouro","status":"publish","type":"post","link":"https:\/\/catolicanet.net\/wp-cnet\/conferencia-nacional-dos-institutos-seculares-do-brasil-cnisb-comemora-seu-jubileu-de-ouro\/","title":{"rendered":"CONFER\u00caNCIA NACIONAL DOS INSTITUTOS SECULARES DO BRASIL (CNISB) COMEMORA SEU JUBILEU DE OURO"},"content":{"rendered":"<p style=\"text-align: justify;\">A Confer\u00eancia Nacional dos Institutos Seculares do Brasil (CNISB) comemora seu jubileu de Ouro com o tema\u00a0<strong>\u201cAnimando e Promovendo a Vida Consagrada Secular no Brasil<\/strong>\u201d e o lema\u00a0<strong>\u201cSenhor, que teu amor esteja sobre n\u00f3s, assim como est\u00e1 em Ti nossa esperan\u00e7a\u201d (Sl. 33,22)<\/strong>.<\/p>\n<p style=\"text-align: justify;\"><a href=\"https:\/\/www.facebook.com\/cnisbrasil\" target=\"_blank\" rel=\"noopener\"><img loading=\"lazy\" decoding=\"async\" class=\"wp-image-342495 alignright\" src=\"https:\/\/www.cnbb.org.br\/wp-content\/uploads\/2021\/07\/WhatsApp-Image-2021-07-07-at-10.59.13-1024x1024.jpeg\" sizes=\"auto, (max-width: 323px) 100vw, 323px\" srcset=\"https:\/\/www.cnbb.org.br\/wp-content\/uploads\/2021\/07\/WhatsApp-Image-2021-07-07-at-10.59.13-1024x1024.jpeg 1024w, https:\/\/www.cnbb.org.br\/wp-content\/uploads\/2021\/07\/WhatsApp-Image-2021-07-07-at-10.59.13-300x300.jpeg 300w, https:\/\/www.cnbb.org.br\/wp-content\/uploads\/2021\/07\/WhatsApp-Image-2021-07-07-at-10.59.13-150x150.jpeg 150w, https:\/\/www.cnbb.org.br\/wp-content\/uploads\/2021\/07\/WhatsApp-Image-2021-07-07-at-10.59.13-768x768.jpeg 768w, https:\/\/www.cnbb.org.br\/wp-content\/uploads\/2021\/07\/WhatsApp-Image-2021-07-07-at-10.59.13-800x800.jpeg 800w, https:\/\/www.cnbb.org.br\/wp-content\/uploads\/2021\/07\/WhatsApp-Image-2021-07-07-at-10.59.13-500x500.jpeg 500w, https:\/\/www.cnbb.org.br\/wp-content\/uploads\/2021\/07\/WhatsApp-Image-2021-07-07-at-10.59.13.jpeg 1080w\" alt=\"\" width=\"323\" height=\"323\" \/><\/a>A celebra\u00e7\u00e3o de A\u00e7\u00e3o de Gra\u00e7as acontecer\u00e1 no pr\u00f3ximo dia 9 de julho \u00e0s 16h, no Santu\u00e1rio Tabor da Esperan\u00e7a, do Instituto Irm\u00e3s de Maria de Schoenstatt, em Bras\u00edlia (DF).<\/p>\n<p style=\"text-align: justify;\">A missa ser\u00e1 presidida pelo padre Juarez Destro, assessor da Comiss\u00e3o para os Minist\u00e9rios Ordenados e a Vida Consagrada da Confer\u00eancia Nacional dos Bispos do Brasil (CNBB). A transmiss\u00e3o poder\u00e1 ser acompanhada no Facebook da Confer\u00eancia:\u00a0<a href=\"https:\/\/www.facebook.com\/cnisbrasil\" target=\"_blank\" rel=\"noopener\">https:\/\/www.facebook.com\/cnisbrasil.<\/a><\/p>\n<p style=\"text-align: justify;\">Segundo a presidente da Confer\u00eancia, Aparecida Guadalupe Cafaro, \u201co jubileu nos traz a urg\u00eancia da nossa convers\u00e3o para que o nosso cora\u00e7\u00e3o se torne maior e mais generoso. De fato, o jubileu tinha e tem a fun\u00e7\u00e3o de ajudar o povo a viver uma fraternidade concreta, feita de ajuda rec\u00edproca, chamado a tornar habit\u00e1vel e humano o mundo em que vivemos\u201d.<\/p>\n<h3 style=\"text-align: justify;\"><strong>Sobre a CNISB<\/strong><\/h3>\n<p style=\"text-align: justify;\">A CNISB obteve a autoriza\u00e7\u00e3o para se organizar como Confer\u00eancia pela Congrega\u00e7\u00e3o para os Institutos de Vida Consagrada e as Sociedades de Vida Apost\u00f3lica em 09 de junho de 1971, tendo \u00e0 sua frente a Hulda Maria Soares de Azevedo Del Papa, do Instituto Secular Servas de Jesus Sacerdote e com a participa\u00e7\u00e3o de outras lideran\u00e7as entre os quais: o padre Gilberto Cavani do Instituto Secular dos Padres de Schoenstatt, padre Luis Maria Fernandes, fundador do Instituto Servas de Jesus Sacerdote, Giuseffina Ozzolni, representando o Instituto Secular das Mission\u00e1rias dos Enfermos, Maria Aparecida Diniz da Silva do Instituto Secular das Catequistas do Sagrado Cora\u00e7\u00e3o de Jesus, Ana Hotz e Meroslawa Kiwei pelo Instituto Secular Unitas, Alice M. Van Rick , Maria Aparecida Carneiro Pontes, Maria Jacoba Born e Maria Doroteia Beggiato pelo Instituto Secular das Irm\u00e3s de Maria de Schoenstatt.<\/p>\n<p style=\"text-align: justify;\">O primeiro encontro oficial com a presen\u00e7a dos Institutos Seculares se deu em 16 de janeiro de 1972 e somente no terceiro encontro, de 27 a 29 julho de 1973, \u00e9 que se formara uma comiss\u00e3o nacional para coordenar os trabalhos de organiza\u00e7\u00e3o da confer\u00eancia.<\/p>\n<p style=\"text-align: justify;\">Saiba mais em:\u00a0<a href=\"https:\/\/cnisb.org.br\/\" target=\"_blank\" rel=\"noopener\">https:\/\/cnisb.org.br\/<\/a><\/p>\n","protected":false},"excerpt":{"rendered":"<p>A Confer\u00eancia Nacional dos Institutos Seculares do Brasil (CNISB) comemora seu jubileu de Ouro com o tema\u00a0\u201cAnimando e Promovendo a Vida Consagrada Secular no Brasil\u201d e o lema\u00a0\u201cSenhor, que teu amor esteja sobre n\u00f3s, assim como est\u00e1 em Ti nossa esperan\u00e7a\u201d (Sl. 33,22). A celebra\u00e7\u00e3o de A\u00e7\u00e3o de Gra\u00e7as acontecer\u00e1 no pr\u00f3ximo dia 9 de [&hellip;]<\/p>\n","protected":false},"author":1,"featured_media":68614,"comment_status":"open","ping_status":"closed","sticky":false,"template":"","format":"standard","meta":{"footnotes":""},"categories":[7],"tags":[],"class_list":["post-68613","post","type-post","status-publish","format-standard","has-post-thumbnail","hentry","category-cnbb"],"_links":{"self":[{"href":"https:\/\/catolicanet.net\/wp-cnet\/wp-json\/wp\/v2\/posts\/68613","targetHints":{"allow":["GET"]}}],"collection":[{"href":"https:\/\/catolicanet.net\/wp-cnet\/wp-json\/wp\/v2\/posts"}],"about":[{"href":"https:\/\/catolicanet.net\/wp-cnet\/wp-json\/wp\/v2\/types\/post"}],"author":[{"embeddable":true,"href":"https:\/\/catolicanet.net\/wp-cnet\/wp-json\/wp\/v2\/users\/1"}],"replies":[{"embeddable":true,"href":"https:\/\/catolicanet.net\/wp-cnet\/wp-json\/wp\/v2\/comments?post=68613"}],"version-history":[{"count":1,"href":"https:\/\/catolicanet.net\/wp-cnet\/wp-json\/wp\/v2\/posts\/68613\/revisions"}],"predecessor-version":[{"id":68615,"href":"https:\/\/catolicanet.net\/wp-cnet\/wp-json\/wp\/v2\/posts\/68613\/revisions\/68615"}],"wp:featuredmedia":[{"embeddable":true,"href":"https:\/\/catolicanet.net\/wp-cnet\/wp-json\/wp\/v2\/media\/68614"}],"wp:attachment":[{"href":"https:\/\/catolicanet.net\/wp-cnet\/wp-json\/wp\/v2\/media?parent=68613"}],"wp:term":[{"taxonomy":"category","embeddable":true,"href":"https:\/\/catolicanet.net\/wp-cnet\/wp-json\/wp\/v2\/categories?post=68613"},{"taxonomy":"post_tag","embeddable":true,"href":"https:\/\/catolicanet.net\/wp-cnet\/wp-json\/wp\/v2\/tags?post=68613"}],"curies":[{"name":"wp","href":"https:\/\/api.w.org\/{rel}","templated":true}]}}