{"id":68604,"date":"2021-07-08T09:43:19","date_gmt":"2021-07-08T12:43:19","guid":{"rendered":"https:\/\/catolicanet.net\/wp-cnet\/?p=68604"},"modified":"2021-07-08T13:00:39","modified_gmt":"2021-07-08T16:00:39","slug":"a-oracao-de-intercessao-pelo-papa-testemunho-de-forca-na-fragilidade","status":"publish","type":"post","link":"https:\/\/catolicanet.net\/wp-cnet\/a-oracao-de-intercessao-pelo-papa-testemunho-de-forca-na-fragilidade\/","title":{"rendered":"A ora\u00e7\u00e3o de intercess\u00e3o pelo Papa, testemunho de for\u00e7a na fragilidade"},"content":{"rendered":"<figure class=\"article__image\" style=\"text-align: justify;\"><span class=\"didascalia_img\">\u201c\u00c9 a fragilidade o ponto forte do cristianismo, n\u00e3o a sua aus\u00eancia\u201d, afirma Pe. Luigi Epicoco\u00a0 (Vatican Media)<\/span><\/figure>\n<div class=\"article__meta\">\n<div class=\"article__subTitle\" style=\"text-align: justify;\">O Pe. Luigi Maria Epicoco escreve editorial para o jornal vaticano L\u2019Osservatore Romano e faz uma reflex\u00e3o sobre \u201cO Papa e a gra\u00e7a da fragilidade\u201d, nestes dias em que se encontra hospitalizado. Uma oportunidade para lembrar que todo homem \u201ctem situa\u00e7\u00f5es concretas para experimentar a fraqueza\u201d. E que rezemos, pela cura e por seu testemunho ao mundo: \u201cquando estou fraco, ent\u00e3o \u00e9 que sou forte\u201d (2 Cor\u00edntios 12:10).<\/div>\n<div class=\"title__separator\" style=\"text-align: justify;\"><\/div>\n<div class=\"article__text \">\n<div style=\"text-align: justify;\">\n<div class=\"article__embed article__embed--unwrap article__embed--dark\">\n<div class=\"article__innerTitle\">Ou\u00e7a a reportagem e compartilhe<\/div>\n<div><\/div>\n<\/div>\n<\/div>\n<p style=\"text-align: justify;\"><b>Andressa Collet &#8211; Vatican News<\/b><\/p>\n<p style=\"text-align: justify;\">Em edi\u00e7\u00e3o desta quinta-feira (7) do L\u2019Osservatore Romano, o editorialista do jornal vaticano e tamb\u00e9m assistente eclesi\u00e1stico do Dicast\u00e9rio para a Comunica\u00e7\u00e3o, Pe. Luigi Maria Epicoco, compartilha com os leitores uma reflex\u00e3o a prop\u00f3sito das atuais condi\u00e7\u00f5es do Papa Francisco, internado desde domingo (4). O Pont\u00edfice fez uma cirurgia programada no intestino e prossegue no Hospital Gemelli de Roma de forma regular e satisfat\u00f3ria.<\/p>\n<p style=\"text-align: justify;\">Com o t\u00edtulo\u00a0<a href=\"https:\/\/www.osservatoreromano.va\/it\/news\/2021-07\/quo-151\/il-papa-e-la-grazia-br-della-debolezza.html\" target=\"_blank\" rel=\"external noopener\">\u201cO Papa e a gra\u00e7a da fragilidade\u201d<\/a>, Pe. Luigi descreve sobre \u201cum paradoxo do cristianismo\u201d, dif\u00edcil de aceitar por uma \u201ccerta narrativa mundana\u201d, ou seja, que \u201c\u00e9 a fragilidade o ponto forte do cristianismo, n\u00e3o a sua aus\u00eancia\u201d. Assim, a fragilidade, s\u00edmbolo de humanidade, nos permite \u201cver a Gra\u00e7a de Deus\u201d atuando em n\u00f3s.<\/p>\n<div style=\"text-align: justify;\">\n<div class=\"article__embed article__embed--border embed_style\">\n<blockquote><p>\u201c\u00c9 por isso que a not\u00edcia de que o Papa Francisco foi hospitalizado para se submeter a uma cirurgia programada \u00e9 uma grande oportunidade, para cada um de n\u00f3s, lembrar que Pedro tamb\u00e9m \u00e9 um homem e, como todo homem, ele tamb\u00e9m tem situa\u00e7\u00f5es concretas para experimentar a fraqueza.\u201d<\/p><\/blockquote>\n<\/div>\n<\/div>\n<h2 style=\"text-align: justify;\">&#8220;Quando estou fraco, ent\u00e3o \u00e9 que sou forte&#8221;<\/h2>\n<p style=\"text-align: justify;\">O Pe. Luigi escreve que gosta \u201cde pensar que at\u00e9 essa breve parada do Papa Francisco no Gemelli seja uma ocasi\u00e3o para ele se sentir chamado mais profundamente \u2018a pastorear as ovelhas do Senhor\u2019 atrav\u00e9s da desconfort\u00e1vel c\u00e1tedra da fragilidade f\u00edsica, consciente de que a oferta do pr\u00f3prio sofrimento tem um imenso valor aos olhos de Deus, porque nos faz mais parecidos a Cristo\u201d. Ent\u00e3o, escreve o editorialista, \u201ca nossa ora\u00e7\u00e3o por ele faz sentido, porque n\u00e3o \u00e9 apenas uma ora\u00e7\u00e3o para a cura, mas uma ora\u00e7\u00e3o de intercess\u00e3o para que nos ofere\u00e7a o testemunho mais escandaloso aos olhos do mundo: \u2018quando estou fraco, ent\u00e3o \u00e9 que sou forte\u2019 (2 Cor\u00edntios 12:10).&#8221;.<\/p>\n<p style=\"text-align: justify;\">E o Pe. Luigi observa, assim, que, nestes \u00faltimos anos, o Papa Francisco nos lembrou disso de muitas maneiras:<\/p>\n<div>\n<div class=\"article__embed article__embed--border embed_style\">\n<blockquote>\n<p style=\"text-align: justify;\">\u201cSomente se a Igreja n\u00e3o tiver medo de mostrar a pr\u00f3pria fragilidade ent\u00e3o ser\u00e1 verdadeiramente uma Igreja forte porque \u00e9 cred\u00edvel.\u201d<\/p>\n<\/blockquote>\n<\/div>\n<\/div>\n<\/div>\n<\/div>\n","protected":false},"excerpt":{"rendered":"<p>\u201c\u00c9 a fragilidade o ponto forte do cristianismo, n\u00e3o a sua aus\u00eancia\u201d, afirma Pe. Luigi Epicoco\u00a0 (Vatican Media) O Pe. Luigi Maria Epicoco escreve editorial para o jornal vaticano L\u2019Osservatore Romano e faz uma reflex\u00e3o sobre \u201cO Papa e a gra\u00e7a da fragilidade\u201d, nestes dias em que se encontra hospitalizado. Uma oportunidade para lembrar que [&hellip;]<\/p>\n","protected":false},"author":1,"featured_media":68605,"comment_status":"open","ping_status":"closed","sticky":false,"template":"","format":"standard","meta":{"footnotes":""},"categories":[3],"tags":[],"class_list":["post-68604","post","type-post","status-publish","format-standard","has-post-thumbnail","hentry","category-vaticano"],"_links":{"self":[{"href":"https:\/\/catolicanet.net\/wp-cnet\/wp-json\/wp\/v2\/posts\/68604","targetHints":{"allow":["GET"]}}],"collection":[{"href":"https:\/\/catolicanet.net\/wp-cnet\/wp-json\/wp\/v2\/posts"}],"about":[{"href":"https:\/\/catolicanet.net\/wp-cnet\/wp-json\/wp\/v2\/types\/post"}],"author":[{"embeddable":true,"href":"https:\/\/catolicanet.net\/wp-cnet\/wp-json\/wp\/v2\/users\/1"}],"replies":[{"embeddable":true,"href":"https:\/\/catolicanet.net\/wp-cnet\/wp-json\/wp\/v2\/comments?post=68604"}],"version-history":[{"count":1,"href":"https:\/\/catolicanet.net\/wp-cnet\/wp-json\/wp\/v2\/posts\/68604\/revisions"}],"predecessor-version":[{"id":68606,"href":"https:\/\/catolicanet.net\/wp-cnet\/wp-json\/wp\/v2\/posts\/68604\/revisions\/68606"}],"wp:featuredmedia":[{"embeddable":true,"href":"https:\/\/catolicanet.net\/wp-cnet\/wp-json\/wp\/v2\/media\/68605"}],"wp:attachment":[{"href":"https:\/\/catolicanet.net\/wp-cnet\/wp-json\/wp\/v2\/media?parent=68604"}],"wp:term":[{"taxonomy":"category","embeddable":true,"href":"https:\/\/catolicanet.net\/wp-cnet\/wp-json\/wp\/v2\/categories?post=68604"},{"taxonomy":"post_tag","embeddable":true,"href":"https:\/\/catolicanet.net\/wp-cnet\/wp-json\/wp\/v2\/tags?post=68604"}],"curies":[{"name":"wp","href":"https:\/\/api.w.org\/{rel}","templated":true}]}}