{"id":68579,"date":"2021-07-07T09:18:46","date_gmt":"2021-07-07T12:18:46","guid":{"rendered":"https:\/\/catolicanet.net\/wp-cnet\/?p=68579"},"modified":"2021-07-07T14:21:13","modified_gmt":"2021-07-07T17:21:13","slug":"os-papas-e-o-hospital-gemelli-uma-ligacao-que-percorre-a-historia","status":"publish","type":"post","link":"https:\/\/catolicanet.net\/wp-cnet\/os-papas-e-o-hospital-gemelli-uma-ligacao-que-percorre-a-historia\/","title":{"rendered":"Os Papas e o Hospital Gemelli, uma liga\u00e7\u00e3o que percorre a hist\u00f3ria"},"content":{"rendered":"<figure class=\"article__image\"><span class=\"didascalia_img\">Est\u00e1tua de Jo\u00e3o Paulo II na entrada principal do Hospital Gemelli de Roma\u00a0<\/span><\/figure>\n<div class=\"article__meta\">\n<div class=\"article__subTitle\" style=\"text-align: justify;\">Francisco \u00e9 o segundo Pont\u00edfice, depois de S\u00e3o Jo\u00e3o Paulo II, a ser internado no Hospital Universit\u00e1rio, que foi sempre uma etapa de visitas dos Papas desde seus primeiros passos<\/div>\n<div class=\"title__separator\" style=\"text-align: justify;\"><\/div>\n<div class=\"article__text \">\n<p style=\"text-align: justify;\">Debora Donnini \u2013 Vatican News<\/p>\n<p style=\"text-align: justify;\">&#8220;Agrade\u00e7o a este &#8216;Vaticano n\u00famero tr\u00eas&#8217;, a este Hospital Gemelli por todo o bem que aqui encontrei, nos professores, nos m\u00e9dicos, nas irm\u00e3s e em todos os profissionais da sa\u00fade&#8221;. Papa Wojtyla explicava que o hospital tinha se tornado um &#8220;Vaticano n\u00famero tr\u00eas&#8221;, cunhando esta express\u00e3o e olhando pela janela de seu quarto do hospital, &#8220;porque o &#8216;Vaticano n\u00famero um&#8217; \u00e9 a Pra\u00e7a S\u00e3o Pedro&#8221; e &#8220;o n\u00famero dois \u00e9 Castel Gandolfo&#8221;. Quando Jo\u00e3o Paulo II pronunciou estas palavras, depois do Angelus de 13 de outubro de 1996, n\u00e3o era a primeira vez que tinha sido internado no hospital romano. A primeira vez tinha sido 15 anos antes, em 1981, quando foi levado em circunst\u00e2ncias dram\u00e1ticas ap\u00f3s o atentado na Pra\u00e7a S\u00e3o Pedro. Depois disso foi internado outras vezes, antes e depois de 1996.<\/p>\n<div style=\"text-align: justify;\">\n<div class=\"article__embed article__embed--unwrap article__embed--photo\">\n<figure><picture><img decoding=\"async\" class=\"loaded\" src=\"https:\/\/www.vaticannews.va\/content\/dam\/vaticannews\/multimedia\/2021\/07\/06\/19961013-GPII-Finestra-Gemelli-2.jpg\/_jcr_content\/renditions\/cq5dam.thumbnail.cropped.750.422.jpeg\" alt=\"Jo\u00e3o Paulo II na janela do Hospital Gemelli\" data-original=\"\/content\/dam\/vaticannews\/multimedia\/2021\/07\/06\/19961013-GPII-Finestra-Gemelli-2.jpg\/_jcr_content\/renditions\/cq5dam.thumbnail.cropped.750.422.jpeg\" data-was-processed=\"true\" \/><\/picture><\/figure>\n<div class=\"photo_embed--Title\">Jo\u00e3o Paulo II na janela do Hospital Gemelli<\/div>\n<\/div>\n<\/div>\n<p style=\"text-align: justify;\">De 1981 a 2005, com dez interna\u00e7\u00f5es e tr\u00eas consultas, marcam a &#8220;hist\u00f3ria&#8221; de S\u00e3o Jo\u00e3o Paulo II no Hospital Gemelli que est\u00e1 unido \u00e0 Universidade Cat\u00f3lica. Ele visitou o hospital em tr\u00eas ocasi\u00f5es: em 1984 quando celebrou a missa na pra\u00e7a em frente ao hospital pelo 25\u00b0 anivers\u00e1rio da morte do Padre Agostino Gemelli e pelo 20\u00b0 anivers\u00e1rio da funda\u00e7\u00e3o do hospital com o seu nome. Novamente, em 1988 aben\u00e7oou a nova unidade de Terapia intensiva card\u00edaca e em 2000, no audit\u00f3rio da Faculdade de Medicina de Roma, participou da inaugura\u00e7\u00e3o do ano acad\u00eamico 2000-2001 da Universidade Cat\u00f3lica.<\/p>\n<div style=\"text-align: justify;\">\n<div class=\"article__embed article__embed--unwrap article__embed--dark\">\n<div class=\"article__innerTitle\">Ou\u00e7a e compartilhe!<\/div>\n<div>\n<!--[if lt IE 9]><script>document.createElement('audio');<\/script><![endif]-->\n<audio class=\"wp-audio-shortcode\" id=\"audio-68579-1\" preload=\"none\" style=\"width: 100%;\" controls=\"controls\"><source type=\"audio\/mpeg\" src=\"https:\/\/media.vaticannews.va\/media\/audio\/s1\/2021\/07\/07\/12\/136109997_F136109997.mp3?_=1\" \/><a href=\"https:\/\/media.vaticannews.va\/media\/audio\/s1\/2021\/07\/07\/12\/136109997_F136109997.mp3\">https:\/\/media.vaticannews.va\/media\/audio\/s1\/2021\/07\/07\/12\/136109997_F136109997.mp3<\/a><\/audio>\n<\/div>\n<\/div>\n<\/div>\n<h2 style=\"text-align: justify;\"><b>Hist\u00f3ria<\/b><\/h2>\n<p style=\"text-align: justify;\">A liga\u00e7\u00e3o entre os Pont\u00edfices e o Hospital Gemelli se desenvolveu ao longo do tempo, tanto antes como depois do pontificado de Jo\u00e3o Paulo II. A hist\u00f3ria do Hospital Universit\u00e1rio Agostino Gemelli, um centro de excel\u00eancia em sa\u00fade, tem ra\u00edzes antigas. Foi quando Pio XI, em 1934, doou 37 hectares na colina de Monte Mario para a funda\u00e7\u00e3o da Faculdade de Medicina da Universidade Cat\u00f3lica do Sagrado Cora\u00e7\u00e3o. Em 1961 S\u00e3o Jo\u00e3o XXIII inaugurou a Faculdade de Medicina. Tr\u00eas anos mais tarde, o Hospital acolhia seus primeiros pacientes e foi oficialmente inaugurado em 10 de julho de 1964. Tamb\u00e9m foi visitado por Paulo VI e Bento XVI por\u00e9m n\u00e3o como pacientes. Em 17 de junho de 1976, por ocasi\u00e3o da festa de Corpus Christi, o Paulo VI celebrou a missa na pra\u00e7a em frente ao hospital, na sua homilia disse: &#8220;hoje vim a esta cidadela de estudos de sa\u00fade, de tratamentos pr\u00f3prios da ci\u00eancia m\u00e9dica, de sofrimentos humanos aqui reunidos na experi\u00eancia comum da dor humana e na esperan\u00e7a de encontrar em tudo isso sentido e rem\u00e9dio&#8221;.<\/p>\n<p style=\"text-align: justify;\">Ap\u00f3s sua elei\u00e7\u00e3o como Pont\u00edfice, Bento XVI, encontrou-se v\u00e1rias vezes com comunidade da Faculdade de Medicina e do Hospital Gemelli. Por exemplo, foi ao Hospital para visitar seu irm\u00e3o Georg hospitalizado, bem como para a inaugura\u00e7\u00e3o do ano acad\u00eamico 2005-2006 da Universidade Cat\u00f3lica, no audit\u00f3rio da Faculdade de Medicina.<\/p>\n<p style=\"text-align: justify;\">Agora o Papa Francisco \u00e9 o segundo Pont\u00edfice a ser internado no Hospital Gemelli. O Papa foi internado no domingo passado (04\/07) para uma cirurgia programada no c\u00f3lon. &#8220;O per\u00edodo p\u00f3s-operat\u00f3rio \u00e9 regular. Os exames de controle de rotina s\u00e3o bons&#8221;, afirmou o diretor da Sala de Imprensa do Vaticano, Matteo Bruni, na manh\u00e3 de ter\u00e7a-feira 06\/07. Uma parte do d\u00e9cimo andar, o mesmo andar onde Jo\u00e3o Paulo II foi internado, est\u00e1 reservada para o Papa. A hist\u00f3ria que liga Jo\u00e3o Paulo II a este hospital \u00e9 tamb\u00e9m testemunhada &#8220;visualmente&#8221; pela sua est\u00e1tua, de m\u00e1rmore Carrara realizada pelo escultor toscano Stefano Pierotti colocada na pra\u00e7a em frente \u00e0 entrada principal do hospital desde 2009.<\/p>\n<\/div>\n<\/div>\n","protected":false},"excerpt":{"rendered":"<p>Est\u00e1tua de Jo\u00e3o Paulo II na entrada principal do Hospital Gemelli de Roma\u00a0 Francisco \u00e9 o segundo Pont\u00edfice, depois de S\u00e3o Jo\u00e3o Paulo II, a ser internado no Hospital Universit\u00e1rio, que foi sempre uma etapa de visitas dos Papas desde seus primeiros passos Debora Donnini \u2013 Vatican News &#8220;Agrade\u00e7o a este &#8216;Vaticano n\u00famero tr\u00eas&#8217;, a [&hellip;]<\/p>\n","protected":false},"author":1,"featured_media":68580,"comment_status":"open","ping_status":"closed","sticky":false,"template":"","format":"standard","meta":{"footnotes":""},"categories":[3],"tags":[],"class_list":["post-68579","post","type-post","status-publish","format-standard","has-post-thumbnail","hentry","category-vaticano"],"_links":{"self":[{"href":"https:\/\/catolicanet.net\/wp-cnet\/wp-json\/wp\/v2\/posts\/68579","targetHints":{"allow":["GET"]}}],"collection":[{"href":"https:\/\/catolicanet.net\/wp-cnet\/wp-json\/wp\/v2\/posts"}],"about":[{"href":"https:\/\/catolicanet.net\/wp-cnet\/wp-json\/wp\/v2\/types\/post"}],"author":[{"embeddable":true,"href":"https:\/\/catolicanet.net\/wp-cnet\/wp-json\/wp\/v2\/users\/1"}],"replies":[{"embeddable":true,"href":"https:\/\/catolicanet.net\/wp-cnet\/wp-json\/wp\/v2\/comments?post=68579"}],"version-history":[{"count":2,"href":"https:\/\/catolicanet.net\/wp-cnet\/wp-json\/wp\/v2\/posts\/68579\/revisions"}],"predecessor-version":[{"id":68582,"href":"https:\/\/catolicanet.net\/wp-cnet\/wp-json\/wp\/v2\/posts\/68579\/revisions\/68582"}],"wp:featuredmedia":[{"embeddable":true,"href":"https:\/\/catolicanet.net\/wp-cnet\/wp-json\/wp\/v2\/media\/68580"}],"wp:attachment":[{"href":"https:\/\/catolicanet.net\/wp-cnet\/wp-json\/wp\/v2\/media?parent=68579"}],"wp:term":[{"taxonomy":"category","embeddable":true,"href":"https:\/\/catolicanet.net\/wp-cnet\/wp-json\/wp\/v2\/categories?post=68579"},{"taxonomy":"post_tag","embeddable":true,"href":"https:\/\/catolicanet.net\/wp-cnet\/wp-json\/wp\/v2\/tags?post=68579"}],"curies":[{"name":"wp","href":"https:\/\/api.w.org\/{rel}","templated":true}]}}