{"id":68560,"date":"2021-07-05T14:53:06","date_gmt":"2021-07-05T17:53:06","guid":{"rendered":"https:\/\/catolicanet.net\/wp-cnet\/?p=68560"},"modified":"2021-07-06T14:54:12","modified_gmt":"2021-07-06T17:54:12","slug":"oracao-pela-paz-no-libano","status":"publish","type":"post","link":"https:\/\/catolicanet.net\/wp-cnet\/oracao-pela-paz-no-libano\/","title":{"rendered":"Ora\u00e7\u00e3o pela paz no L\u00edbano"},"content":{"rendered":"<p style=\"text-align: justify;\">No dia 1\u00ba de julho, quinta-feira passada, o Papa Francisco convidou os l\u00edderes religiosos presentes no L\u00edbano para um momento da Ora\u00e7\u00e3o Ecum\u00eanica pela paz naquele pa\u00eds. Al\u00e9m de ser marcado por diversos atos de viol\u00eancia e guerras, o L\u00edbano tamb\u00e9m sofreu muito com a pandemia da Covid-19. Diante desse cen\u00e1rio em que se encontra aquele pa\u00eds, o Papa achou por bem promover esse momento no in\u00edcio do m\u00eas de julho, convidando aos crist\u00e3os do mundo inteiro a voltar os olhos para esse povo sofrido.<\/p>\n<p style=\"text-align: justify;\">O dia de ora\u00e7\u00f5es pelo L\u00edbano foi criado no ano passado pelo Papa Francisco, ap\u00f3s a explos\u00e3o de uma \u00e1rea do porto de Beirute, em 4 de agosto, que provocou a morte de cerca de 220 pessoas e deixou mais de sete mil feridos, al\u00e9m de danos estruturais de mais de US$ 15 bilh\u00f5es. Ap\u00f3s o incidente, o pa\u00eds ficou sem governo e, ap\u00f3s tentativas frustradas, Saad Hariri foi reconduzido ao cargo de primeiro-ministro. Mas a situa\u00e7\u00e3o continua inst\u00e1vel.<\/p>\n<p style=\"text-align: justify;\">Por diversas vezes, o Papa Francisco mostrou o desejo de visitar o pa\u00eds, mas a pandemia da Covid-19 n\u00e3o permitiu ainda o deslocamento por quest\u00f5es sanit\u00e1rias, mas t\u00e3o logo a pandemia cessar, Francisco pretende visitar o pa\u00eds.<\/p>\n<p style=\"text-align: justify;\">Na ora\u00e7\u00e3o do Angelus na \u00faltima ter\u00e7a-feira (29), na Pra\u00e7a de S\u00e3o Pedro, o Papa convidou os fi\u00e9is ali presentes para que se reunissem ali novamente, na quinta-feira, dia 1\u00ba, para se unirem em ora\u00e7\u00e3o por aquela na\u00e7\u00e3o. O Papa aproveita a oportunidade em que os l\u00edderes das Igrejas presentes no L\u00edbano estavam no Vaticano para rezar, dialogar e refletir sobre o futuro daquela terra.<\/p>\n<p style=\"text-align: justify;\">O Papa cita um trecho do livro de Jeremias para convidar a todos os fi\u00e9is a rezarem pelo L\u00edbano. Ele pede que todos os fi\u00e9is se unam espiritualmente a ele e aos religiosos presentes no pa\u00eds dos cedros, para que possa ser constru\u00edda uma cultura de paz. Que todos que moram l\u00e1 naquelas terras possam se encher de esperan\u00e7a de que brevemente atravessar\u00e3o aquela grave crise em que o pa\u00eds se encontra. \u201c<em>O Senhor Deus tem planos de paz\u201d (Jr 29,11).<\/em><\/p>\n<p style=\"text-align: justify;\">Essa quinta-feira, al\u00e9m de ser marcada pela ora\u00e7\u00e3o pedindo a paz no L\u00edbano, teve outras a\u00e7\u00f5es bem significativas. Come\u00e7ando com a prociss\u00e3o do Papa Francisco em dire\u00e7\u00e3o \u00e0 Bas\u00edlica de S\u00e3o Pedro, junto a representantes da Igreja Ortodoxa e Cat\u00f3lica, presentes com diferentes ritos e tradi\u00e7\u00f5es e de v\u00e1rias comunidades eclesiais nascidas da reforma. O Papa, junto com todos eles, desceram os degraus da confiss\u00e3o do ap\u00f3stolo Pedro e cada um colocou uma vela como sinal da ora\u00e7\u00e3o, pedindo a intercess\u00e3o do ap\u00f3stolo por todos os povos, em especial, o L\u00edbano. Que por meio dessa vela acesa que representa a Luz de Cristo, o mundo possa ser iluminado pela paz que s\u00f3 Ele \u00e9 capaz de oferecer.<\/p>\n<p style=\"text-align: justify;\">Ap\u00f3s esse momento, houve uma mesa redonda moderada pelo n\u00fancio apost\u00f3lico Joseph Spiteri, com os dez l\u00edderes das comunidades crist\u00e3s. No final do dia houve uma ora\u00e7\u00e3o ecum\u00eanica na Bas\u00edlica, incluindo algumas passagens da Palavra de Deus, alternadas com ora\u00e7\u00f5es e cantos das diferentes tradi\u00e7\u00f5es rituais presentes no L\u00edbano, como textos em \u00e1rabe, aramaico, sir\u00edaco, arm\u00eanio e caldeu, al\u00e9m do italiano. Ao t\u00e9rmino da celebra\u00e7\u00e3o, alguns jovens entregaram l\u00e2mpadas acesas que foram colocadas num candelabro. Essas l\u00e2mpadas acesas s\u00e3o um sinal da esperan\u00e7a de paz e que atrav\u00e9s dos mais jovens essa paz poder\u00e1 ser semeada. A nova gera\u00e7\u00e3o, a partir dos mais jovens, s\u00e3o a esperan\u00e7a do mundo rumo \u00e0 constru\u00e7\u00e3o do caminho de paz.<\/p>\n<p style=\"text-align: justify;\">A Igreja deve atender o pedido de Jesus, de levar a paz a todos os povos, e deve ser sinal de esperan\u00e7a para todos os povos. A Igreja reza e envia mission\u00e1rios ao L\u00edbano para que, atrav\u00e9s do an\u00fancio do evangelho de Jesus Cristo, possa-se ser implantado um reino de amor e de paz como era o seu desejo.<\/p>\n<p style=\"text-align: justify;\">Rezemos pela paz no L\u00edbano, pela paz na S\u00edria e em todos os lugares que necessitam de paz e amor. Rezemos, ainda, pelo fim da pandemia da Covid-19, que todas as pessoas possam ser vacinadas o mais breve poss\u00edvel e essa doen\u00e7a, erradicada. Que Deus conforte o cora\u00e7\u00e3o de todas as fam\u00edlias que perderam os seus entes queridos e lhes d\u00ea o conforto da f\u00e9.<\/p>\n<p style=\"text-align: justify;\">Que Deus aben\u00e7oe todos os povos da terra e que o Esp\u00edrito Santo infunda em todas as pessoas do mundo o desejo da paz. Que todos os povos da terra se unam num \u00fanico desejo, que \u00e9 amar o pr\u00f3ximo com a si mesmos. Am\u00e9m.<\/p>\n","protected":false},"excerpt":{"rendered":"<p>No dia 1\u00ba de julho, quinta-feira passada, o Papa Francisco convidou os l\u00edderes religiosos presentes no L\u00edbano para um momento da Ora\u00e7\u00e3o Ecum\u00eanica pela paz naquele pa\u00eds. Al\u00e9m de ser marcado por diversos atos de viol\u00eancia e guerras, o L\u00edbano tamb\u00e9m sofreu muito com a pandemia da Covid-19. Diante desse cen\u00e1rio em que se encontra [&hellip;]<\/p>\n","protected":false},"author":5,"featured_media":55819,"comment_status":"open","ping_status":"closed","sticky":false,"template":"","format":"standard","meta":{"footnotes":""},"categories":[9],"tags":[],"class_list":["post-68560","post","type-post","status-publish","format-standard","has-post-thumbnail","hentry","category-artigos"],"_links":{"self":[{"href":"https:\/\/catolicanet.net\/wp-cnet\/wp-json\/wp\/v2\/posts\/68560","targetHints":{"allow":["GET"]}}],"collection":[{"href":"https:\/\/catolicanet.net\/wp-cnet\/wp-json\/wp\/v2\/posts"}],"about":[{"href":"https:\/\/catolicanet.net\/wp-cnet\/wp-json\/wp\/v2\/types\/post"}],"author":[{"embeddable":true,"href":"https:\/\/catolicanet.net\/wp-cnet\/wp-json\/wp\/v2\/users\/5"}],"replies":[{"embeddable":true,"href":"https:\/\/catolicanet.net\/wp-cnet\/wp-json\/wp\/v2\/comments?post=68560"}],"version-history":[{"count":1,"href":"https:\/\/catolicanet.net\/wp-cnet\/wp-json\/wp\/v2\/posts\/68560\/revisions"}],"predecessor-version":[{"id":68561,"href":"https:\/\/catolicanet.net\/wp-cnet\/wp-json\/wp\/v2\/posts\/68560\/revisions\/68561"}],"wp:featuredmedia":[{"embeddable":true,"href":"https:\/\/catolicanet.net\/wp-cnet\/wp-json\/wp\/v2\/media\/55819"}],"wp:attachment":[{"href":"https:\/\/catolicanet.net\/wp-cnet\/wp-json\/wp\/v2\/media?parent=68560"}],"wp:term":[{"taxonomy":"category","embeddable":true,"href":"https:\/\/catolicanet.net\/wp-cnet\/wp-json\/wp\/v2\/categories?post=68560"},{"taxonomy":"post_tag","embeddable":true,"href":"https:\/\/catolicanet.net\/wp-cnet\/wp-json\/wp\/v2\/tags?post=68560"}],"curies":[{"name":"wp","href":"https:\/\/api.w.org\/{rel}","templated":true}]}}