{"id":68540,"date":"2021-07-06T09:22:10","date_gmt":"2021-07-06T12:22:10","guid":{"rendered":"https:\/\/catolicanet.net\/wp-cnet\/?p=68540"},"modified":"2021-07-06T14:23:13","modified_gmt":"2021-07-06T17:23:13","slug":"centro-cultural-missionario-ccm-oferece-curso-sobre-a-obra-lucana","status":"publish","type":"post","link":"https:\/\/catolicanet.net\/wp-cnet\/centro-cultural-missionario-ccm-oferece-curso-sobre-a-obra-lucana\/","title":{"rendered":"CENTRO CULTURAL MISSION\u00c1RIO (CCM) OFERECE CURSO SOBRE A OBRA LUCANA"},"content":{"rendered":"<p style=\"text-align: justify;\">De 5 a 9 de julho, o Centro Cultural Mission\u00e1rio (CCM) realiza o curso\u00a0<strong>\u201cComunidades Mission\u00e1rias na Obra Lucana\u201d<\/strong>, com a assessoria da irm\u00e3 Izabel Patuzzo, da Comiss\u00e3o para a Anima\u00e7\u00e3o B\u00edblico-Catequ\u00e9tica da CNBB. O curso traz uma reflex\u00e3o b\u00edblica a lideran\u00e7as de comunidades interessadas em aprofundarem-se na obra lucana (Evangelho de Lucas e Atos dos Ap\u00f3stolos). Os conte\u00fados a serem tratados t\u00eam como objetivo evidenciar a unidade entre os dois escritos de Lucas.<\/p>\n<p style=\"text-align: justify;\">O curso tamb\u00e9m busca compreender as dimens\u00f5es teol\u00f3gicas e mission\u00e1rias na obra lucana (Evangelho de Lucas e Atos dos Ap\u00f3stolos), al\u00e9m de proporcionar um olhar para a reflex\u00e3o teol\u00f3gica em uma perspectiva mission\u00e1ria e favorecer um di\u00e1logo que possibilite a compreens\u00e3o do discipulado mission\u00e1rio t\u00e3o caracter\u00edstico da obra lucana (Evangelho de Lucas e Atos dos Ap\u00f3stolos).<\/p>\n<p style=\"text-align: justify;\">Est\u00e3o inscritos lideran\u00e7as das diversas pastorais e movimentos interessadas em aprofundar a Palavra de Deus, catequistas, participantes dos Conselhos Mission\u00e1rios, seminaristas, consagrados, ministros ordenados, religiosos (as), membros de institutos e novas comunidades.<\/p>\n<p style=\"text-align: justify;\">Durante a semana, os alunos estudar\u00e3o a unidade liter\u00e1ria do Terceiro Evangelho e Atos dos Ap\u00f3stolos; o contexto hist\u00f3rico e liter\u00e1rio da obra lucana; a intertextualidade de Lucas e Deutero-Isa\u00edas; o Discipulado Mission\u00e1rio na Obra Lucana e as Comunidades mission\u00e1rias que nascem a partir da Miss\u00e3o de Paulo e seus colaboradores.<\/p>\n<h3 style=\"text-align: justify;\"><strong>Pr\u00f3ximos cursos<\/strong><\/h3>\n<div>\n<p style=\"text-align: justify;\">J\u00e1 de 2 a 6 de agosto, haver\u00e1 o curso\u00a0<strong>\u201cCatequese e Miss\u00e3o na Inicia\u00e7\u00e3o \u00e0 Vida Crist\u00e3\u201d<\/strong>, com assessoria dos padres Daniel Luz Rocchetti, da Comiss\u00e3o para A\u00e7\u00e3o Mission\u00e1ria e Coopera\u00e7\u00e3o Intereclesial da CNBB e o J\u00e2nison de S\u00e1 Santos, da Comiss\u00e3o Episcopal Pastoral para a Anima\u00e7\u00e3o B\u00edblico-Catequ\u00e9tica da CNBB. O objetivo do curso \u00e9 estabelecer maior intera\u00e7\u00e3o entre miss\u00e3o e catequese. Para tanto, procura aprofundar o conceito de catequese e miss\u00e3o a partir dos documentos eclesiais e tamb\u00e9m da pr\u00e1tica pastoral concreta. Ao mesmo tempo, procura indicar caminhos para uma catequese sempre mais evangelizadora e mission\u00e1ria e uma teologia da miss\u00e3o bem integrada com a catequese \u00e0 servi\u00e7o da inicia\u00e7\u00e3o a vida crist\u00e3.<\/p>\n<p style=\"text-align: justify;\">Inscreva-se (<a href=\"https:\/\/www.ccm.org.br\/encontro-comidis-2016\/\" target=\"_blank\" rel=\"noopener\">AQUI<\/a>).<\/p>\n<\/div>\n","protected":false},"excerpt":{"rendered":"<p>De 5 a 9 de julho, o Centro Cultural Mission\u00e1rio (CCM) realiza o curso\u00a0\u201cComunidades Mission\u00e1rias na Obra Lucana\u201d, com a assessoria da irm\u00e3 Izabel Patuzzo, da Comiss\u00e3o para a Anima\u00e7\u00e3o B\u00edblico-Catequ\u00e9tica da CNBB. O curso traz uma reflex\u00e3o b\u00edblica a lideran\u00e7as de comunidades interessadas em aprofundarem-se na obra lucana (Evangelho de Lucas e Atos dos [&hellip;]<\/p>\n","protected":false},"author":1,"featured_media":68541,"comment_status":"open","ping_status":"closed","sticky":false,"template":"","format":"standard","meta":{"footnotes":""},"categories":[7,13],"tags":[],"class_list":["post-68540","post","type-post","status-publish","format-standard","has-post-thumbnail","hentry","category-cnbb","category-featured"],"_links":{"self":[{"href":"https:\/\/catolicanet.net\/wp-cnet\/wp-json\/wp\/v2\/posts\/68540","targetHints":{"allow":["GET"]}}],"collection":[{"href":"https:\/\/catolicanet.net\/wp-cnet\/wp-json\/wp\/v2\/posts"}],"about":[{"href":"https:\/\/catolicanet.net\/wp-cnet\/wp-json\/wp\/v2\/types\/post"}],"author":[{"embeddable":true,"href":"https:\/\/catolicanet.net\/wp-cnet\/wp-json\/wp\/v2\/users\/1"}],"replies":[{"embeddable":true,"href":"https:\/\/catolicanet.net\/wp-cnet\/wp-json\/wp\/v2\/comments?post=68540"}],"version-history":[{"count":1,"href":"https:\/\/catolicanet.net\/wp-cnet\/wp-json\/wp\/v2\/posts\/68540\/revisions"}],"predecessor-version":[{"id":68542,"href":"https:\/\/catolicanet.net\/wp-cnet\/wp-json\/wp\/v2\/posts\/68540\/revisions\/68542"}],"wp:featuredmedia":[{"embeddable":true,"href":"https:\/\/catolicanet.net\/wp-cnet\/wp-json\/wp\/v2\/media\/68541"}],"wp:attachment":[{"href":"https:\/\/catolicanet.net\/wp-cnet\/wp-json\/wp\/v2\/media?parent=68540"}],"wp:term":[{"taxonomy":"category","embeddable":true,"href":"https:\/\/catolicanet.net\/wp-cnet\/wp-json\/wp\/v2\/categories?post=68540"},{"taxonomy":"post_tag","embeddable":true,"href":"https:\/\/catolicanet.net\/wp-cnet\/wp-json\/wp\/v2\/tags?post=68540"}],"curies":[{"name":"wp","href":"https:\/\/api.w.org\/{rel}","templated":true}]}}