{"id":68531,"date":"2021-07-06T09:09:38","date_gmt":"2021-07-06T12:09:38","guid":{"rendered":"https:\/\/catolicanet.net\/wp-cnet\/?p=68531"},"modified":"2021-07-06T14:12:42","modified_gmt":"2021-07-06T17:12:42","slug":"papa-no-hospital-gemelli-recuperacao-regular-cafe-da-manha-e-caminhada","status":"publish","type":"post","link":"https:\/\/catolicanet.net\/wp-cnet\/papa-no-hospital-gemelli-recuperacao-regular-cafe-da-manha-e-caminhada\/","title":{"rendered":"Papa no Hospital Gemelli, recupera\u00e7\u00e3o regular: caf\u00e9 da manh\u00e3 e caminhada"},"content":{"rendered":"<figure class=\"article__image\" style=\"text-align: justify;\"><span class=\"didascalia_img\">Papa Francisco sofreu uma cirurgia no c\u00f3lon\u00a0 (ANSA)<\/span><\/figure>\n<div class=\"article__meta\">\n<div class=\"article__subTitle\" style=\"text-align: justify;\">O boletim de 6 de julho: Francisco repousou bem durante a noite e esta manh\u00e3 leu alguns jornais. Os resultados dos exames de controle de rotina s\u00e3o bons.<\/div>\n<div class=\"title__separator\" style=\"text-align: justify;\"><\/div>\n<div class=\"article__text \">\n<p style=\"text-align: justify;\"><b>VATICAN NEWS<\/b><\/p>\n<p style=\"text-align: justify;\">A convalesc\u00eancia do Papa segue regularmente, segundo o diretor da Sala de Imprensa da Santa S\u00e9, Matteo Bruni. Francisco foi internado domingo \u00e0 tarde no Hospital Gemelli de Roma para uma opera\u00e7\u00e3o no c\u00f3lon.<\/p>\n<p style=\"text-align: justify;\">\u201cSua Santidade Papa Francisco \u2013 l\u00ea-se no comunicado \u2013 repousou bem durante a noite. Ao acordar, tomou caf\u00e9 da manh\u00e3, leu alguns jornais e se levantou para caminhar.\u201d<\/p>\n<p style=\"text-align: justify;\">\u201cO per\u00edodo p\u00f3s-operat\u00f3rio \u00e9 regular. Os exames de controle de rotina s\u00e3o bons\u201d \u2013 acrescentou Bruni com base nas indica\u00e7\u00f5es dos m\u00e9dicos que cuidam do Pont\u00edfice.\u201d<\/p>\n<\/div>\n<\/div>\n","protected":false},"excerpt":{"rendered":"<p>Papa Francisco sofreu uma cirurgia no c\u00f3lon\u00a0 (ANSA) O boletim de 6 de julho: Francisco repousou bem durante a noite e esta manh\u00e3 leu alguns jornais. Os resultados dos exames de controle de rotina s\u00e3o bons. VATICAN NEWS A convalesc\u00eancia do Papa segue regularmente, segundo o diretor da Sala de Imprensa da Santa S\u00e9, Matteo [&hellip;]<\/p>\n","protected":false},"author":1,"featured_media":68532,"comment_status":"open","ping_status":"closed","sticky":false,"template":"","format":"standard","meta":{"footnotes":""},"categories":[13,3],"tags":[],"class_list":["post-68531","post","type-post","status-publish","format-standard","has-post-thumbnail","hentry","category-featured","category-vaticano"],"_links":{"self":[{"href":"https:\/\/catolicanet.net\/wp-cnet\/wp-json\/wp\/v2\/posts\/68531","targetHints":{"allow":["GET"]}}],"collection":[{"href":"https:\/\/catolicanet.net\/wp-cnet\/wp-json\/wp\/v2\/posts"}],"about":[{"href":"https:\/\/catolicanet.net\/wp-cnet\/wp-json\/wp\/v2\/types\/post"}],"author":[{"embeddable":true,"href":"https:\/\/catolicanet.net\/wp-cnet\/wp-json\/wp\/v2\/users\/1"}],"replies":[{"embeddable":true,"href":"https:\/\/catolicanet.net\/wp-cnet\/wp-json\/wp\/v2\/comments?post=68531"}],"version-history":[{"count":1,"href":"https:\/\/catolicanet.net\/wp-cnet\/wp-json\/wp\/v2\/posts\/68531\/revisions"}],"predecessor-version":[{"id":68533,"href":"https:\/\/catolicanet.net\/wp-cnet\/wp-json\/wp\/v2\/posts\/68531\/revisions\/68533"}],"wp:featuredmedia":[{"embeddable":true,"href":"https:\/\/catolicanet.net\/wp-cnet\/wp-json\/wp\/v2\/media\/68532"}],"wp:attachment":[{"href":"https:\/\/catolicanet.net\/wp-cnet\/wp-json\/wp\/v2\/media?parent=68531"}],"wp:term":[{"taxonomy":"category","embeddable":true,"href":"https:\/\/catolicanet.net\/wp-cnet\/wp-json\/wp\/v2\/categories?post=68531"},{"taxonomy":"post_tag","embeddable":true,"href":"https:\/\/catolicanet.net\/wp-cnet\/wp-json\/wp\/v2\/tags?post=68531"}],"curies":[{"name":"wp","href":"https:\/\/api.w.org\/{rel}","templated":true}]}}