{"id":68527,"date":"2021-07-05T09:45:27","date_gmt":"2021-07-05T12:45:27","guid":{"rendered":"https:\/\/catolicanet.net\/wp-cnet\/?p=68527"},"modified":"2021-07-05T13:47:09","modified_gmt":"2021-07-05T16:47:09","slug":"quando-um-beijo-se-torna-uma-oracao","status":"publish","type":"post","link":"https:\/\/catolicanet.net\/wp-cnet\/quando-um-beijo-se-torna-uma-oracao\/","title":{"rendered":"Quando um beijo se torna uma ora\u00e7\u00e3o"},"content":{"rendered":"<h2 class=\"subtitle\" style=\"text-align: justify;\">Nos momentos em que a vida nos deixa sem palavras ou simplesmente cansados, a ora\u00e7\u00e3o pode ser algo t\u00e3o simples como um beijo no crucifixo<\/h2>\n<p style=\"text-align: justify;\">Certa noite, sentei-me no sof\u00e1 para tentar rezar o Ter\u00e7o.\u00a0Mas eu estava t\u00e3o exausta por ter passado o dia cuidando de meus sete filhos, que beijei o min\u00fasculo crucifixo e desfrutei de um momento de sil\u00eancio. Estava cansada demais para uma\u00a0<em>Ave-Maria<\/em>\u00a0sequer.<\/p>\n<p style=\"text-align: justify;\">Meu marido entrou na sala e disse:<\/p>\n<div style=\"text-align: justify;\"><\/div>\n<p style=\"text-align: justify;\">\u2013 Sei que voc\u00ea queria conversar, mas estou exausto.<\/p>\n<p style=\"text-align: justify;\">Eu respondi:<\/p>\n<p style=\"text-align: justify;\">\u2013 N\u00e3o tem problema.\u00a0Acabei de dizer a Jesus a mesma coisa.<\/p>\n<div class=\"nativo-inread\" style=\"text-align: justify;\"><\/div>\n<p style=\"text-align: justify;\">Quando estava caindo no sono, refleti sobre um caminho familiar e arborizado que j\u00e1 percorri in\u00fameras vezes com meu marido nestes 20 anos.\u00a0Noites escuras em que ficamos de m\u00e3os dadas por quil\u00f4metros sem dizer uma palavra.\u00a0E depois de algumas d\u00e9cadas de casamento, acabei encontrando descanso em nosso estilo de comunica\u00e7\u00e3o discreto e muitas vezes silencioso \u2013 conversas baseadas em nada.<\/p>\n<h3 id=\"h-a-for-a-do-sil-ncio\" style=\"text-align: justify;\">A for\u00e7a do sil\u00eancio<\/h3>\n<p style=\"text-align: justify;\">Quando duas pessoas se conhecem bem, elas n\u00e3o precisam conversar.\u00a0Pelo menos nem sempre.\u00a0Muitas vezes, podemos simplesmente permanecer lado a lado.\u00a0Ent\u00e3o, por que as coisas deveriam ser diferentes com meu \u00danico e Verdadeiro C\u00f4njuge?<\/p>\n<div style=\"text-align: justify;\">\n<div id=\"article-desk-content-p6-ad_2021_07_05_quando-um-beijo-se-torna-uma-oracao\" class=\"css-y9mcup\" data-google-query-id=\"CMrJ8cewzPECFe0FuQYdTmcNXA\">\n<div id=\"google_ads_iframe_64500793\/PT_DESK_ARTICLE_WELCOME_1X1_1__container__\"><\/div>\n<\/div>\n<\/div>\n<p style=\"text-align: justify;\">O cardeal Robert Sarah preza tanto o tempo de sil\u00eancio com Nosso Senhor, que escreveu um livro inteiro sobre isso \u2013\u00a0\u201c<a href=\"https:\/\/www.amazon.com.br\/for%C3%A7a-sil%C3%AAncio-Contra-ditadura-ru%C3%ADdo\/dp\/8563042505\/ref=asc_df_8563042505\/?tag=googleshopp00-20&amp;linkCode=df0&amp;hvadid=379727701162&amp;hvpos=&amp;hvnetw=g&amp;hvrand=7970696976696145512&amp;hvpone=&amp;hvptwo=&amp;hvqmt=&amp;hvdev=c&amp;hvdvcmdl=&amp;hvlocint=&amp;hvlocphy=1001771&amp;hvtargid=pla-809230070347&amp;psc=1\" target=\"_blank\" rel=\"noreferrer noopener\">A For\u00e7a do Sil\u00eancio<\/a>\u201d -, no qual se refere ao barulho constante de nossa cultura como uma forma de ditadura. Ele escreve: \u201cAtrav\u00e9s do sil\u00eancio, voltamos \u00e0 nossa origem celestial, onde n\u00e3o h\u00e1 nada al\u00e9m de calma, paz, repouso, contempla\u00e7\u00e3o silenciosa e adora\u00e7\u00e3o do rosto radiante de Deus\u201d.<\/p>\n<p style=\"text-align: justify;\">O Papa Francisco fez recentemente um discurso sobre\u00a0<a href=\"https:\/\/www.vatican.va\/content\/francesco\/pt\/audiences\/2021\/documents\/papa-francesco_20210505_udienza-generale.html\" target=\"_blank\" rel=\"noreferrer noopener\">a ora\u00e7\u00e3o contemplativa<\/a>.\u00a0Ele citou o Cura d\u2019Ars, que disse a famosa frase de Cristo:\u00a0<strong>\u201cEu olho para Ele, e Ele olha para mim \u2026 a ora\u00e7\u00e3o n\u00e3o precisa de muitas palavras.\u00a0Um olhar \u00e9 o suficiente. \u201d\u00a0\u00a0<\/strong><\/p>\n<h3 id=\"h-a-f-tamb-m-f-sica\" style=\"text-align: justify;\">A f\u00e9 tamb\u00e9m \u00e9 f\u00edsica<\/h3>\n<p style=\"text-align: justify;\">Todos esses sentimentos ecoam as observa\u00e7\u00f5es de S\u00e3o Jo\u00e3o sobre a encarna\u00e7\u00e3o: \u201cO Verbo se fez carne e habitou entre n\u00f3s\u201d. O vers\u00edculo nos lembra que Cristo veio para estar conosco em um\u00a0<em>corpo<\/em>, que nossa f\u00e9 \u00e9\u00a0<em>f\u00edsica,<\/em>\u00a0n\u00e3o apenas intelectual ou o popular \u201cespiritual, mas n\u00e3o religioso\u201d.\u00a0E esse aspecto f\u00edsico pode ser extremamente \u00fatil.\u00a0\u00c9 por isso que n\u00f3s, cat\u00f3licos, constru\u00edmos descaradamente belas igrejas cheias de vitrais e est\u00e1tuas.<\/p>\n<p style=\"text-align: justify;\">\u00a0\u00c9 por isso que nuvens de incenso fazem c\u00f3cegas em nossos sentidos quando nos ajoelhamos diante de altares de pedra enquanto somos borrifados com \u00e1gua benta.<\/p>\n<p style=\"text-align: justify;\">De fato, ao fazermos o sinal da cruz, oferecemos uma ora\u00e7\u00e3o f\u00edsica, invocando a Sant\u00edssima Trindade.\u00a0E quando a vida nos deixa sem palavras ou simplesmente cansados, a ora\u00e7\u00e3o pode ser algo t\u00e3o simples como ajoelhar-nos \u00e0 sombra de nosso Amado ou olhar para um crucifixo, oferecendo um pequeno beijo.<\/p>\n","protected":false},"excerpt":{"rendered":"<p>Nos momentos em que a vida nos deixa sem palavras ou simplesmente cansados, a ora\u00e7\u00e3o pode ser algo t\u00e3o simples como um beijo no crucifixo Certa noite, sentei-me no sof\u00e1 para tentar rezar o Ter\u00e7o.\u00a0Mas eu estava t\u00e3o exausta por ter passado o dia cuidando de meus sete filhos, que beijei o min\u00fasculo crucifixo e [&hellip;]<\/p>\n","protected":false},"author":1,"featured_media":68528,"comment_status":"open","ping_status":"closed","sticky":false,"template":"","format":"standard","meta":{"footnotes":""},"categories":[4],"tags":[],"class_list":["post-68527","post","type-post","status-publish","format-standard","has-post-thumbnail","hentry","category-cotidiano"],"_links":{"self":[{"href":"https:\/\/catolicanet.net\/wp-cnet\/wp-json\/wp\/v2\/posts\/68527","targetHints":{"allow":["GET"]}}],"collection":[{"href":"https:\/\/catolicanet.net\/wp-cnet\/wp-json\/wp\/v2\/posts"}],"about":[{"href":"https:\/\/catolicanet.net\/wp-cnet\/wp-json\/wp\/v2\/types\/post"}],"author":[{"embeddable":true,"href":"https:\/\/catolicanet.net\/wp-cnet\/wp-json\/wp\/v2\/users\/1"}],"replies":[{"embeddable":true,"href":"https:\/\/catolicanet.net\/wp-cnet\/wp-json\/wp\/v2\/comments?post=68527"}],"version-history":[{"count":1,"href":"https:\/\/catolicanet.net\/wp-cnet\/wp-json\/wp\/v2\/posts\/68527\/revisions"}],"predecessor-version":[{"id":68529,"href":"https:\/\/catolicanet.net\/wp-cnet\/wp-json\/wp\/v2\/posts\/68527\/revisions\/68529"}],"wp:featuredmedia":[{"embeddable":true,"href":"https:\/\/catolicanet.net\/wp-cnet\/wp-json\/wp\/v2\/media\/68528"}],"wp:attachment":[{"href":"https:\/\/catolicanet.net\/wp-cnet\/wp-json\/wp\/v2\/media?parent=68527"}],"wp:term":[{"taxonomy":"category","embeddable":true,"href":"https:\/\/catolicanet.net\/wp-cnet\/wp-json\/wp\/v2\/categories?post=68527"},{"taxonomy":"post_tag","embeddable":true,"href":"https:\/\/catolicanet.net\/wp-cnet\/wp-json\/wp\/v2\/tags?post=68527"}],"curies":[{"name":"wp","href":"https:\/\/api.w.org\/{rel}","templated":true}]}}