{"id":68515,"date":"2021-07-05T09:31:35","date_gmt":"2021-07-05T12:31:35","guid":{"rendered":"https:\/\/catolicanet.net\/wp-cnet\/?p=68515"},"modified":"2021-07-05T13:33:12","modified_gmt":"2021-07-05T16:33:12","slug":"regional-nordeste-2-tera-novena-de-natal-inspirada-no-ano-de-sao-jose-e-com-novidades-para-os-grupos-de-reflexao","status":"publish","type":"post","link":"https:\/\/catolicanet.net\/wp-cnet\/regional-nordeste-2-tera-novena-de-natal-inspirada-no-ano-de-sao-jose-e-com-novidades-para-os-grupos-de-reflexao\/","title":{"rendered":"REGIONAL NORDESTE 2 TER\u00c1 NOVENA DE NATAL INSPIRADA NO ANO DE S\u00c3O JOS\u00c9 E COM NOVIDADES PARA OS GRUPOS DE REFLEX\u00c3O"},"content":{"rendered":"<p style=\"text-align: justify;\">O Regional Nordeste 2 da Confer\u00eancia Nacional dos Bispos do Brasil (CNBB) conclui a prepara\u00e7\u00e3o da Novena de Natal deste ano. O subs\u00eddio oferecido anualmente para as dioceses de Alagoas, Para\u00edba, Pernambuco e Rio Grande do Norte tem como tema na edi\u00e7\u00e3o de 2021 \u201c<em>Vinde Senhor Jesus, Filho de Deus, Filho de Jos\u00e9<\/em>\u201d, em refer\u00eancia ao Ano de S\u00e3o Jos\u00e9, convocado pelo Papa Francisco. O conte\u00fado do material \u00e9 inspirado na<span class=\"has-inline-color has-vivid-cyan-blue-color\">\u00a0<\/span><strong><a role=\"link\" href=\"https:\/\/cnbbne2.org.br\/papa-francisco-convoca-o-ano-de-sao-jose\/\" target=\"_blank\" rel=\"noreferrer noopener\"><span class=\"has-inline-color has-vivid-cyan-blue-color\">Carta Apost\u00f3lica \u201cPatris corde \u2013 Com cora\u00e7\u00e3o de Pai\u201d<\/span><\/a><\/strong>.<\/p>\n<p style=\"text-align: justify;\">A elabora\u00e7\u00e3o do documento foi conclu\u00edda na sexta-feira, 2 de julho, pela comiss\u00e3o formada por sacerdotes dos quatro estados que comp\u00f5em a o Regional Nordeste 2. O grupo \u00e9 coordenado pelo bispo da diocese de Caic\u00f3 (RN) e vice-presidente do Regional, dom Ant\u00f4nio Carlos Cruz Santos.<\/p>\n<figure class=\"wp-caption aligncenter\" style=\"text-align: justify;\"><img loading=\"lazy\" decoding=\"async\" src=\"https:\/\/cnbbne2.org.br\/wp-content\/uploads\/2021\/07\/novena.jpeg\" alt=\"Reuni\u00e3o virtual de elabora\u00e7\u00e3o da Novena de Natal\" width=\"679\" height=\"452\" \/><figcaption class=\"wp-caption-text\"><em>Reuni\u00e3o virtual da equipe de elabora\u00e7\u00e3o da Novena de Natal do Regional Nordeste 2 da CNBB | Foto: divulga\u00e7\u00e3o CNBB NE 2<\/em><\/figcaption><\/figure>\n<p style=\"text-align: justify;\">De acordo com monsenhor Jos\u00e9 Alb\u00e9rico, da arquidiocese de Olinda e Recife (PE), foram 13 encontros virtuais para preparar a Novena de Natal deste ano. Na nova edi\u00e7\u00e3o, os fi\u00e9is encontrar\u00e3o um roteiro de prepara\u00e7\u00e3o para vivenciar a chegada do Menino Jesus com momentos de acolhida, leitura do Evangelho, reflex\u00e3o, ora\u00e7\u00e3o e c\u00e2nticos.<\/p>\n<h3 style=\"text-align: justify;\">Novidades<\/h3>\n<p style=\"text-align: justify;\">Entre as novidades da Novena de Natal 2021 est\u00e1 a se\u00e7\u00e3o \u201cFato da Vida\u201d que conta causos ambientados no territ\u00f3rio da CNBB NE2. As hist\u00f3rias ajudam a complementar a reflex\u00e3o do Evangelho proposto para o dia, trazendo a experi\u00eancia da Palavra de Deus para as diversas realidades do povo.<\/p>\n<p style=\"text-align: justify;\">Outra iniciativa in\u00e9dita ser\u00e1 a disponibiliza\u00e7\u00e3o das letras e das melodias dos cantos sugeridos para cada encontro da Novena de Natal 2021, no YouTube. Em breve, o link ser\u00e1 divulgado no site e nas redes sociais da CNBB NE2 e das dioceses e arquidioceses.<\/p>\n<div id=\"gallery-1\" class=\"gallery galleryid-337596 gallery-columns-2 gallery-size-medium\" style=\"text-align: justify;\">\n<figure class=\"gallery-item\">\n<div class=\"gallery-icon landscape\"><img loading=\"lazy\" decoding=\"async\" class=\"attachment-medium size-medium\" src=\"https:\/\/www.cnbb.org.br\/wp-content\/uploads\/2021\/07\/Novena-de-Natal-CNBB-NE-2-3-300x169.jpeg\" sizes=\"auto, (max-width: 300px) 100vw, 300px\" srcset=\"https:\/\/www.cnbb.org.br\/wp-content\/uploads\/2021\/07\/Novena-de-Natal-CNBB-NE-2-3-300x169.jpeg 300w, https:\/\/www.cnbb.org.br\/wp-content\/uploads\/2021\/07\/Novena-de-Natal-CNBB-NE-2-3-768x432.jpeg 768w, https:\/\/www.cnbb.org.br\/wp-content\/uploads\/2021\/07\/Novena-de-Natal-CNBB-NE-2-3-500x281.jpeg 500w, https:\/\/www.cnbb.org.br\/wp-content\/uploads\/2021\/07\/Novena-de-Natal-CNBB-NE-2-3.jpeg 960w\" alt=\"\" width=\"300\" height=\"169\" aria-describedby=\"gallery-1-337670\" \/><\/div><figcaption id=\"gallery-1-337670\" class=\"wp-caption-text gallery-caption\">Altar e livro da Novena de Natal 2017 | Foto: Renata Gabrielle<\/figcaption><\/figure>\n<figure class=\"gallery-item\">\n<div class=\"gallery-icon landscape\"><img loading=\"lazy\" decoding=\"async\" class=\"attachment-medium size-medium\" src=\"https:\/\/www.cnbb.org.br\/wp-content\/uploads\/2021\/07\/Novena-de-Natal-CNBB-NE-2-1-300x169.jpeg\" sizes=\"auto, (max-width: 300px) 100vw, 300px\" srcset=\"https:\/\/www.cnbb.org.br\/wp-content\/uploads\/2021\/07\/Novena-de-Natal-CNBB-NE-2-1-300x169.jpeg 300w, https:\/\/www.cnbb.org.br\/wp-content\/uploads\/2021\/07\/Novena-de-Natal-CNBB-NE-2-1-1024x576.jpeg 1024w, https:\/\/www.cnbb.org.br\/wp-content\/uploads\/2021\/07\/Novena-de-Natal-CNBB-NE-2-1-768x432.jpeg 768w, https:\/\/www.cnbb.org.br\/wp-content\/uploads\/2021\/07\/Novena-de-Natal-CNBB-NE-2-1-500x281.jpeg 500w, https:\/\/www.cnbb.org.br\/wp-content\/uploads\/2021\/07\/Novena-de-Natal-CNBB-NE-2-1.jpeg 1280w\" alt=\"Encontro Novena de Natal\" width=\"300\" height=\"169\" aria-describedby=\"gallery-1-337668\" \/><\/div><figcaption id=\"gallery-1-337668\" class=\"wp-caption-text gallery-caption\">Encontro da Novena de Natal em 2019 | Foto: Renata Gabrielle<\/figcaption><\/figure>\n<\/div>\n<p style=\"text-align: justify;\">\n<h2 style=\"text-align: justify;\"><strong>Gesto Concreto<\/strong><\/h2>\n<p style=\"text-align: justify;\">A cada ano a Novena de Natal convida os fi\u00e9is a aproveitarem o momento de ora\u00e7\u00e3o comunit\u00e1ria para promover um gesto concreto de solidariedade. A proposta geral \u00e9 que os grupos arrecadem alimentos para doarem \u00e0s fam\u00edlias que vivem em situa\u00e7\u00e3o de vulnerabilidade social em suas comunidades.<\/p>\n<p style=\"text-align: justify;\">O subs\u00eddio da CNBB NE2 tamb\u00e9m recomenda ao Povo de Deus algumas iniciativas espec\u00edficas direcionadas a alguns grupos como, por exemplo, um momento de ora\u00e7\u00e3o pelos profissionais envolvidos no controle da pandemia e uma a\u00e7\u00e3o de acolhimento aos que perderam algum ente querido em decorr\u00eancia da Covid-19.<\/p>\n<figure id=\"attachment_337669\" class=\"wp-caption aligncenter\" style=\"text-align: justify;\" aria-describedby=\"caption-attachment-337669\"><img loading=\"lazy\" decoding=\"async\" class=\" wp-image-337669\" src=\"https:\/\/www.cnbb.org.br\/wp-content\/uploads\/2021\/07\/Novena-de-Natal-CNBB-NE-2-2-1024x1024.jpeg\" sizes=\"auto, (max-width: 713px) 100vw, 713px\" srcset=\"https:\/\/www.cnbb.org.br\/wp-content\/uploads\/2021\/07\/Novena-de-Natal-CNBB-NE-2-2-1024x1024.jpeg 1024w, https:\/\/www.cnbb.org.br\/wp-content\/uploads\/2021\/07\/Novena-de-Natal-CNBB-NE-2-2-300x300.jpeg 300w, https:\/\/www.cnbb.org.br\/wp-content\/uploads\/2021\/07\/Novena-de-Natal-CNBB-NE-2-2-150x150.jpeg 150w, https:\/\/www.cnbb.org.br\/wp-content\/uploads\/2021\/07\/Novena-de-Natal-CNBB-NE-2-2-768x768.jpeg 768w, https:\/\/www.cnbb.org.br\/wp-content\/uploads\/2021\/07\/Novena-de-Natal-CNBB-NE-2-2-800x800.jpeg 800w, https:\/\/www.cnbb.org.br\/wp-content\/uploads\/2021\/07\/Novena-de-Natal-CNBB-NE-2-2-500x500.jpeg 500w, https:\/\/www.cnbb.org.br\/wp-content\/uploads\/2021\/07\/Novena-de-Natal-CNBB-NE-2-2.jpeg 1080w\" alt=\"Encontro virtual novena de natal 2020\" width=\"713\" height=\"713\" \/><figcaption id=\"caption-attachment-337669\" class=\"wp-caption-text\">Encontro virtual da Novena de Natal 2020 no Regional NE 2 | Foto: Silvia Riego<\/figcaption><\/figure>\n<p style=\"text-align: justify;\">A expetativa \u00e9 de que a Novena de Natal 2021 seja disponibilizada no \u00faltimo trimestre do ano. Como toda edi\u00e7\u00e3o, os fi\u00e9is poder\u00e3o adquirir o livrinho diretamente com a sua diocese ou arquidiocese.<\/p>\n","protected":false},"excerpt":{"rendered":"<p>O Regional Nordeste 2 da Confer\u00eancia Nacional dos Bispos do Brasil (CNBB) conclui a prepara\u00e7\u00e3o da Novena de Natal deste ano. O subs\u00eddio oferecido anualmente para as dioceses de Alagoas, Para\u00edba, Pernambuco e Rio Grande do Norte tem como tema na edi\u00e7\u00e3o de 2021 \u201cVinde Senhor Jesus, Filho de Deus, Filho de Jos\u00e9\u201d, em refer\u00eancia [&hellip;]<\/p>\n","protected":false},"author":1,"featured_media":68516,"comment_status":"open","ping_status":"closed","sticky":false,"template":"","format":"standard","meta":{"footnotes":""},"categories":[7],"tags":[],"class_list":["post-68515","post","type-post","status-publish","format-standard","has-post-thumbnail","hentry","category-cnbb"],"_links":{"self":[{"href":"https:\/\/catolicanet.net\/wp-cnet\/wp-json\/wp\/v2\/posts\/68515","targetHints":{"allow":["GET"]}}],"collection":[{"href":"https:\/\/catolicanet.net\/wp-cnet\/wp-json\/wp\/v2\/posts"}],"about":[{"href":"https:\/\/catolicanet.net\/wp-cnet\/wp-json\/wp\/v2\/types\/post"}],"author":[{"embeddable":true,"href":"https:\/\/catolicanet.net\/wp-cnet\/wp-json\/wp\/v2\/users\/1"}],"replies":[{"embeddable":true,"href":"https:\/\/catolicanet.net\/wp-cnet\/wp-json\/wp\/v2\/comments?post=68515"}],"version-history":[{"count":1,"href":"https:\/\/catolicanet.net\/wp-cnet\/wp-json\/wp\/v2\/posts\/68515\/revisions"}],"predecessor-version":[{"id":68517,"href":"https:\/\/catolicanet.net\/wp-cnet\/wp-json\/wp\/v2\/posts\/68515\/revisions\/68517"}],"wp:featuredmedia":[{"embeddable":true,"href":"https:\/\/catolicanet.net\/wp-cnet\/wp-json\/wp\/v2\/media\/68516"}],"wp:attachment":[{"href":"https:\/\/catolicanet.net\/wp-cnet\/wp-json\/wp\/v2\/media?parent=68515"}],"wp:term":[{"taxonomy":"category","embeddable":true,"href":"https:\/\/catolicanet.net\/wp-cnet\/wp-json\/wp\/v2\/categories?post=68515"},{"taxonomy":"post_tag","embeddable":true,"href":"https:\/\/catolicanet.net\/wp-cnet\/wp-json\/wp\/v2\/tags?post=68515"}],"curies":[{"name":"wp","href":"https:\/\/api.w.org\/{rel}","templated":true}]}}