{"id":68425,"date":"2021-06-30T09:49:10","date_gmt":"2021-06-30T12:49:10","guid":{"rendered":"https:\/\/catolicanet.net\/wp-cnet\/?p=68425"},"modified":"2021-06-30T13:52:38","modified_gmt":"2021-06-30T16:52:38","slug":"papa-para-deus-nada-e-casual-a-graca-divina-transforma-a-nossa-vida","status":"publish","type":"post","link":"https:\/\/catolicanet.net\/wp-cnet\/papa-para-deus-nada-e-casual-a-graca-divina-transforma-a-nossa-vida\/","title":{"rendered":"Papa: Para Deus, nada \u00e9 casual. A gra\u00e7a divina transforma a nossa vida"},"content":{"rendered":"<div class=\"article__subTitle\" style=\"text-align: justify;\">O Papa Francisco realizou sua \u00faltima catequese antes da pausa de ver\u00e3o. De fato, durante todo o m\u00eas de julho est\u00e3o suspensas as audi\u00eancias p\u00fablicas do Santo Padre.<\/div>\n<div class=\"title__separator\" style=\"text-align: justify;\"><\/div>\n<div class=\"article__text \">\n<p style=\"text-align: justify;\"><b>Bianca Fraccalvieri \u2013 Cidade do Vaticano<\/b><\/p>\n<p><iframe loading=\"lazy\" title=\"Audi\u00eancia Geral  30 de junho de 2021 Papa Francisco\" width=\"696\" height=\"392\" src=\"https:\/\/www.youtube.com\/embed\/a-DmpZeJO-k?feature=oembed\" frameborder=\"0\" allow=\"accelerometer; autoplay; clipboard-write; encrypted-media; gyroscope; picture-in-picture\" allowfullscreen><\/iframe><\/p>\n<p style=\"text-align: justify;\">\u201cPaulo, verdadeiro ap\u00f3stolo\u201d foi o tema da segunda catequese do Papa dedicada \u00e0 Carta aos G\u00e1latas.<\/p>\n<p style=\"text-align: justify;\">Na quarta-feira passada, ao inaugurar o novo ciclo, o Pont\u00edfice comentou as dificuldades enfrentadas pelo disc\u00edpulo na obra de evangeliza\u00e7\u00e3o na Gal\u00e1cia. A sua inten\u00e7\u00e3o \u00e9 muito clara: \u00e9 necess\u00e1rio reafirmar a novidade do Evangelho, que os G\u00e1latas receberam da sua prega\u00e7\u00e3o, a fim de construir a verdadeira identidade sobre a qual basear a pr\u00f3pria exist\u00eancia.<\/p>\n<h2 style=\"text-align: justify;\">De perseguidor a anunciador<\/h2>\n<p style=\"text-align: justify;\">Em primeiro lugar, Paulo sente-se obrigado a recordar que \u00e9 um verdadeiro ap\u00f3stolo n\u00e3o por causa do seu m\u00e9rito, mas devido \u00e0 chamada de Deus. Ele pr\u00f3prio conta a hist\u00f3ria da sua voca\u00e7\u00e3o e convers\u00e3o, que coincidiu com o aparecimento do Cristo Ressuscitado durante a viagem a Damasco (cf.\u00a0<i>At<\/i>\u00a09, 1-9).<\/p>\n<p style=\"text-align: justify;\">Paulo evidencia assim a verdade da sua voca\u00e7\u00e3o atrav\u00e9s do contraste flagrante que tinha sido criado na sua vida: de perseguidor dos crist\u00e3os porque n\u00e3o observavam as tradi\u00e7\u00f5es e a lei, tinha sido chamado a tornar-se ap\u00f3stolo para anunciar o Evangelho de Jesus Cristo. &#8220;Vemos que Paulo \u00e9 livre: \u00e9 livre para anunciar o Evangelho e tamb\u00e9m \u00e9 livre para confessar os seus pecados. &#8216;Eu era assim&#8217;: \u00e9 a verdade que d\u00e1 liberdade ao cora\u00e7\u00e3o, \u00e9 a liberdade de Deus&#8221;, explicou Francisco.<\/p>\n<p style=\"text-align: justify;\">Pensando nesta sua hist\u00f3ria, Paulo est\u00e1 cheio de admira\u00e7\u00e3o e gratid\u00e3o. \u00c9 como se quisesse dizer aos G\u00e1latas que podia ter sido tudo menos ap\u00f3stolo. No entanto, algo inesperado aconteceu: Deus revelou-lhe o seu Filho para que pudesse tornar-se o seu arauto entre os gentios (cf.\u00a0<i>Gl<\/i> 1, 15-16).<\/p>\n<div style=\"text-align: justify;\">\n<div class=\"article__embed article__embed--unwrap article__embed--photo\">\n<figure><picture><img decoding=\"async\" class=\"loaded\" src=\"https:\/\/www.vaticannews.va\/content\/dam\/vaticannews\/agenzie\/images\/srv\/2021\/06\/30\/2021-06-30-udienza-generale\/1625044649326.JPG\/_jcr_content\/renditions\/cq5dam.thumbnail.cropped.750.422.jpeg\" alt=\"Audi\u00eancia Geral de 30 de junho\" data-original=\"\/content\/dam\/vaticannews\/agenzie\/images\/srv\/2021\/06\/30\/2021-06-30-udienza-generale\/1625044649326.JPG\/_jcr_content\/renditions\/cq5dam.thumbnail.cropped.750.422.jpeg\" data-was-processed=\"true\" \/><\/picture><\/figure>\n<div class=\"photo_embed--Title\">Audi\u00eancia Geral de 30 de junho<\/div>\n<\/div>\n<\/div>\n<h2 style=\"text-align: justify;\">Os caminhos do Senhor s\u00e3o\u00a0imperscrut\u00e1veis<\/h2>\n<p style=\"text-align: justify;\">\u201cQu\u00e3o imperscrut\u00e1veis s\u00e3o os caminhos do Senhor!\u201d, disse o Papa. Tocamos esta experi\u00eancia com as nossas m\u00e3os todos os dias, especialmente se pensarmos nos momentos em que o Senhor nos chamou.<\/p>\n<p style=\"text-align: justify;\">Para Francisco, \u201cnunca devemos esquecer o tempo e a forma como Deus entrou na nossa vida\u201d: ter fixo no cora\u00e7\u00e3o e na mente aquele encontro com a gra\u00e7a, quando Deus mudou a nossa exist\u00eancia.<\/p>\n<p style=\"text-align: justify;\">\u201cQuantas vezes, perante as grandes obras do Senhor, vem espontaneamente \u00e0 mente a pergunta: como \u00e9 poss\u00edvel que Deus se sirva de um pecador, de uma pessoa fr\u00e1gil e fraca, para realizar a sua vontade? E no entanto, n\u00e3o h\u00e1 nada de casual, porque tudo foi preparado no des\u00edgnio de Deus.\u201d<\/p>\n<p style=\"text-align: justify;\">Ele tece a nossa hist\u00f3ria, a Sua chamada envolve sempre uma miss\u00e3o \u00e0 qual estamos destinados; por isso, nos \u00e9 pedido que nos preparemos seriamente, sabendo que \u00e9 o pr\u00f3prio Deus que nos envia e apoia com a Sua gra\u00e7a.<\/p>\n<div style=\"text-align: justify;\">\n<div class=\"article__embed article__embed--border embed_style\">\n<blockquote><p>\u201cIrm\u00e3os e irm\u00e3s, deixemo-nos conduzir por esta consci\u00eancia: o primado da gra\u00e7a transforma a exist\u00eancia e a torna digna de ser colocada a servi\u00e7o do Evangelho. O primado da gra\u00e7a perdoa todos os pecados, transforma os cora\u00e7\u00f5es, transforma a vida, nos faz ver novos caminhos. N\u00e3o nos esque\u00e7amos disto. Obrigado.\u201d<\/p><\/blockquote>\n<\/div>\n<\/div>\n<div>\n<div class=\"article__embed article__embed--unwrap article__embed--dark\">\n<div class=\"embed-container\" style=\"text-align: justify;\"><iframe id=\"20145074\" src=\"https:\/\/www.youtube.com\/embed\/G0m6sQ5-I-8?wmode=opaque&amp;rel=0&amp;autohide=1&amp;showinfo=0&amp;wmode=transparent&amp;modestbranding=1&amp;enablejsapi=1&amp;origin=https:\/\/www.vaticannews.va&amp;start=&amp;end=\" allowfullscreen=\"allowfullscreen\" data-gtm-yt-inspected-7781034_9=\"true\" data-mce-fragment=\"1\"><\/iframe><\/div>\n<div class=\"article__innerTitle\" style=\"text-align: justify;\">Veja um trecho da catequese do Papa<\/div>\n<\/div>\n<\/div>\n<\/div>\n","protected":false},"excerpt":{"rendered":"<p>O Papa Francisco realizou sua \u00faltima catequese antes da pausa de ver\u00e3o. De fato, durante todo o m\u00eas de julho est\u00e3o suspensas as audi\u00eancias p\u00fablicas do Santo Padre. Bianca Fraccalvieri \u2013 Cidade do Vaticano \u201cPaulo, verdadeiro ap\u00f3stolo\u201d foi o tema da segunda catequese do Papa dedicada \u00e0 Carta aos G\u00e1latas. Na quarta-feira passada, ao inaugurar [&hellip;]<\/p>\n","protected":false},"author":1,"featured_media":68426,"comment_status":"open","ping_status":"closed","sticky":false,"template":"","format":"standard","meta":{"footnotes":""},"categories":[13,3],"tags":[],"class_list":["post-68425","post","type-post","status-publish","format-standard","has-post-thumbnail","hentry","category-featured","category-vaticano"],"_links":{"self":[{"href":"https:\/\/catolicanet.net\/wp-cnet\/wp-json\/wp\/v2\/posts\/68425","targetHints":{"allow":["GET"]}}],"collection":[{"href":"https:\/\/catolicanet.net\/wp-cnet\/wp-json\/wp\/v2\/posts"}],"about":[{"href":"https:\/\/catolicanet.net\/wp-cnet\/wp-json\/wp\/v2\/types\/post"}],"author":[{"embeddable":true,"href":"https:\/\/catolicanet.net\/wp-cnet\/wp-json\/wp\/v2\/users\/1"}],"replies":[{"embeddable":true,"href":"https:\/\/catolicanet.net\/wp-cnet\/wp-json\/wp\/v2\/comments?post=68425"}],"version-history":[{"count":1,"href":"https:\/\/catolicanet.net\/wp-cnet\/wp-json\/wp\/v2\/posts\/68425\/revisions"}],"predecessor-version":[{"id":68427,"href":"https:\/\/catolicanet.net\/wp-cnet\/wp-json\/wp\/v2\/posts\/68425\/revisions\/68427"}],"wp:featuredmedia":[{"embeddable":true,"href":"https:\/\/catolicanet.net\/wp-cnet\/wp-json\/wp\/v2\/media\/68426"}],"wp:attachment":[{"href":"https:\/\/catolicanet.net\/wp-cnet\/wp-json\/wp\/v2\/media?parent=68425"}],"wp:term":[{"taxonomy":"category","embeddable":true,"href":"https:\/\/catolicanet.net\/wp-cnet\/wp-json\/wp\/v2\/categories?post=68425"},{"taxonomy":"post_tag","embeddable":true,"href":"https:\/\/catolicanet.net\/wp-cnet\/wp-json\/wp\/v2\/tags?post=68425"}],"curies":[{"name":"wp","href":"https:\/\/api.w.org\/{rel}","templated":true}]}}