{"id":68422,"date":"2021-06-29T09:02:35","date_gmt":"2021-06-29T12:02:35","guid":{"rendered":"https:\/\/catolicanet.net\/wp-cnet\/?p=68422"},"modified":"2021-06-29T17:06:47","modified_gmt":"2021-06-29T20:06:47","slug":"o-dia-em-que-santa-teresa-de-avila-foi-curada-por-sao-jose","status":"publish","type":"post","link":"https:\/\/catolicanet.net\/wp-cnet\/o-dia-em-que-santa-teresa-de-avila-foi-curada-por-sao-jose\/","title":{"rendered":"O dia em que Santa Teresa de \u00c1vila foi curada por S\u00e3o Jos\u00e9"},"content":{"rendered":"<h2 class=\"subtitle\" style=\"text-align: justify;\">&#8220;At\u00e9 agora, S\u00e3o Jos\u00e9 nunca deixou de fazer o que lhe pedi. \u00c9 incr\u00edvel ver os imensos dons que Deus me deu por meio deste bendito santo; de que perigos ele me libertou, corpo e alma&#8221;, escreveu Santa Teresa<\/h2>\n<p style=\"text-align: justify;\">Por ocasi\u00e3o do ano de S\u00e3o Jos\u00e9, o Papa Francisco recordou repetidamente que o pai adotivo de Jesus era venerado por muitos grandes santos.\u00a0Entre eles, S\u00e3o\u00a0Jo\u00e3o XXIII\u00a0e seu sucessor imediato, Paulo VI.\u00a0No entanto, foi a grande m\u00edstica do s\u00e9culo XVI, Santa Teresa de \u00c1vila, que tinha especial venera\u00e7\u00e3o por S\u00e3o Jos\u00e9.\u00a0Em seu\u00a0\u201c<a href=\"https:\/\/www.amazon.com.br\/Livro-vida-Santa-Teresa-%C3%81vila\/dp\/8563560050\/ref=asc_df_8563560050\/?tag=googleshopp00-20&amp;linkCode=df0&amp;hvadid=379708274562&amp;hvpos=&amp;hvnetw=g&amp;hvrand=15056050747381490977&amp;hvpone=&amp;hvptwo=&amp;hvqmt=&amp;hvdev=c&amp;hvdvcmdl=&amp;hvlocint=&amp;hvlocphy=1001771&amp;hvtargid=pla-487139782037&amp;psc=1\" target=\"_blank\" rel=\"noopener\">Livro da Vida<\/a>\u201c, a reformadora da Ordem Carmelita confidencia que v\u00e1rias vezes pediu a ajuda do esposo de Maria.\u00a0Al\u00e9m disso, ela se refere aos frutos surpreendentes de suas ora\u00e7\u00f5es dirigidas a S\u00e3o Jos\u00e9.<\/p>\n<h3 id=\"h-santa-teresa-e-a-cura-atribu-da-a-s-o-jos\" style=\"text-align: justify;\">Santa Teresa e<strong>\u00a0a cura<\/strong>\u00a0atribu\u00edda a S\u00e3o Jos\u00e9<\/h3>\n<p style=\"text-align: justify;\">Santa Teresa acreditava firmemente que devia sua cura f\u00edsica ao pai adotivo de Jesus.\u00a0Quando, aos 18 anos, ela entrou para um convento carmelita em \u00c1vila, sua sa\u00fade piorou rapidamente.\u00a0A doen\u00e7a foi o resultado de pr\u00e1ticas asc\u00e9ticas exaustivas que lhe causaram paralisia e dor insuport\u00e1vel.<\/p>\n<div style=\"text-align: justify;\"><\/div>\n<p style=\"text-align: justify;\">Em v\u00e1rias ocasi\u00f5es, as irm\u00e3s do convento prepararam-se para a morte dela.\u00a0Um dia, a jovem carmelita n\u00e3o conseguia nem levantar as p\u00e1lpebras.\u00a0De fato, as Carmelitas fecharam seus olhos, pensando que n\u00e3o havia mais esperan\u00e7a para ela e que, de qualquer maneira, seu corpo logo deveria ser colocado em um caix\u00e3o.\u00a0Com suas \u00faltimas for\u00e7as, a jovem carmelita decidiu, ent\u00e3o,\u00a0pedir ajuda\u00a0a\u00a0S\u00e3o Jos\u00e9. Anos depois, ela escreveu:<\/p>\n<blockquote class=\"wp-block-quote\"><p>\u201cNaquela \u00e9poca, escolhi S\u00e3o Jos\u00e9, o Glorioso, meu advogado e patrono, confiando-me a ele. Vi com clareza que, naquela necessidade como em outras maiores, no que diz respeito \u00e0 honra e \u00e0 perda de almas, esse pai e chefe me guiou muito melhor do que eu sabia pedir a ele. \u201c<\/p><\/blockquote>\n<p style=\"text-align: justify;\">Para a surpresa de todos, Teresa ficou completamente curada.\u00a0Por isso, daquele momento at\u00e9 o fim de sua vida, ela promoveu a\u00a0devo\u00e7\u00e3o a S\u00e3o Jos\u00e9 em\u00a0todos os lugares. Ficou\u00a0convencida de que a intercess\u00e3o do pai de Jesus tem um car\u00e1ter muito especial.\u00a0Ela explica isso em seu livro autobiogr\u00e1fico:<\/p>\n<blockquote class=\"wp-block-quote\">\n<div id=\"aleteia-welcome\"><\/div>\n<p>\u201cAt\u00e9 agora, S\u00e3o Jos\u00e9 nunca deixou de fazer o que lhe pedi. \u00c9 incr\u00edvel ver os imensos dons que Deus me deu por meio deste bendito santo; de que perigos ele me libertou, corpo e alma. Isso foi confirmado \u2013 por minha pr\u00f3pria experi\u00eancia, mas tamb\u00e9m por v\u00e1rias outras pessoas a quem disse para confiar nele. Muitos que, experimentando esta verdade, renovaram sua devo\u00e7\u00e3o a ele.\u201d<\/p><\/blockquote>\n<p style=\"text-align: justify;\">Imediatamente, Santa Teresa decide preparar celebra\u00e7\u00f5es suntuosas em seu convento na mem\u00f3ria lit\u00fargica de S\u00e3o Jos\u00e9.\u00a0Uma festa grandiosa em clima de alegria geral com at\u00e9 fogos de artif\u00edcio!<\/p>\n<h3 id=\"h-frutos-espirituais\" style=\"text-align: justify;\"><strong>Frutos espirituais<\/strong><\/h3>\n<div class=\"nativo-inread\" style=\"text-align: justify;\"><\/div>\n<p style=\"text-align: justify;\">S\u00f3 depois de um tempo a carmelita percebeu que esse tipo de express\u00e3o de adora\u00e7\u00e3o n\u00e3o \u00e9 suficiente.\u00a0Muito mais do que os sinais externos de rever\u00eancia, \u00e9 a transforma\u00e7\u00e3o espiritual que \u00e9 importante.\u00a0Ela escreveu:<\/p>\n<blockquote class=\"wp-block-quote\"><p>\u201cTentei celebrar a mem\u00f3ria dele com o m\u00e1ximo de esplendor poss\u00edvel. Enchi-me de mais vaidade do que de esp\u00edrito em querer que fosse feito de forma refinada e bem-sucedida (\u2026) Que o Senhor me perdoe. \u201c<\/p><\/blockquote>\n<p style=\"text-align: justify;\">Quais s\u00e3o, ent\u00e3o, os frutos espirituais de se recorrer a S\u00e3o Jos\u00e9?\u00a0Acima de tudo, Teresa destaca\u00a0a efic\u00e1cia da ora\u00e7\u00e3o dirigida ao protetor de Jesus.\u00a0Entretanto, nem sempre se trata da satisfa\u00e7\u00e3o de um pedido ou desejo concreto, mas da consci\u00eancia emergente do bem que Deus deseja para cada pessoa.\u00a0Muitas vezes, esse bem acaba sendo diferente do que \u00e9 solicitado.\u00a0A carmelita explica:<\/p>\n<div style=\"text-align: justify;\">\n<div id=\"article-desk-content-p6-ad_2021_06_29_o-dia-em-que-santa-teresa-de-avila-foi-curada-por-sao-jose\" class=\"css-y9mcup\" data-google-query-id=\"CLvugPLPvfECFTADuQYdNpMFqg\">\n<div id=\"google_ads_iframe_64500793\/PT_DESK_ARTICLE_WELCOME_1X1_0__container__\"><\/div>\n<\/div>\n<\/div>\n<blockquote class=\"wp-block-quote\"><p>\u201cCom a grande experi\u00eancia que tenho dos benef\u00edcios que S\u00e3o Jos\u00e9 obt\u00e9m de Deus, gostaria de convencer a todos a se tornarem devotos zelosos deste glorioso santo, porque h\u00e1 um grande benef\u00edcio para as almas que se confiam aos seus cuidados. Todos os anos, no anivers\u00e1rio dele, pergunto uma coisa a ele e sempre vejo acontecer. Se o pedido estiver um pouco fora de sintonia, ele o direciona para o meu bem maior. \u201c<\/p><\/blockquote>\n<h3 id=\"h-santa-teresa-e-o-realismo-crist-o\" style=\"text-align: justify;\">Santa Teresa e o realismo crist\u00e3o<\/h3>\n<p style=\"text-align: justify;\">Nessa atitude de Santa Teresa de \u00c1vila, algo se revela que o Papa Francisco chama de\u00a0<em>realismo crist\u00e3o.\u00a0<\/em>Trata-se de um consentimento \u00e0 a\u00e7\u00e3o de Deus para se livrar do medo de n\u00e3o receber os dons concretos que se pode considerar num dado momento \u2013 muitas vezes erroneamente \u2013 como os mais importantes.\u00a0O realismo crist\u00e3o n\u00e3o rejeita nada do que existe.<\/p>\n<p style=\"text-align: justify;\">Foi S\u00e3o Jos\u00e9 quem o ensinou a Teresa d\u2019\u00c1vila: os pedidos s\u00e3o ouvidos por Deus, mesmo que nem sempre Deus nos ofere\u00e7a o que nos parece mais justo.\u00a0\u00c9 necess\u00e1rio, portanto,\u00a0entregar\u00a0\u2013\u00a0se \u00e0 vontade de Deus\u00a0em confian\u00e7a, o que muitas vezes equivale a um consentimento t\u00e1cito a um amor que o homem n\u00e3o pode compreender plenamente no momento.<\/p>\n<div class=\"wp-block-aleteia-read-also read-also\"><\/div>\n","protected":false},"excerpt":{"rendered":"<p>&#8220;At\u00e9 agora, S\u00e3o Jos\u00e9 nunca deixou de fazer o que lhe pedi. \u00c9 incr\u00edvel ver os imensos dons que Deus me deu por meio deste bendito santo; de que perigos ele me libertou, corpo e alma&#8221;, escreveu Santa Teresa Por ocasi\u00e3o do ano de S\u00e3o Jos\u00e9, o Papa Francisco recordou repetidamente que o pai adotivo [&hellip;]<\/p>\n","protected":false},"author":1,"featured_media":68423,"comment_status":"open","ping_status":"closed","sticky":false,"template":"","format":"standard","meta":{"footnotes":""},"categories":[4],"tags":[],"class_list":["post-68422","post","type-post","status-publish","format-standard","has-post-thumbnail","hentry","category-cotidiano"],"_links":{"self":[{"href":"https:\/\/catolicanet.net\/wp-cnet\/wp-json\/wp\/v2\/posts\/68422","targetHints":{"allow":["GET"]}}],"collection":[{"href":"https:\/\/catolicanet.net\/wp-cnet\/wp-json\/wp\/v2\/posts"}],"about":[{"href":"https:\/\/catolicanet.net\/wp-cnet\/wp-json\/wp\/v2\/types\/post"}],"author":[{"embeddable":true,"href":"https:\/\/catolicanet.net\/wp-cnet\/wp-json\/wp\/v2\/users\/1"}],"replies":[{"embeddable":true,"href":"https:\/\/catolicanet.net\/wp-cnet\/wp-json\/wp\/v2\/comments?post=68422"}],"version-history":[{"count":1,"href":"https:\/\/catolicanet.net\/wp-cnet\/wp-json\/wp\/v2\/posts\/68422\/revisions"}],"predecessor-version":[{"id":68424,"href":"https:\/\/catolicanet.net\/wp-cnet\/wp-json\/wp\/v2\/posts\/68422\/revisions\/68424"}],"wp:featuredmedia":[{"embeddable":true,"href":"https:\/\/catolicanet.net\/wp-cnet\/wp-json\/wp\/v2\/media\/68423"}],"wp:attachment":[{"href":"https:\/\/catolicanet.net\/wp-cnet\/wp-json\/wp\/v2\/media?parent=68422"}],"wp:term":[{"taxonomy":"category","embeddable":true,"href":"https:\/\/catolicanet.net\/wp-cnet\/wp-json\/wp\/v2\/categories?post=68422"},{"taxonomy":"post_tag","embeddable":true,"href":"https:\/\/catolicanet.net\/wp-cnet\/wp-json\/wp\/v2\/tags?post=68422"}],"curies":[{"name":"wp","href":"https:\/\/api.w.org\/{rel}","templated":true}]}}