{"id":68416,"date":"2021-06-29T09:10:53","date_gmt":"2021-06-29T12:10:53","guid":{"rendered":"https:\/\/catolicanet.net\/wp-cnet\/?p=68416"},"modified":"2021-06-29T16:37:11","modified_gmt":"2021-06-29T19:37:11","slug":"levante-dos-povos-indigenas-pela-terra-resistir-e-preciso-e-preciso-garantir-direitos-afirma-dom-joel-portella-amado","status":"publish","type":"post","link":"https:\/\/catolicanet.net\/wp-cnet\/levante-dos-povos-indigenas-pela-terra-resistir-e-preciso-e-preciso-garantir-direitos-afirma-dom-joel-portella-amado\/","title":{"rendered":"LEVANTE DOS POVOS IND\u00cdGENAS PELA TERRA: \u201cRESISTIR \u00c9 PRECISO, \u00c9 PRECISO GARANTIR DIREITOS\u201d, AFIRMA DOM JOEL PORTELLA AMADO"},"content":{"rendered":"<p style=\"text-align: justify;\">A Confer\u00eancia Nacional dos Bispos do Brasil (CNBB) manifestou, na tarde de ontem, 28 de junho, seu apoio \u00e0 mobiliza\u00e7\u00e3o dos povos ind\u00edgenas na luta pelos territ\u00f3rios. O bispo auxiliar da arquidiocese do Rio de Janeiro (RJ) e secret\u00e1rio-geral da CNBB, dom Joel Portella Amado, falou aos ind\u00edgenas acampados na Esplanada dos Minist\u00e9rios e ressaltou que \u201cresistir \u00e9 preciso, \u00e9 preciso garantir direitos\u201d, questionando os destinos do pa\u00eds que n\u00e3o garante a prote\u00e7\u00e3o prevista na Constitui\u00e7\u00e3o Federal.<\/p>\n<p style=\"text-align: justify;\">\u201cSe n\u00f3s n\u00e3o somos um pa\u00eds que pode confiar sequer na garantia e na prote\u00e7\u00e3o dada pela sua lei maior, onde \u00e9 que n\u00f3s vamos?\u201d. Dom Joel ressaltou que a prote\u00e7\u00e3o aos povos ind\u00edgenas n\u00e3o \u00e9 algo pr\u00f3prio de um governo ou de outro, \u201cmas \u00e9 uma quest\u00e3o de Estado, \u00e9 uma quest\u00e3o de pa\u00eds. Que Brasil, afinal de contas, n\u00f3s precisamos, queremos e pelo qual batalhamos?\u201d, indagou o bispo, motivando que as lideran\u00e7as e comunidades n\u00e3o desanimem.<\/p>\n<p style=\"text-align: justify;\">Tamb\u00e9m participaram da visita o arcebispo de Porto Velho (RO) e presidente do Conselho Indigenista Mission\u00e1rio (Cimi), dom Roque Paloschi; o bispo auxiliar de Belo Horizonte (MG) e secret\u00e1rio da Comiss\u00e3o Especial sobre a Minera\u00e7\u00e3o e a Ecologia Integral da CNBB, dom Vicente de Paula Ferreira; a secret\u00e1ria executiva da Rede Eclesial Pan-Amaz\u00f4nica (Repam-Brasil), irm\u00e3 Maria Irene Lopes dos Santos; e o assessor pol\u00edtico da CNBB, padre Paulo Renato Campos.<\/p>\n<h3 style=\"text-align: justify;\">Ao lado da vida<\/h3>\n<p style=\"text-align: justify;\">Dom Vicente Ferreira ressaltou e quis renovar o compromisso por nenhuma gota a mais de sangue ind\u00edgena derramada pela terra. O bispo destacou a necessidade de lutar e garantir os direitos dos povos ind\u00edgenas, e acabar com as viola\u00e7\u00f5es.<\/p>\n<blockquote><p>\u201cSe usarmos ou pisarmos no sangue de voc\u00eas, n\u00f3s vamos ter que prestar contas a Deus. E, nesse momento, onde os projetos de morte s\u00e3o muito claros, e os de vida tamb\u00e9m, n\u00e3o tem como a gente ficar em d\u00favida na hora da op\u00e7\u00e3o. Deus vai exigir de n\u00f3s \u2018de qual lado voc\u00eas estiveram, da vida ou da morte?\u2019. E por isso que estou em paz aqui, porque estar com voc\u00eas \u00e9 estar do lado da vida\u201d, destacou dom Vicente.<\/p><\/blockquote>\n<p style=\"text-align: justify;\">O bispo tamb\u00e9m criticou a atua\u00e7\u00e3o governamental ao incentivar, com o discurso da gera\u00e7\u00e3o de emprego e do desenvolvimento, a minera\u00e7\u00e3o, o garimpo ilegal e conflitos, \u201csimplesmente para acabar com voc\u00eas e com a nossa m\u00e3e terra\u201d.<\/p>\n<figure class=\"wp-caption aligncenter\" style=\"text-align: justify;\"><img loading=\"lazy\" decoding=\"async\" src=\"http:\/\/repam.org.br\/wp-content\/uploads\/2021\/06\/IMG_6493-300x200.jpg\" alt=\"\" width=\"300\" height=\"200\" \/><figcaption class=\"wp-caption-text\"><em>Dom Vicente Ferreira leva apoio e solidariedade ao acampamento Levante pela Terra, em Bras\u00edlia | Foto: Carol Lira\/REPAM-Brasil<\/em><\/figcaption><\/figure>\n<p style=\"text-align: justify;\">\n<h3 style=\"text-align: justify;\">A import\u00e2ncia do territ\u00f3rio<\/h3>\n<p style=\"text-align: justify;\">Principal pauta nas mobiliza\u00e7\u00f5es ind\u00edgenas na capital federal, a luta pelos territ\u00f3rios, por meio das demarca\u00e7\u00f5es e garantias, foi destaque na fala de dom Roque Paloschi. \u201cSem o vosso territ\u00f3rio, tudo fica perdido na vida e nos sonhos e na esperan\u00e7a dos povos\u201d, salientou.<\/p>\n<p style=\"text-align: justify;\">Dom Roque recordou a atua\u00e7\u00e3o do Cimi ao longo dos seus 49 anos, caminhando como parceiros na luta cujos protagonistas s\u00e3o os povos origin\u00e1rios do Brasil. \u201cSomos aliados nessa busca de construir o bem-viver e um outro mundo poss\u00edvel. Por isso nos alegramos muito porque a CNBB nas horas de decis\u00e3o nunca se omitiu de estar do lado dos povos ind\u00edgenas\u201d, destacou agradecido pela \u201cgrande comunh\u00e3o da nossa Igreja\u201d.<\/p>\n<figure class=\"wp-caption aligncenter\" style=\"text-align: justify;\"><img loading=\"lazy\" decoding=\"async\" src=\"https:\/\/scontent.fbsb23-1.fna.fbcdn.net\/v\/t1.6435-9\/208413362_1211449509290075_2194386678113227407_n.jpg?_nc_cat=104&amp;ccb=1-3&amp;_nc_sid=730e14&amp;_nc_ohc=3qdoi4ayCNYAX-_stcW&amp;_nc_ht=scontent.fbsb23-1.fna&amp;oh=0c46d16ac0a89765c66583057e07d44c&amp;oe=60E032F7\" alt=\"Ind\u00edgenas no Levante pela Terra\" width=\"2048\" height=\"1365\" \/><figcaption class=\"wp-caption-text\">Ind\u00edgenas fazem dan\u00e7a no Levante pela Terra, em Bras\u00edlia | Foto: Carol Lira\/Repam-Brasil<\/figcaption><\/figure>\n<p style=\"text-align: justify;\">No desejo de assumir continuamente a causa ind\u00edgena, dom Roque lembrou o aprendizado em rela\u00e7\u00e3o ao respeito \u00e0 casa comum, a partir do exemplo das comunidades ind\u00edgenas e sua rela\u00e7\u00e3o respeitosa e amorosa com a cria\u00e7\u00e3o.<\/p>\n<blockquote><p>\u201cE \u00e9 por isso que n\u00f3s temos essa preocupa\u00e7\u00e3o muito grande com esses projetos que abrem para a monocultura, que abrem para a minera\u00e7\u00e3o, que abrem para a degrada\u00e7\u00e3o do meio ambiente, e, sobretudo, querem tirar de voc\u00eas a \u00fanica coisa que voc\u00eas t\u00eam, que s\u00e3o as terras, para n\u00e3o os oferecer nada a n\u00e3o ser o caminho, cada vez mais, da invisibilidade e da exclus\u00e3o\u201d, disse dom Roque Paloschi.<\/p><\/blockquote>\n<p style=\"text-align: justify;\">O presidente do Cimi agradeceu novamente pelo caminho de resist\u00eancia dos povos ind\u00edgenas, motivando-os a ter a consci\u00eancia de que, sem essa mobiliza\u00e7\u00e3o, \u201cn\u00e3o se chega a lugar nenhum\u201d e lamentou que as demarca\u00e7\u00f5es de terras est\u00e3o amea\u00e7adas pelo Governo Federal e pelo Congresso Nacional com suas a\u00e7\u00f5es anti-ind\u00edgenas.<\/p>\n<p style=\"text-align: justify;\">\n<h3 style=\"text-align: justify;\">Mulheres ind\u00edgenas<\/h3>\n<figure class=\"wp-caption alignleft\" style=\"text-align: justify;\"><img loading=\"lazy\" decoding=\"async\" src=\"http:\/\/repam.org.br\/wp-content\/uploads\/2021\/06\/IMG_6575-300x200.jpg\" alt=\"\" width=\"300\" height=\"200\" \/><figcaption class=\"wp-caption-text\"><em>Irm\u00e3 Irene Lopes durante visita ao Levante pela Terra | Foto: Carol Lira\/REPAM-Brasil<\/em><\/figcaption><\/figure>\n<p style=\"text-align: justify;\">A assessora da Comiss\u00e3o para a Amaz\u00f4nia da CNBB e secret\u00e1ria executiva da Repam-Brasil, irm\u00e3 Maria Irene Lopes, parabenizou todas as mulheres e recordou a atua\u00e7\u00e3o feminina nas comunidades. \u201cAs mulheres s\u00e3o a for\u00e7a das comunidades e s\u00e3o elas que tamb\u00e9m cuidam da casa comum. Fico encantada de ver a presen\u00e7a das mulheres nas comunidades ind\u00edgenas. Que voc\u00eas continuem tendo essa for\u00e7a e essa coragem\u201d, salientou.<\/p>\n<p style=\"text-align: justify;\">O assessor pol\u00edtico da CNBB, pe. Paulo Renato, finalizou o momento pedindo for\u00e7a para que a Igreja continue firme apoiando a vida e lutando por ela para ser coerente com o Evangelho.<\/p>\n<p style=\"text-align: justify;\">\n<h3 style=\"text-align: justify;\"><strong>Levante pela Terra<\/strong><\/h3>\n<p style=\"text-align: justify;\">Mais de 850 ind\u00edgenas, de 48 povos de diversas regi\u00f5es do pa\u00eds, realizam, desde o dia 8 de junho, o Acampamento Levante pela Terra em Bras\u00edlia, onde protestam contra a agenda anti-ind\u00edgena do governo e do Congresso Nacional.<\/p>\n<p style=\"text-align: justify;\">Entre as principais pautas est\u00e3o a luta contra o Projeto de Lei (PL) 490\/2007, aprovado pela Comiss\u00e3o de Constitui\u00e7\u00e3o e Justi\u00e7a e de Cidadania (CCJC) na \u00faltima quarta-feira (23), contra a tese ruralista do \u201cmarco temporal\u201d, que ser\u00e1 votada no Supremo Tribunal Federal (STF) no dia 30, e pela prote\u00e7\u00e3o dos povos ind\u00edgenas que v\u00eam sendo amea\u00e7ados por ataques de garimpeiros, fazendeiros, madeireiros e outros grupos que atuam ilegalmente em seus territ\u00f3rios.<\/p>\n<div class=\"fb-video fb_iframe_widget fb_iframe_widget_fluid_desktop\" data-href=\"https:\/\/www.facebook.com\/conselhoindigenistamissionario\/videos\/220607016554346\"><iframe loading=\"lazy\" class=\"\" title=\"fb:video Facebook Social Plugin\" src=\"https:\/\/www.facebook.com\/v11.0\/plugins\/video.php?app_id=&amp;channel=https%3A%2F%2Fstaticxx.facebook.com%2Fx%2Fconnect%2Fxd_arbiter%2F%3Fversion%3D46%23cb%3Df345da2dbbdb7d%26domain%3Dwww.cnbb.org.br%26origin%3Dhttps%253A%252F%252Fwww.cnbb.org.br%252Ff38559979ea3778%26relation%3Dparent.parent&amp;container_width=704&amp;href=https%3A%2F%2Fwww.facebook.com%2Fconselhoindigenistamissionario%2Fvideos%2F220607016554346&amp;locale=en_US&amp;sdk=joey\" name=\"f3f15b70dc864c4\" width=\"1000px\" height=\"1000px\" frameborder=\"0\" scrolling=\"no\" allowfullscreen=\"allowfullscreen\" data-testid=\"fb:video Facebook Social Plugin\" data-mce-fragment=\"1\"><\/iframe><\/div>\n<p>&nbsp;<\/p>\n<p>Confira mais fotos:<\/p>\n<p>&nbsp;<\/p>\n<div class=\"fb-post fb_iframe_widget\" data-href=\"https:\/\/www.facebook.com\/144805479287822\/posts\/1211455359289490\" data-width=\"1200\"><iframe loading=\"lazy\" class=\"\" title=\"fb:post Facebook Social Plugin\" src=\"https:\/\/www.facebook.com\/v11.0\/plugins\/post.php?app_id=&amp;channel=https%3A%2F%2Fstaticxx.facebook.com%2Fx%2Fconnect%2Fxd_arbiter%2F%3Fversion%3D46%23cb%3Df2e7a401f2c095c%26domain%3Dwww.cnbb.org.br%26origin%3Dhttps%253A%252F%252Fwww.cnbb.org.br%252Ff38559979ea3778%26relation%3Dparent.parent&amp;container_width=0&amp;href=https%3A%2F%2Fwww.facebook.com%2F144805479287822%2Fposts%2F1211455359289490&amp;locale=en_US&amp;sdk=joey&amp;width=1200\" name=\"f583c5fae369e4\" width=\"1200px\" height=\"1000px\" frameborder=\"0\" scrolling=\"no\" allowfullscreen=\"allowfullscreen\" data-testid=\"fb:post Facebook Social Plugin\" data-mce-fragment=\"1\"><\/iframe><\/div>\n<pre>Com informa\u00e7\u00f5es e fotos de Repam-Brasil e Cimi<\/pre>\n","protected":false},"excerpt":{"rendered":"<p>A Confer\u00eancia Nacional dos Bispos do Brasil (CNBB) manifestou, na tarde de ontem, 28 de junho, seu apoio \u00e0 mobiliza\u00e7\u00e3o dos povos ind\u00edgenas na luta pelos territ\u00f3rios. O bispo auxiliar da arquidiocese do Rio de Janeiro (RJ) e secret\u00e1rio-geral da CNBB, dom Joel Portella Amado, falou aos ind\u00edgenas acampados na Esplanada dos Minist\u00e9rios e ressaltou [&hellip;]<\/p>\n","protected":false},"author":1,"featured_media":68417,"comment_status":"open","ping_status":"closed","sticky":false,"template":"","format":"standard","meta":{"footnotes":""},"categories":[7],"tags":[],"class_list":["post-68416","post","type-post","status-publish","format-standard","has-post-thumbnail","hentry","category-cnbb"],"_links":{"self":[{"href":"https:\/\/catolicanet.net\/wp-cnet\/wp-json\/wp\/v2\/posts\/68416","targetHints":{"allow":["GET"]}}],"collection":[{"href":"https:\/\/catolicanet.net\/wp-cnet\/wp-json\/wp\/v2\/posts"}],"about":[{"href":"https:\/\/catolicanet.net\/wp-cnet\/wp-json\/wp\/v2\/types\/post"}],"author":[{"embeddable":true,"href":"https:\/\/catolicanet.net\/wp-cnet\/wp-json\/wp\/v2\/users\/1"}],"replies":[{"embeddable":true,"href":"https:\/\/catolicanet.net\/wp-cnet\/wp-json\/wp\/v2\/comments?post=68416"}],"version-history":[{"count":1,"href":"https:\/\/catolicanet.net\/wp-cnet\/wp-json\/wp\/v2\/posts\/68416\/revisions"}],"predecessor-version":[{"id":68418,"href":"https:\/\/catolicanet.net\/wp-cnet\/wp-json\/wp\/v2\/posts\/68416\/revisions\/68418"}],"wp:featuredmedia":[{"embeddable":true,"href":"https:\/\/catolicanet.net\/wp-cnet\/wp-json\/wp\/v2\/media\/68417"}],"wp:attachment":[{"href":"https:\/\/catolicanet.net\/wp-cnet\/wp-json\/wp\/v2\/media?parent=68416"}],"wp:term":[{"taxonomy":"category","embeddable":true,"href":"https:\/\/catolicanet.net\/wp-cnet\/wp-json\/wp\/v2\/categories?post=68416"},{"taxonomy":"post_tag","embeddable":true,"href":"https:\/\/catolicanet.net\/wp-cnet\/wp-json\/wp\/v2\/tags?post=68416"}],"curies":[{"name":"wp","href":"https:\/\/api.w.org\/{rel}","templated":true}]}}