{"id":68412,"date":"2021-06-29T09:51:06","date_gmt":"2021-06-29T12:51:06","guid":{"rendered":"https:\/\/catolicanet.net\/wp-cnet\/?p=68412"},"modified":"2021-06-29T15:52:38","modified_gmt":"2021-06-29T18:52:38","slug":"acordo-de-cooperacao-tecnica-entre-a-cnbb-e-o-iphan-e-tema-do-webinar-desta-quarta-feira-30-as-19h","status":"publish","type":"post","link":"https:\/\/catolicanet.net\/wp-cnet\/acordo-de-cooperacao-tecnica-entre-a-cnbb-e-o-iphan-e-tema-do-webinar-desta-quarta-feira-30-as-19h\/","title":{"rendered":"\u2018ACORDO DE COOPERA\u00c7\u00c3O T\u00c9CNICA ENTRE A CNBB E O IPHAN\u2019 \u00c9 TEMA DO WEBINAR DESTA QUARTA-FEIRA (30), \u00c0S 19H"},"content":{"rendered":"<p style=\"text-align: justify;\">Os Setores Cultura e Bens Culturais da Comiss\u00e3o Episcopal Pastoral para Cultura e Educa\u00e7\u00e3o da Confer\u00eancia Nacional dos Bispos do Brasil (CNBB), promovem nesta quarta-feira, 30 de junho, \u00e0s 19h, o webinar\u00a0<em><strong>\u2018Acordo de Coopera\u00e7\u00e3o T\u00e9cnica entre a CNBB e o IPHAN\u2019<\/strong><\/em>.<\/p>\n<p style=\"text-align: justify;\">O Acordo de Coopera\u00e7\u00e3o T\u00e9cnica (ACT) in\u00e9dito e hist\u00f3rico estabelece um conjunto de a\u00e7\u00f5es, que v\u00e3o desde o diagn\u00f3stico dos bens tombados a a\u00e7\u00f5es educativas, passando ainda pela identifica\u00e7\u00e3o desse Patrim\u00f4nio Cultural, estabelecimento de diretrizes para interven\u00e7\u00f5es, fomento \u00e0 conserva\u00e7\u00e3o e capacita\u00e7\u00e3o de colaboradores para a\u00a0gest\u00e3o de im\u00f3veis e acervos.<\/p>\n<p style=\"text-align: justify;\"><img loading=\"lazy\" decoding=\"async\" class=\" wp-image-328090 alignleft\" src=\"https:\/\/www.cnbb.org.br\/wp-content\/uploads\/2021\/06\/WhatsApp-Image-2021-06-29-at-07.20.33-1024x1024.jpeg\" sizes=\"auto, (max-width: 315px) 100vw, 315px\" srcset=\"https:\/\/www.cnbb.org.br\/wp-content\/uploads\/2021\/06\/WhatsApp-Image-2021-06-29-at-07.20.33-1024x1024.jpeg 1024w, https:\/\/www.cnbb.org.br\/wp-content\/uploads\/2021\/06\/WhatsApp-Image-2021-06-29-at-07.20.33-300x300.jpeg 300w, https:\/\/www.cnbb.org.br\/wp-content\/uploads\/2021\/06\/WhatsApp-Image-2021-06-29-at-07.20.33-150x150.jpeg 150w, https:\/\/www.cnbb.org.br\/wp-content\/uploads\/2021\/06\/WhatsApp-Image-2021-06-29-at-07.20.33-768x767.jpeg 768w, https:\/\/www.cnbb.org.br\/wp-content\/uploads\/2021\/06\/WhatsApp-Image-2021-06-29-at-07.20.33-800x800.jpeg 800w, https:\/\/www.cnbb.org.br\/wp-content\/uploads\/2021\/06\/WhatsApp-Image-2021-06-29-at-07.20.33-500x500.jpeg 500w, https:\/\/www.cnbb.org.br\/wp-content\/uploads\/2021\/06\/WhatsApp-Image-2021-06-29-at-07.20.33.jpeg 1081w\" alt=\"\" width=\"315\" height=\"315\" \/><\/p>\n<p style=\"text-align: justify;\">Igrejas, conventos, resid\u00eancias e acervos de arte sacra est\u00e3o entre os bens culturais inclu\u00eddos no acordo que abrange cerca de um ter\u00e7o do total dos bens tombados pelo IPHAN.<\/p>\n<p style=\"text-align: justify;\">A live desta semana recebe o assessor do Setor Cultura e Bens Culturais da CNBB e coordenador\/fiscal do acordo, padre Luciano da Silva. A media\u00e7\u00e3o ser\u00e1 feita pelo jornalista da assessoria de comunica\u00e7\u00e3o da CNBB, Bruno Feittosa. O webinar ser\u00e1 \u00e0s 19h, no canal do Youtube da Comiss\u00e3o para Cultura e Educa\u00e7\u00e3o da CNBB<\/p>\n<p style=\"text-align: justify;\">Acesse o link:\u00a0<a href=\"https:\/\/www.youtube.com\/channel\/UCj-Iuy37uTrpOun69BIACWg\/videos\" target=\"_blank\" rel=\"noopener\"><strong>Youtube.com\/culturaeeducacaocnbb<\/strong><\/a><\/p>\n","protected":false},"excerpt":{"rendered":"<p>Os Setores Cultura e Bens Culturais da Comiss\u00e3o Episcopal Pastoral para Cultura e Educa\u00e7\u00e3o da Confer\u00eancia Nacional dos Bispos do Brasil (CNBB), promovem nesta quarta-feira, 30 de junho, \u00e0s 19h, o webinar\u00a0\u2018Acordo de Coopera\u00e7\u00e3o T\u00e9cnica entre a CNBB e o IPHAN\u2019. O Acordo de Coopera\u00e7\u00e3o T\u00e9cnica (ACT) in\u00e9dito e hist\u00f3rico estabelece um conjunto de a\u00e7\u00f5es, [&hellip;]<\/p>\n","protected":false},"author":1,"featured_media":68413,"comment_status":"open","ping_status":"closed","sticky":false,"template":"","format":"standard","meta":{"footnotes":""},"categories":[7,13],"tags":[],"class_list":["post-68412","post","type-post","status-publish","format-standard","has-post-thumbnail","hentry","category-cnbb","category-featured"],"_links":{"self":[{"href":"https:\/\/catolicanet.net\/wp-cnet\/wp-json\/wp\/v2\/posts\/68412","targetHints":{"allow":["GET"]}}],"collection":[{"href":"https:\/\/catolicanet.net\/wp-cnet\/wp-json\/wp\/v2\/posts"}],"about":[{"href":"https:\/\/catolicanet.net\/wp-cnet\/wp-json\/wp\/v2\/types\/post"}],"author":[{"embeddable":true,"href":"https:\/\/catolicanet.net\/wp-cnet\/wp-json\/wp\/v2\/users\/1"}],"replies":[{"embeddable":true,"href":"https:\/\/catolicanet.net\/wp-cnet\/wp-json\/wp\/v2\/comments?post=68412"}],"version-history":[{"count":1,"href":"https:\/\/catolicanet.net\/wp-cnet\/wp-json\/wp\/v2\/posts\/68412\/revisions"}],"predecessor-version":[{"id":68414,"href":"https:\/\/catolicanet.net\/wp-cnet\/wp-json\/wp\/v2\/posts\/68412\/revisions\/68414"}],"wp:featuredmedia":[{"embeddable":true,"href":"https:\/\/catolicanet.net\/wp-cnet\/wp-json\/wp\/v2\/media\/68413"}],"wp:attachment":[{"href":"https:\/\/catolicanet.net\/wp-cnet\/wp-json\/wp\/v2\/media?parent=68412"}],"wp:term":[{"taxonomy":"category","embeddable":true,"href":"https:\/\/catolicanet.net\/wp-cnet\/wp-json\/wp\/v2\/categories?post=68412"},{"taxonomy":"post_tag","embeddable":true,"href":"https:\/\/catolicanet.net\/wp-cnet\/wp-json\/wp\/v2\/tags?post=68412"}],"curies":[{"name":"wp","href":"https:\/\/api.w.org\/{rel}","templated":true}]}}