{"id":68409,"date":"2021-06-29T09:42:41","date_gmt":"2021-06-29T12:42:41","guid":{"rendered":"https:\/\/catolicanet.net\/wp-cnet\/?p=68409"},"modified":"2021-06-29T15:47:36","modified_gmt":"2021-06-29T18:47:36","slug":"papa-a-exemplo-de-pedro-e-paulo-abandonar-as-mascaras-por-igreja-mais-missionaria","status":"publish","type":"post","link":"https:\/\/catolicanet.net\/wp-cnet\/papa-a-exemplo-de-pedro-e-paulo-abandonar-as-mascaras-por-igreja-mais-missionaria\/","title":{"rendered":"Papa: a exemplo de Pedro e Paulo, abandonar as m\u00e1scaras por Igreja mais mission\u00e1ria"},"content":{"rendered":"<div class=\"article__subTitle\" style=\"text-align: justify;\">No Angelus desta ter\u00e7a-feira (29), Francisco encorajou a seguir o testemunho de vida de Pedro e Paulo, refor\u00e7ando a mensagem da missa da manh\u00e3 por ocasi\u00e3o da Solenidade dos Ap\u00f3stolos: vamos &#8220;abandonar as nossas m\u00e1scaras, renunciar \u00e0s meias-medidas, \u00e0s desculpas que nos tornam mornos e med\u00edocres&#8221;. O pedido do Papa, assim, para nos &#8220;colocarmos em jogo&#8221;, com transpar\u00eancia, fazendo uma Igreja &#8220;mais pr\u00f3xima ao povo, prof\u00e9tica e mission\u00e1ria&#8221;.<\/div>\n<div class=\"title__separator\" style=\"text-align: justify;\"><\/div>\n<div class=\"article__text \">\n<p style=\"text-align: justify;\"><b>Andressa Collet &#8211; Vatican News<\/b><\/p>\n<div style=\"text-align: justify;\">\n<div class=\"article__embed article__embed--unwrap article__embed--dark\">\n<div class=\"article__innerTitle\">Ou\u00e7a a reportagem com a voz do Papa e compartilhe<\/div>\n<div>\n<!--[if lt IE 9]><script>document.createElement('audio');<\/script><![endif]-->\n<audio class=\"wp-audio-shortcode\" id=\"audio-68409-1\" preload=\"none\" style=\"width: 100%;\" controls=\"controls\"><source type=\"audio\/mpeg\" src=\"https:\/\/media.vaticannews.va\/media\/audio\/s1\/2021\/06\/29\/12\/136102206_F136102206.mp3?_=1\" \/><a href=\"https:\/\/media.vaticannews.va\/media\/audio\/s1\/2021\/06\/29\/12\/136102206_F136102206.mp3\">https:\/\/media.vaticannews.va\/media\/audio\/s1\/2021\/06\/29\/12\/136102206_F136102206.mp3<\/a><\/audio>\n<\/div>\n<\/div>\n<\/div>\n<p style=\"text-align: justify;\">No dia da Solenidade de S\u00e3o Pedro e S\u00e3o Paulo e ap\u00f3s presidir a celebra\u00e7\u00e3o na Bas\u00edlica Vaticana, o Papa rezou a ora\u00e7\u00e3o mariana do Angelus com os fi\u00e9is da janela do seu escrit\u00f3rio no Pal\u00e1cio Apost\u00f3lico. A Pra\u00e7a S\u00e3o Pedro recebeu muitos peregrinos e turistas por ocasi\u00e3o da festa dos santos padroeiros de Roma nesta ter\u00e7a-feira (29), feriado na capital italiana e no Vaticano.<\/p>\n<p style=\"text-align: justify;\">E olhando justamente para a vida de Pedro e Paulo e atrav\u00e9s do Evangelho de hoje (<i>Mt\u00a0<\/i>16, 13-19), o Papa Francisco nos dirigiu uma provoca\u00e7\u00e3o feita pelo pr\u00f3prio Jesus aos disc\u00edpulos: \u201cquem dizem as pessoas que Eu sou?\u201d e \u201cquem sou Eu para ti?\u201d. A primeira quest\u00e3o \u201ctratava-se de uma sondagem para descobrir quais eram as opini\u00f5es sobre Ele e a fama de que gozava, mas a notoriedade n\u00e3o interessa a Jesus\u201d, observou o Pont\u00edfice. Por isso da import\u00e2ncia de conseguir reconhecer a \u201cdiferen\u00e7a fundamental da vida crist\u00e3\u201d para n\u00e3o se limitar \u00e0 segunda pergunta, sobre as opini\u00f5es dos outros e falando \u201cde Jesus\u201d, mas entrando em rela\u00e7\u00e3o com Ele, falando \u201ccom Jesus\u201d, como testemunharam Pedro e Paulo.<\/p>\n<div style=\"text-align: justify;\">\n<div class=\"article__embed article__embed--border embed_style\">\n<blockquote><p>\u201cOs Santos que hoje celebramos fizeram esta passagem, tornando-se testemunhas. N\u00e3o eram admiradores, mas imitadores de Jesus. N\u00e3o eram espectadores, mas protagonistas do Evangelho. N\u00e3o acreditavam em palavras, mas nos atos. Pedro n\u00e3o falou de miss\u00e3o, era pescador de homens; Paulo n\u00e3o escreveu livros eruditos, mas cartas vivas, enquanto viajava e testemunhava. Ambos gastaram a vida pelo Senhor e pelos irm\u00e3os.\u201d<\/p><\/blockquote>\n<\/div>\n<\/div>\n<h2 style=\"text-align: justify;\">Seguir o testemunho de vida de Pedro e Paulo<\/h2>\n<p style=\"text-align: justify;\">O Papa, assim, encorajou a aceitarmos essa provoca\u00e7\u00e3o, seguindo o testemunho de vida dos Apost\u00f3los que nem sempre foram \u201cexemplares\u201d, mas \u201ctransparentes\u201d j\u00e1 que tiveram toda a \u201chist\u00f3ria nua e crua nos Evangelhos, com todas as mis\u00e9rias\u201d. S\u00f3 assim, \u201cda luta contra as pr\u00f3prias duplicidades e falsidades\u201d, o Senhor pode fazer grandes coisas atrav\u00e9s de n\u00f3s, enfatizou Francisco, para n\u00e3o corrermos o risco \u201cde dar pareceres e opini\u00f5es, de ter grandes ideias e dizer belas palavras, mas de nunca nos colocarmos em jogo\u201d:<\/p>\n<p style=\"text-align: justify;\"><i>\u201cQuantas vezes, por exemplo, dizemos que gostar\u00edamos de uma Igreja mais fiel ao Evangelho, mais pr\u00f3xima do povo, mais prof\u00e9tica e mission\u00e1ria, mas depois, na pr\u00e1tica, nada fazemos! \u00c9 triste ver que muitos falam, comentam e debatem, mas poucos testemunham. As testemunhas n\u00e3o se perdem em palavras, mas d\u00e3o fruto. N\u00e3o se queixam dos outros e do mundo, mas come\u00e7am por si pr\u00f3prias. Lembram-nos que Deus n\u00e3o deve ser demonstrado, mas mostrado; n\u00e3o anunciado com proclama\u00e7\u00f5es, mas testemunhado com o exemplo.\u201d<\/i><\/p>\n<h2 style=\"text-align: justify;\">Quem sou Eu para ti?<\/h2>\n<p style=\"text-align: justify;\">O Pont\u00edfice finalizou, ent\u00e3o, a alocu\u00e7\u00e3o que precedeu a ora\u00e7\u00e3o mariana do Angelus, refor\u00e7ando para que n\u00e3o nos preocupemos \u201cem cuidar de defender a nossa imagem\u201d, mas, ao contr\u00e1rio, busquemos seguir os passos dos Ap\u00f3stolos:<\/p>\n<div style=\"text-align: justify;\">\n<div class=\"article__embed article__embed--border embed_style\">\n<blockquote><p>\u201cCaros irm\u00e3os e irm\u00e3s, hoje o Senhor interpela-nos. A sua pergunta &#8211; Quem sou Eu para ti? &#8211; escava dentro de n\u00f3s. Atrav\u00e9s das suas testemunhas Pedro e Paulo, exorta-nos a abandonar as nossas m\u00e1scaras, a renunciar \u00e0s meias-medidas, \u00e0s desculpas que nos tornam mornos e med\u00edocres. Nossa Senhora, Rainha dos Ap\u00f3stolos, nos ajude nisto. Acenda em n\u00f3s o desejo de dar testemunho de Jesus!\u201d<\/p><\/blockquote>\n<\/div>\n<\/div>\n<div>\n<div class=\"article__embed article__embed--unwrap article__embed--dark\">\n<div class=\"embed-container\" style=\"text-align: justify;\"><iframe id=\"246717681\" src=\"https:\/\/www.youtube.com\/embed\/0yin-jAr9dM?wmode=opaque&amp;rel=0&amp;autohide=1&amp;showinfo=0&amp;wmode=transparent&amp;modestbranding=1&amp;enablejsapi=1&amp;origin=https:\/\/www.vaticannews.va&amp;start=&amp;end=\" allowfullscreen=\"allowfullscreen\" data-gtm-yt-inspected-7781034_9=\"true\" data-mce-fragment=\"1\"><\/iframe><\/div>\n<div class=\"article__innerTitle\" style=\"text-align: justify;\">Confira na \u00edntegra o Angelus com o Papa<\/div>\n<\/div>\n<\/div>\n<\/div>\n","protected":false},"excerpt":{"rendered":"<p>No Angelus desta ter\u00e7a-feira (29), Francisco encorajou a seguir o testemunho de vida de Pedro e Paulo, refor\u00e7ando a mensagem da missa da manh\u00e3 por ocasi\u00e3o da Solenidade dos Ap\u00f3stolos: vamos &#8220;abandonar as nossas m\u00e1scaras, renunciar \u00e0s meias-medidas, \u00e0s desculpas que nos tornam mornos e med\u00edocres&#8221;. O pedido do Papa, assim, para nos &#8220;colocarmos em [&hellip;]<\/p>\n","protected":false},"author":1,"featured_media":68410,"comment_status":"open","ping_status":"closed","sticky":false,"template":"","format":"standard","meta":{"footnotes":""},"categories":[3],"tags":[],"class_list":["post-68409","post","type-post","status-publish","format-standard","has-post-thumbnail","hentry","category-vaticano"],"_links":{"self":[{"href":"https:\/\/catolicanet.net\/wp-cnet\/wp-json\/wp\/v2\/posts\/68409","targetHints":{"allow":["GET"]}}],"collection":[{"href":"https:\/\/catolicanet.net\/wp-cnet\/wp-json\/wp\/v2\/posts"}],"about":[{"href":"https:\/\/catolicanet.net\/wp-cnet\/wp-json\/wp\/v2\/types\/post"}],"author":[{"embeddable":true,"href":"https:\/\/catolicanet.net\/wp-cnet\/wp-json\/wp\/v2\/users\/1"}],"replies":[{"embeddable":true,"href":"https:\/\/catolicanet.net\/wp-cnet\/wp-json\/wp\/v2\/comments?post=68409"}],"version-history":[{"count":1,"href":"https:\/\/catolicanet.net\/wp-cnet\/wp-json\/wp\/v2\/posts\/68409\/revisions"}],"predecessor-version":[{"id":68411,"href":"https:\/\/catolicanet.net\/wp-cnet\/wp-json\/wp\/v2\/posts\/68409\/revisions\/68411"}],"wp:featuredmedia":[{"embeddable":true,"href":"https:\/\/catolicanet.net\/wp-cnet\/wp-json\/wp\/v2\/media\/68410"}],"wp:attachment":[{"href":"https:\/\/catolicanet.net\/wp-cnet\/wp-json\/wp\/v2\/media?parent=68409"}],"wp:term":[{"taxonomy":"category","embeddable":true,"href":"https:\/\/catolicanet.net\/wp-cnet\/wp-json\/wp\/v2\/categories?post=68409"},{"taxonomy":"post_tag","embeddable":true,"href":"https:\/\/catolicanet.net\/wp-cnet\/wp-json\/wp\/v2\/tags?post=68409"}],"curies":[{"name":"wp","href":"https:\/\/api.w.org\/{rel}","templated":true}]}}