{"id":68399,"date":"2021-06-25T10:55:56","date_gmt":"2021-06-25T13:55:56","guid":{"rendered":"https:\/\/catolicanet.net\/wp-cnet\/?p=68399"},"modified":"2021-06-28T15:57:21","modified_gmt":"2021-06-28T18:57:21","slug":"talita-cum-2","status":"publish","type":"post","link":"https:\/\/catolicanet.net\/wp-cnet\/talita-cum-2\/","title":{"rendered":"\u201cTalit\u00e1 cum\u201d"},"content":{"rendered":"<p style=\"text-align: justify;\">\u00a0\u00a0\u00a0\u00a0\u00a0\u00a0\u00a0\u00a0\u00a0\u00a0\u00a0 Um dia perguntaram a Paul Claudel (1868 + 1955), diplomata, dramaturgo e poeta franc\u00eas, que ficara cego, qual seria agora o sentido da sua vida. Respondeu: \u201cN\u00e3o tenho mais nada. Por\u00e9m, me restaram os joelhos para rezar\u201d.<\/p>\n<p style=\"text-align: justify;\">\u00a0\u00a0\u00a0\u00a0\u00a0\u00a0\u00a0\u00a0\u00a0\u00a0\u00a0 H\u00e1 momentos em que vida foge das m\u00e3os por causa de doen\u00e7as incur\u00e1veis, cr\u00f4nicas ou quando a morte leva pessoas amadas e pr\u00f3ximas. Outros momentos simplesmente a alegria de viver vai se esvaindo por outros motivos. Entra-se num t\u00fanel de tristeza e desencorajamento ou at\u00e9 se chega ao desespero. Num contexto similar desenvolve-se a liturgia dominical, a partir do texto b\u00edblico de Marcos 5,21-43. Um pai de nome Jairo, for\u00e7a passagem entre a multid\u00e3o e cai aos p\u00e9s Jesus, e faz um pedido desesperado: \u201cMinha filhinha est\u00e1 nas \u00faltimas. Vem e p\u00f5e as m\u00e3os sobre ela, para que ela sare e viva!\u201d No meio da multid\u00e3o que comprimia Jesus, tinha outra mulher desesperada que h\u00e1 doze anos tinha uma hemorragia, mesmo tentando de tudo n\u00e3o se curava. Seu desejo era: \u201cSe eu ao menos tocar na roupa dele, ficarei curada\u201d.<\/p>\n<p style=\"text-align: justify;\">\u00a0\u00a0\u00a0\u00a0\u00a0\u00a0\u00a0\u00a0\u00a0\u00a0\u00a0 A atitude de Jesus nos dois epis\u00f3dios, que s\u00e3o relatados simultaneamente, orienta-nos como devem ser tratadas as pessoas nestas situa\u00e7\u00f5es sofridas. Jesus inclina-se sobre o sofrimento humano e cura o corpo, mas tamb\u00e9m cura o cora\u00e7\u00e3o, d\u00e1 a salva\u00e7\u00e3o e pede a f\u00e9 n\u2019Ele.<\/p>\n<p style=\"text-align: justify;\">\u00a0\u00a0\u00a0\u00a0\u00a0\u00a0\u00a0\u00a0\u00a0\u00a0\u00a0 Diante da solicita\u00e7\u00e3o desesperada de Jairo, mesmo uma multid\u00e3o se comprimindo ao seu redor, Jesus se coloca em movimento em dire\u00e7\u00e3o da menina gravemente doente. Por\u00e9m no caminho, \u00e9 tocado pela mulher desesperada e que imediatamente fica curada da hemorragia. Ao chegar na casa de Jairo, vai ao quarto da menina de 12 anos, pegou na m\u00e3o dela e disse: \u201cTalit\u00e1 Cum\u201d \u2013 que quer dizer: \u201cMenina, levanta-te\u201d. Temos, nestas a\u00e7\u00f5es a cura do corpo.<\/p>\n<p style=\"text-align: justify;\">\u00a0\u00a0\u00a0\u00a0\u00a0\u00a0\u00a0\u00a0\u00a0\u00a0\u00a0 Jesus n\u00e3o ficou satisfeito apenas em curar o corpo. Quer ver, encontrar-se, falar, dialogar com as curadas. Quer v\u00ea-las bem. Quer saber quem o tinha tocado propositadamente, mesmo que uma multid\u00e3o o comprimisse. \u201cQuem tocou a minha roupa\u201d, pergunta. O Evangelho descreve que a mulher \u201ccheia de medo e tremendo &#8230; veio e caiu aos p\u00e9s de Jesus, e contou-lhe toda a verdade\u201d. A mulher que vivia nesta situa\u00e7\u00e3o desesperadora n\u00e3o poderia ser simplesmente curada da hemorragia, mas precisa ser curada na sua totalidade. Havia necessidade de lhe devolver a dignidade, tirar-lhe o medo, inclu\u00ed-la na sociedade. \u00c9 o que revela a conclus\u00e3o do encontro pessoal com Cristo. \u201cFilha, a tua f\u00e9 te salvou. Vai em paz e fica curada dessa doen\u00e7a\u201d. A menina curada levantou-se imediatamente e come\u00e7ou a andar. Jesus pede para aliment\u00e1-la.<\/p>\n<p style=\"text-align: justify;\">\u00a0\u00a0\u00a0\u00a0\u00a0\u00a0\u00a0\u00a0\u00a0\u00a0\u00a0 A atitude de Jesus em rela\u00e7\u00e3o ao sofrimento nos leva a pensar em quantos atuam cotidianamente com os doentes, em especial os m\u00e9dicos, enfermeiros, t\u00e9cnicos de enfermagem, os agentes de sa\u00fade, cuidadores, etc. Tamb\u00e9m nos faz pensar naqueles que prestam a assist\u00eancia religiosa nos hospitais e outros ambientes de cura. \u201cEles s\u00e3o \u2018reservas de amor\u2019, que d\u00e3o serenidade e esperan\u00e7a aos sofredores&#8230; Com efeito, trata-se de seres humanos, que precisam de humanidade e da aten\u00e7\u00e3o do cora\u00e7\u00e3o. \u2018Por isso, para tais agentes al\u00e9m da prepara\u00e7\u00e3o profissional, requer-se tamb\u00e9m, e sobretudo, a forma\u00e7\u00e3o do cora\u00e7\u00e3o: \u00e9 preciso leva-los \u00e0quele encontro com Deus em Cristo que neles suscite o amor e abre o seu \u00edntimo ao outro\u201d (Bento XVI \u2013 Deus caritas est n\u00ba31)<\/p>\n<p style=\"text-align: justify;\">\u00a0\u00a0\u00a0\u00a0\u00a0\u00a0\u00a0\u00a0\u00a0\u00a0\u00a0 As duas narra\u00e7\u00f5es de cura s\u00e3o um convite para superar uma vis\u00e3o puramente horizontal e materialista da vida. Ou simplesmente preocupar-se com a cura f\u00edsica. Assim como Jairo e a mulher, pede-se a Deus muitas curas de problemas, de necessidades concretas, e \u00e9 justo. Com a mesma insist\u00eancia deve-se pedir uma f\u00e9 cada vez mais firme, uma renova\u00e7\u00e3o da vida espiritual, uma confian\u00e7a firme no amor de Deus e na sua provid\u00eancia que n\u00e3o nos abandona.<\/p>\n","protected":false},"excerpt":{"rendered":"<p>\u00a0\u00a0\u00a0\u00a0\u00a0\u00a0\u00a0\u00a0\u00a0\u00a0\u00a0 Um dia perguntaram a Paul Claudel (1868 + 1955), diplomata, dramaturgo e poeta franc\u00eas, que ficara cego, qual seria agora o sentido da sua vida. Respondeu: \u201cN\u00e3o tenho mais nada. Por\u00e9m, me restaram os joelhos para rezar\u201d. \u00a0\u00a0\u00a0\u00a0\u00a0\u00a0\u00a0\u00a0\u00a0\u00a0\u00a0 H\u00e1 momentos em que vida foge das m\u00e3os por causa de doen\u00e7as incur\u00e1veis, cr\u00f4nicas ou quando [&hellip;]<\/p>\n","protected":false},"author":18,"featured_media":55821,"comment_status":"open","ping_status":"closed","sticky":false,"template":"","format":"standard","meta":{"footnotes":""},"categories":[9],"tags":[],"class_list":["post-68399","post","type-post","status-publish","format-standard","has-post-thumbnail","hentry","category-artigos"],"_links":{"self":[{"href":"https:\/\/catolicanet.net\/wp-cnet\/wp-json\/wp\/v2\/posts\/68399","targetHints":{"allow":["GET"]}}],"collection":[{"href":"https:\/\/catolicanet.net\/wp-cnet\/wp-json\/wp\/v2\/posts"}],"about":[{"href":"https:\/\/catolicanet.net\/wp-cnet\/wp-json\/wp\/v2\/types\/post"}],"author":[{"embeddable":true,"href":"https:\/\/catolicanet.net\/wp-cnet\/wp-json\/wp\/v2\/users\/18"}],"replies":[{"embeddable":true,"href":"https:\/\/catolicanet.net\/wp-cnet\/wp-json\/wp\/v2\/comments?post=68399"}],"version-history":[{"count":1,"href":"https:\/\/catolicanet.net\/wp-cnet\/wp-json\/wp\/v2\/posts\/68399\/revisions"}],"predecessor-version":[{"id":68400,"href":"https:\/\/catolicanet.net\/wp-cnet\/wp-json\/wp\/v2\/posts\/68399\/revisions\/68400"}],"wp:featuredmedia":[{"embeddable":true,"href":"https:\/\/catolicanet.net\/wp-cnet\/wp-json\/wp\/v2\/media\/55821"}],"wp:attachment":[{"href":"https:\/\/catolicanet.net\/wp-cnet\/wp-json\/wp\/v2\/media?parent=68399"}],"wp:term":[{"taxonomy":"category","embeddable":true,"href":"https:\/\/catolicanet.net\/wp-cnet\/wp-json\/wp\/v2\/categories?post=68399"},{"taxonomy":"post_tag","embeddable":true,"href":"https:\/\/catolicanet.net\/wp-cnet\/wp-json\/wp\/v2\/tags?post=68399"}],"curies":[{"name":"wp","href":"https:\/\/api.w.org\/{rel}","templated":true}]}}