{"id":68397,"date":"2021-06-28T09:50:20","date_gmt":"2021-06-28T12:50:20","guid":{"rendered":"https:\/\/catolicanet.net\/wp-cnet\/?p=68397"},"modified":"2021-06-28T15:55:06","modified_gmt":"2021-06-28T18:55:06","slug":"13o-domingo-do-tempo-comum","status":"publish","type":"post","link":"https:\/\/catolicanet.net\/wp-cnet\/13o-domingo-do-tempo-comum\/","title":{"rendered":"13\u00ba Domingo do Tempo Comum"},"content":{"rendered":"<p style=\"text-align: justify;\"><em><img loading=\"lazy\" decoding=\"async\" class=\"alignleft\" src=\"https:\/\/diocesedetaubate.org.br\/wp-content\/uploads\/2015\/05\/missa-acao-de-gracas-dom-carmo-16052015-23.jpg\" alt=\"Dom Carmo Jo\u00e3o Rhoden, um minist\u00e9rio episcopal pleno de realiza\u00e7\u00f5es \u2013  Portal da Diocese de Taubat\u00e9\" width=\"308\" height=\"205\" \/>Jesus ouviu clemente, o pedido de Jairo, o pai aflito, cuja filha morrera e o da mulher com hemorragia, curando-a <\/em>(Mc5.21-43).<\/p>\n<p style=\"text-align: justify;\">Jesus n\u00e3o pregou a si mesmo, mas falou da gl\u00f3ria do Pai e do Reino de Deus (Reinocentrismo). Para isso, veio, viveu, lutou, deu a vida, morreu e ressuscitou, como predito. Preparou-se para a miss\u00e3o, por longos anos e, na plenitude dos tempos, iniciou sua miss\u00e3o: evangelizar pela palavra e pelo testemunho. Os fatos extraordin\u00e1rios que ornam sua peregrina\u00e7\u00e3o terrena, o demonstram. S\u00e3o Marcos quis, atrav\u00e9s destes sinais, mostrar-nos, quem era Jesus: o Messias prometido. Conseguiu-o, parcialmente, pois nem todos assim o aceitam.<\/p>\n<p style=\"text-align: justify;\">No Evangelho de hoje, ele relatou dois acontecimentos, para comprovar a verdadeira identidade de Jesus.<\/p>\n<p style=\"text-align: justify;\">A morte e reanima\u00e7\u00e3o da filha de Jairo. Este se dirigiu a Jesus, suplicando-lhe: venha, por favor, l\u00e1 em casa, e imponha tuas m\u00e3os sobre minha filha, para que sare e viva. Jesus demorou um pouco, pois, faria mais do que lhe foi pedido. Reanimou-a quando j\u00e1 morta, entregando-a viva a seus pais, ent\u00e3o, felic\u00edssimos. Na sua humanidade, ainda, mandou que lhe dessem logo de comer (Mc 5,43).<\/p>\n<p style=\"text-align: justify;\">Entra agora em a\u00e7\u00e3o a mulher com hemorragia h\u00e1 doze anos (Mc 5,25ss.). Exclu\u00edda da comunidade, enquanto doente e j\u00e1 em parte, por ser mulher, ela n\u00e3o quis perder sua chance. Era tudo ou nada. Por isso, procura por Jesus. Encontra-O. Busca toc\u00e1-Lo. Consegue-O. Dizia, certamente, de si para si: se ao menos eu conseguir tocar na sua roupa, ficarei curada. Ficou. Contudo, Jesus ent\u00e3o perguntou, olhando a seu redor: quem me tocou? Com um misto de f\u00e9 e medo, aquela mulher jogou-se aos p\u00e9s de Jesus, mostrando toda a sua confian\u00e7a, gratid\u00e3o e amor.<\/p>\n<p style=\"text-align: justify;\">Jesus lhe disse, ent\u00e3o: \u201cfilha, v\u00e1 em paz e fica curada dessa doen\u00e7a\u201d. Ele (Jesus) era e continua sendo assim: amigo dos pobres e m\u00e9dico de nossas almas e corpos. Deus n\u00e3o \u00e9 autor da doen\u00e7a e da morte, mas da sa\u00fade e da vida, que deseja seja plena.<\/p>\n<p style=\"text-align: justify;\"><strong>Aprofundando o sentido das atitudes de Jesus, neste evangelho.<\/strong><\/p>\n<p style=\"text-align: justify;\">Ele n\u00e3o veio para fazer show, mas para ser o grande sinal de amor do Pai. Veio para transformar o mundo. Foi sens\u00edvel ao pedido da mulher com hemorragia. Reinseriu-a na comunidade. Deixou-a, certamente, muito feliz.<\/p>\n<p style=\"text-align: justify;\">No caso da filha de Jairo, ele n\u00e3o permitiu, e com raz\u00e3o, que entrassem no quarto, se n\u00e3o os pais e os tr\u00eas disc\u00edpulos. Nem mesmo levou os 12. Somente os tr\u00eas mais chegados a Ele. Dir\u00edamos hoje: n\u00e3o chamou a TV Globo, nem a Record, os jornalistas, para tudo constatar. Queria, evangelizando, mostrar quem era. N\u00e3o fazia autopromo\u00e7\u00e3o. Rediviva a menina, entregou-a a seus pais, certamente, agora fora de si, de alegria. Carinhosamente acrescentando: dai-lhe logo de comer.<\/p>\n<p style=\"text-align: justify;\">Trazendo tudo isso para os tempos da pandemia hodierna, o que podemos inferir?<\/p>\n<p style=\"text-align: justify;\">Intensificar nossa solidariedade, ajudando a doentes e necessitados, mantendo distanciamento social, usando m\u00e1scara, diminuindo, assim, poss\u00edveis mortes. N\u00e3o podemos dar a vida a falecidos, mas podemos, certamente, fazer muito mais, pelos irm\u00e3os vivos. Como? Dando-lhes, ainda, de comer, visitando-os e tendo mais presen\u00e7a na vida dos sofredores. Levando conosco novos Pedro, Tiago e Jo\u00e3o&#8230; ou seja, nossos amigos, para a felicidade de muitos pais e de tantos necessitados.<\/p>\n<p style=\"text-align: justify;\">Cada um poder\u00e1, ainda, fazer suas generosas conclus\u00f5es. Em tempo: dai-lhes de comer. N\u00e3o o repetiria, hoje, Jesus? Sim, certamente.<\/p>\n<p style=\"text-align: justify;\">\n","protected":false},"excerpt":{"rendered":"<p>Jesus ouviu clemente, o pedido de Jairo, o pai aflito, cuja filha morrera e o da mulher com hemorragia, curando-a (Mc5.21-43). Jesus n\u00e3o pregou a si mesmo, mas falou da gl\u00f3ria do Pai e do Reino de Deus (Reinocentrismo). Para isso, veio, viveu, lutou, deu a vida, morreu e ressuscitou, como predito. Preparou-se para a [&hellip;]<\/p>\n","protected":false},"author":1,"featured_media":55814,"comment_status":"open","ping_status":"closed","sticky":false,"template":"","format":"standard","meta":{"footnotes":""},"categories":[9],"tags":[],"class_list":["post-68397","post","type-post","status-publish","format-standard","has-post-thumbnail","hentry","category-artigos"],"_links":{"self":[{"href":"https:\/\/catolicanet.net\/wp-cnet\/wp-json\/wp\/v2\/posts\/68397","targetHints":{"allow":["GET"]}}],"collection":[{"href":"https:\/\/catolicanet.net\/wp-cnet\/wp-json\/wp\/v2\/posts"}],"about":[{"href":"https:\/\/catolicanet.net\/wp-cnet\/wp-json\/wp\/v2\/types\/post"}],"author":[{"embeddable":true,"href":"https:\/\/catolicanet.net\/wp-cnet\/wp-json\/wp\/v2\/users\/1"}],"replies":[{"embeddable":true,"href":"https:\/\/catolicanet.net\/wp-cnet\/wp-json\/wp\/v2\/comments?post=68397"}],"version-history":[{"count":1,"href":"https:\/\/catolicanet.net\/wp-cnet\/wp-json\/wp\/v2\/posts\/68397\/revisions"}],"predecessor-version":[{"id":68398,"href":"https:\/\/catolicanet.net\/wp-cnet\/wp-json\/wp\/v2\/posts\/68397\/revisions\/68398"}],"wp:featuredmedia":[{"embeddable":true,"href":"https:\/\/catolicanet.net\/wp-cnet\/wp-json\/wp\/v2\/media\/55814"}],"wp:attachment":[{"href":"https:\/\/catolicanet.net\/wp-cnet\/wp-json\/wp\/v2\/media?parent=68397"}],"wp:term":[{"taxonomy":"category","embeddable":true,"href":"https:\/\/catolicanet.net\/wp-cnet\/wp-json\/wp\/v2\/categories?post=68397"},{"taxonomy":"post_tag","embeddable":true,"href":"https:\/\/catolicanet.net\/wp-cnet\/wp-json\/wp\/v2\/tags?post=68397"}],"curies":[{"name":"wp","href":"https:\/\/api.w.org\/{rel}","templated":true}]}}