{"id":68393,"date":"2021-06-27T09:46:11","date_gmt":"2021-06-27T12:46:11","guid":{"rendered":"https:\/\/catolicanet.net\/wp-cnet\/?p=68393"},"modified":"2021-06-28T15:47:39","modified_gmt":"2021-06-28T18:47:39","slug":"xiii-domingo-do-tempo-comum","status":"publish","type":"post","link":"https:\/\/catolicanet.net\/wp-cnet\/xiii-domingo-do-tempo-comum\/","title":{"rendered":"XIII DOMINGO DO TEMPO COMUM"},"content":{"rendered":"<p style=\"text-align: center;\"><em>\u201cDeus criou o homem para a imortalidade\u201d (cf. Sb 2,23a)<\/em><em>\u00a0\u00a0\u00a0\u00a0\u00a0\u00a0\u00a0\u00a0 <\/em><\/p>\n<p style=\"text-align: justify;\"><em>\u00a0\u00a0\u00a0\u00a0\u00a0\u00a0\u00a0\u00a0 <\/em>A Liturgia do XIII Domingo do Tempo Comum, traz em sua ess\u00eancia que Deus \u00e9 o Deus da Vida, e traz a Vida em abund\u00e2ncia a todos os que O buscam. Pois, mesmo a inser\u00e7\u00e3o da morte por meio do diabo, sinal da inveja deste pelo Senhor, Deus n\u00e3o mede esfor\u00e7o em atentar-se a todos os buscam, mesmo no meio de uma grande multid\u00e3o, afinal o sinal da F\u00e9 \u00e9 percept\u00edvel daqueles que confiam inteiramente em Deus.<\/p>\n<p style=\"text-align: justify;\">Na Primeira Leitura extra\u00edda do Livro da Sabedoria <em>(Sb 1,13-15;2,23-24),<\/em> o Autor Sagrado nos reafirma que Deus criou todas as coisas para existirem, para vivenciar segundo a Sua imagem e semelhan\u00e7a. Por\u00e9m, \u201c<em>foi por inveja do diabo que a morte entrou no mundo, e experimentam-na os que a ele pertencem\u201d (cf. Sb 2,24). <\/em>Neste ponto, precisamos entender que, permanecer na Morte \u00e9 sinal daqueles que n\u00e3o confiam na Vida que Deus perpetua al\u00e9m da morte, fato \u00e9 que Cristo inaugura o C\u00e9u ap\u00f3s a sua Ressurrei\u00e7\u00e3o para que todos possam vivenciar a Vida Eterna.<\/p>\n<p style=\"text-align: justify;\">No Evangelho de Marcos (<em>Mc 5,21-43) <\/em>\u00e9 diretamente ligado com a Primeira Leitura na defesa da Vida, onde o paradigma de tudo que impe\u00e7a de viver, de curar e levantar, \u00e9 quebrado por Jesus Cristo, sinal da presen\u00e7a de Restaura\u00e7\u00e3o e Reavivamento. Afinal, o gesto de aproximar de Jesus e toc\u00e1-lo, assim como a mulher retratada neste Evangelho, nos demonstra a coragem e a confian\u00e7a em Deus, pois mesmo em meio a multid\u00e3o, Jesus percebe que aquele momento foi de restaura\u00e7\u00e3o da Vida que ele mesmo veio propagar e, com bastante amor, fala para aquela mulher: <em>\u201cFilha, a tua f\u00e9 te curou. Vai em paz e fica curada dessa doen\u00e7a\u201d (cf. Mc 5,34). <\/em>O Evangelista tamb\u00e9m retrata a menina que estava morta, por\u00e9m Jesus apenas disse aos pais: <em>\u201cN\u00e3o tenhas medo. Basta ter f\u00e9!\u201d (cf. Mc 5,36b).<\/em> Ora, Jesus ao se aproximar e dizer para aquela que estava desfalecida: <em>\u201c&#8217;Talit\u00e1 cum&#8217; &#8211; que quer dizer: &#8216;Menina, levanta-te!&#8217;\u201d (cf. Mc 5,41)<\/em>, demonstra o poder do Alt\u00edssimo que deseja a Vida a todos que confiam n\u2019Ele, afinal como j\u00e1 entoa o Salmista <em>\u201cV\u00f3s tirastes minha alma dos abismos e me salvastes, quando estava j\u00e1 morrendo\u201d (Sl 29,4).<\/em><\/p>\n<p style=\"text-align: justify;\"><em>\u00a0<\/em>E a Segunda Leitura, extra\u00edda da Segunda Carta de S\u00e3o Paulo aos Cor\u00edntios <em>(2Cor 5,14-17), <\/em>Paulo nos recorda que a generosidade de Jesus Cristo deve ser modelo para todos os crist\u00e3os, afinal se Cristo \u201c<em>de rico que era, tornou-se pobre por causa de v\u00f3s, para que vos torneis ricos, por sua pobreza\u201d (cf. 2Cor 8,9b)<\/em>, devemos tamb\u00e9m n\u00f3s usar do suplemento da gra\u00e7a que temos em atender aqueles que necessitam, para que tamb\u00e9m estes possam complementar em si o Gra\u00e7a de Deus.<\/p>\n<p style=\"text-align: justify;\">Restaurados nas Palavras desta Liturgia, que possamos aspirar a defesa da Vida em nosso meio, atrav\u00e9s da busca de uma sociedade voltada para cultura da generosidade, zelo e amor transbordado da gra\u00e7a que nos \u00e9 dado, pois assim a fartura da Vida Plena seja acessada a todos que a busca atrav\u00e9s da F\u00e9!<\/p>\n<p style=\"text-align: justify;\"><em>Sauda\u00e7\u00f5es em Cristo!<\/em><\/p>\n","protected":false},"excerpt":{"rendered":"<p>\u201cDeus criou o homem para a imortalidade\u201d (cf. Sb 2,23a)\u00a0\u00a0\u00a0\u00a0\u00a0\u00a0\u00a0\u00a0 \u00a0\u00a0\u00a0\u00a0\u00a0\u00a0\u00a0\u00a0 A Liturgia do XIII Domingo do Tempo Comum, traz em sua ess\u00eancia que Deus \u00e9 o Deus da Vida, e traz a Vida em abund\u00e2ncia a todos os que O buscam. Pois, mesmo a inser\u00e7\u00e3o da morte por meio do diabo, sinal da inveja [&hellip;]<\/p>\n","protected":false},"author":10,"featured_media":55817,"comment_status":"open","ping_status":"closed","sticky":false,"template":"","format":"standard","meta":{"footnotes":""},"categories":[9],"tags":[],"class_list":["post-68393","post","type-post","status-publish","format-standard","has-post-thumbnail","hentry","category-artigos"],"_links":{"self":[{"href":"https:\/\/catolicanet.net\/wp-cnet\/wp-json\/wp\/v2\/posts\/68393","targetHints":{"allow":["GET"]}}],"collection":[{"href":"https:\/\/catolicanet.net\/wp-cnet\/wp-json\/wp\/v2\/posts"}],"about":[{"href":"https:\/\/catolicanet.net\/wp-cnet\/wp-json\/wp\/v2\/types\/post"}],"author":[{"embeddable":true,"href":"https:\/\/catolicanet.net\/wp-cnet\/wp-json\/wp\/v2\/users\/10"}],"replies":[{"embeddable":true,"href":"https:\/\/catolicanet.net\/wp-cnet\/wp-json\/wp\/v2\/comments?post=68393"}],"version-history":[{"count":1,"href":"https:\/\/catolicanet.net\/wp-cnet\/wp-json\/wp\/v2\/posts\/68393\/revisions"}],"predecessor-version":[{"id":68394,"href":"https:\/\/catolicanet.net\/wp-cnet\/wp-json\/wp\/v2\/posts\/68393\/revisions\/68394"}],"wp:featuredmedia":[{"embeddable":true,"href":"https:\/\/catolicanet.net\/wp-cnet\/wp-json\/wp\/v2\/media\/55817"}],"wp:attachment":[{"href":"https:\/\/catolicanet.net\/wp-cnet\/wp-json\/wp\/v2\/media?parent=68393"}],"wp:term":[{"taxonomy":"category","embeddable":true,"href":"https:\/\/catolicanet.net\/wp-cnet\/wp-json\/wp\/v2\/categories?post=68393"},{"taxonomy":"post_tag","embeddable":true,"href":"https:\/\/catolicanet.net\/wp-cnet\/wp-json\/wp\/v2\/tags?post=68393"}],"curies":[{"name":"wp","href":"https:\/\/api.w.org\/{rel}","templated":true}]}}