{"id":68389,"date":"2021-06-28T10:42:09","date_gmt":"2021-06-28T13:42:09","guid":{"rendered":"https:\/\/catolicanet.net\/wp-cnet\/?p=68389"},"modified":"2021-06-28T15:44:01","modified_gmt":"2021-06-28T18:44:01","slug":"frutos-do-testemunho","status":"publish","type":"post","link":"https:\/\/catolicanet.net\/wp-cnet\/frutos-do-testemunho\/","title":{"rendered":"Frutos do testemunho"},"content":{"rendered":"<p style=\"text-align: justify;\">Dizem que as palavras podem sensibilizar algu\u00e9m, mas \u00e9 o testemunho que consegue arrastar as pessoas. Estamos em tempos fortes de muitas palavras, de ouvir pouco e raros gestos concretos que revelam compromisso de transforma\u00e7\u00e3o. \u00c9 como construir um pr\u00e9dio com perfeita engenharia em rala\u00e7\u00e3o aos andares e apartamentos, mas sem uma base firme de sustenta\u00e7\u00e3o.<\/p>\n<p style=\"text-align: justify;\">A b\u00edblia reflete sobre essa realidade. A base de sustenta\u00e7\u00e3o da vida crist\u00e3 \u00e9 o pr\u00f3prio Cristo, em quem os ap\u00f3stolos se apoiaram e executaram sua miss\u00e3o de evangelizar. Assim foi o que aconteceu, no compromisso de f\u00e9 e miss\u00e3o, com Pedro e Paulo, as colunas de sustenta\u00e7\u00e3o da Igreja. Pedro, um pescador, fez parte do grupo dos primeiros disc\u00edpulos enviados por Cristo para an\u00fancio da boa-nova.<\/p>\n<p style=\"text-align: justify;\">Pedro foi chamado de pedra, como uma rocha, fundamento e sustenta\u00e7\u00e3o, para confirmar os irm\u00e3os na f\u00e9. Ele fez parte de um grupo fiel a Jesus Cristo que, pelo testemunho, incomodava muita gente, e acabou sendo perseguido, preso e martirizado. Ser fiel sup\u00f5e n\u00e3o abrir m\u00e3o, nem se deixar abater, diante do que tiver assumido de forma livre e consciente e com objetivos concretos.<\/p>\n<p style=\"text-align: justify;\">Paulo de Tarso foi outra figura de car\u00e1ter exemplar dentro do cristianismo, de aut\u00eantico testemunho e de fidelidade \u00e0 miss\u00e3o por ele assumida a servi\u00e7o da evangeliza\u00e7\u00e3o. Sua vida teve as marcas de um verdadeiro testamento espiritual. Com uma vida de intemp\u00e9ries, de grandes persegui\u00e7\u00f5es e sofrimentos, enfrentando a mesma sorte de Pedro, de muitos outros ap\u00f3stolos e mart\u00edrio por causa de Cristo.<\/p>\n<p style=\"text-align: justify;\">Os dois ap\u00f3stolos da f\u00e9, Pedro e Paulo, \u00edcones de verdadeiro testemunho na miss\u00e3o, passaram por profunda transforma\u00e7\u00e3o em suas vidas. Podemos at\u00e9 dizer de uma mudan\u00e7a de identidade. Pedro era pescador; Paulo, proclamador da Lei antiga e perseguidor dos crist\u00e3os. Ambos se transformam em ap\u00f3stolos e seguidores fieis dos ensinamentos de Jesus Cristo e sustenta\u00e7\u00e3o da Igreja nascente.<\/p>\n<p style=\"text-align: justify;\">A autenticidade de vida deve fazer parte da preocupa\u00e7\u00e3o de todas as pessoas. Isto est\u00e1 intimamente ligado \u00e0 conduta e do ser dos indiv\u00edduos, como compromisso de constru\u00e7\u00e3o do bem viver para todos. No caso dos crist\u00e3os, dos que procuram seguir Jesus Cristo no testemunho de fidelidade aos ensinamentos da f\u00e9 crist\u00e3 contidos no Evangelho, devem ajudar na constru\u00e7\u00e3o do Reino de Deus.<\/p>\n","protected":false},"excerpt":{"rendered":"<p>Dizem que as palavras podem sensibilizar algu\u00e9m, mas \u00e9 o testemunho que consegue arrastar as pessoas. Estamos em tempos fortes de muitas palavras, de ouvir pouco e raros gestos concretos que revelam compromisso de transforma\u00e7\u00e3o. \u00c9 como construir um pr\u00e9dio com perfeita engenharia em rala\u00e7\u00e3o aos andares e apartamentos, mas sem uma base firme de [&hellip;]<\/p>\n","protected":false},"author":11,"featured_media":55820,"comment_status":"open","ping_status":"closed","sticky":false,"template":"","format":"standard","meta":{"footnotes":""},"categories":[9],"tags":[],"class_list":["post-68389","post","type-post","status-publish","format-standard","has-post-thumbnail","hentry","category-artigos"],"_links":{"self":[{"href":"https:\/\/catolicanet.net\/wp-cnet\/wp-json\/wp\/v2\/posts\/68389","targetHints":{"allow":["GET"]}}],"collection":[{"href":"https:\/\/catolicanet.net\/wp-cnet\/wp-json\/wp\/v2\/posts"}],"about":[{"href":"https:\/\/catolicanet.net\/wp-cnet\/wp-json\/wp\/v2\/types\/post"}],"author":[{"embeddable":true,"href":"https:\/\/catolicanet.net\/wp-cnet\/wp-json\/wp\/v2\/users\/11"}],"replies":[{"embeddable":true,"href":"https:\/\/catolicanet.net\/wp-cnet\/wp-json\/wp\/v2\/comments?post=68389"}],"version-history":[{"count":1,"href":"https:\/\/catolicanet.net\/wp-cnet\/wp-json\/wp\/v2\/posts\/68389\/revisions"}],"predecessor-version":[{"id":68390,"href":"https:\/\/catolicanet.net\/wp-cnet\/wp-json\/wp\/v2\/posts\/68389\/revisions\/68390"}],"wp:featuredmedia":[{"embeddable":true,"href":"https:\/\/catolicanet.net\/wp-cnet\/wp-json\/wp\/v2\/media\/55820"}],"wp:attachment":[{"href":"https:\/\/catolicanet.net\/wp-cnet\/wp-json\/wp\/v2\/media?parent=68389"}],"wp:term":[{"taxonomy":"category","embeddable":true,"href":"https:\/\/catolicanet.net\/wp-cnet\/wp-json\/wp\/v2\/categories?post=68389"},{"taxonomy":"post_tag","embeddable":true,"href":"https:\/\/catolicanet.net\/wp-cnet\/wp-json\/wp\/v2\/tags?post=68389"}],"curies":[{"name":"wp","href":"https:\/\/api.w.org\/{rel}","templated":true}]}}