{"id":68374,"date":"2021-06-28T09:23:56","date_gmt":"2021-06-28T12:23:56","guid":{"rendered":"https:\/\/catolicanet.net\/wp-cnet\/?p=68374"},"modified":"2021-06-28T15:25:22","modified_gmt":"2021-06-28T18:25:22","slug":"hora-vocacional-subsidio-para-o-mes-vocacional-sera-apresentado-em-live-nesta-segunda-feira-28-de-junho","status":"publish","type":"post","link":"https:\/\/catolicanet.net\/wp-cnet\/hora-vocacional-subsidio-para-o-mes-vocacional-sera-apresentado-em-live-nesta-segunda-feira-28-de-junho\/","title":{"rendered":"\u201cHORA VOCACIONAL\u201d, SUBS\u00cdDIO PARA O M\u00caS VOCACIONAL, SER\u00c1 APRESENTADO EM LIVE NESTA SEGUNDA-FEIRA, 28 DE JUNHO"},"content":{"rendered":"<blockquote>\n<p style=\"text-align: justify;\">O subs\u00eddio<strong>\u00a0\u201cHora Vocacional\u201d<\/strong>\u00a0deseja inspirar-nos na verdade de que \u201cCristo nos salva e nos envia\u201d, por meio de celebra\u00e7\u00f5es e reflex\u00f5es importantes para a anima\u00e7\u00e3o do m\u00eas vocacional, celebrado em agosto.<\/p>\n<\/blockquote>\n<p style=\"text-align: justify;\">Para apresentar o novo livro, a Edi\u00e7\u00f5es CNBB receber\u00e1 como convidados para uma live especial o bispo de Tubar\u00e3o (SC) e presidente da Comiss\u00e3o para os Minist\u00e9rios Ordenados e a Vida Consagrada da Confer\u00eancia Nacional dos Bispos do Brasil (CNBB), dom Jo\u00e3o Francisco Salm,\u00a0 e o assessor da Comiss\u00e3o, padre Juarez Albino Destro.<\/p>\n<p style=\"text-align: justify;\">A transmiss\u00e3o ao vivo acontecer\u00e1 segunda-feira, dia 28 de junho, \u00e0s 17h, hor\u00e1rio de Bras\u00edlia, nas redes sociais da CNBB; Edi\u00e7\u00f5es CNBB e CRB Nacional.<\/p>\n<p style=\"text-align: justify;\">Este lan\u00e7amento bem como outros t\u00edtulos relacionados \u00e0 voca\u00e7\u00e3o estar\u00e3o com 20% de desconto para aquisi\u00e7\u00e3o at\u00e9 sexta-feira, dia 2 de julho, no site da Edi\u00e7\u00f5es:<a href=\"https:\/\/www.edicoescnbb.com.br\/\" target=\"_blank\" rel=\"noopener\">\u00a0https:\/\/www.edicoescnbb.com.br\/.\u00a0<\/a><\/p>\n<p style=\"text-align: justify;\">Acompanhe o lan\u00e7amento:<\/p>\n<div class=\"ast-oembed-container\" style=\"text-align: justify;\">\n<div>\n<div><iframe title=\"APRESENTA\u00c7\u00c3O - SUBS\u00cdDIO HORA VOCACIONAL: CRISTO NOS SALVA E NOS ENVIA\" src=\"https:\/\/www.youtube.com\/embed\/j_IQ6epw5Ng?rel=0\" scrolling=\"no\" allowfullscreen=\"allowfullscreen\" data-mce-fragment=\"1\"><\/iframe><\/div>\n<\/div>\n<\/div>\n<p style=\"text-align: justify;\">\n<h3 style=\"text-align: justify;\"><strong>M\u00eas Vocacional 2021<\/strong><\/h3>\n<p style=\"text-align: justify;\">Com os cora\u00e7\u00f5es sens\u00edveis \u00e0 escuta do chamado e a certeza vocacional de que \u201c<strong>Cristo nos salva e nos envia\u201d<\/strong>, a Comiss\u00e3o para os Minist\u00e9rios Ordenados e a Vida Consagrada da Confer\u00eancia Nacional dos Bispos do Brasil (CNBB) apresentou o cartaz do M\u00eas Vocacional de 2021. O tema vem da Exorta\u00e7\u00e3o Apost\u00f3lica P\u00f3s-Sinodal,\u00a0<em>Christus Vivit<\/em>, dentro do projeto do Servi\u00e7o de Anima\u00e7\u00e3o Vocacional\/Pastoral Vocacional do Brasil (ChV 118-123). O lema \u00e9 \u201c<em>\u201cQuem escuta a minha palavra possui a vida eterna\u201d (cf. Jo 5,24).<\/em><\/p>\n","protected":false},"excerpt":{"rendered":"<p>O subs\u00eddio\u00a0\u201cHora Vocacional\u201d\u00a0deseja inspirar-nos na verdade de que \u201cCristo nos salva e nos envia\u201d, por meio de celebra\u00e7\u00f5es e reflex\u00f5es importantes para a anima\u00e7\u00e3o do m\u00eas vocacional, celebrado em agosto. Para apresentar o novo livro, a Edi\u00e7\u00f5es CNBB receber\u00e1 como convidados para uma live especial o bispo de Tubar\u00e3o (SC) e presidente da Comiss\u00e3o para [&hellip;]<\/p>\n","protected":false},"author":1,"featured_media":68375,"comment_status":"open","ping_status":"closed","sticky":false,"template":"","format":"standard","meta":{"footnotes":""},"categories":[7],"tags":[],"class_list":["post-68374","post","type-post","status-publish","format-standard","has-post-thumbnail","hentry","category-cnbb"],"_links":{"self":[{"href":"https:\/\/catolicanet.net\/wp-cnet\/wp-json\/wp\/v2\/posts\/68374","targetHints":{"allow":["GET"]}}],"collection":[{"href":"https:\/\/catolicanet.net\/wp-cnet\/wp-json\/wp\/v2\/posts"}],"about":[{"href":"https:\/\/catolicanet.net\/wp-cnet\/wp-json\/wp\/v2\/types\/post"}],"author":[{"embeddable":true,"href":"https:\/\/catolicanet.net\/wp-cnet\/wp-json\/wp\/v2\/users\/1"}],"replies":[{"embeddable":true,"href":"https:\/\/catolicanet.net\/wp-cnet\/wp-json\/wp\/v2\/comments?post=68374"}],"version-history":[{"count":1,"href":"https:\/\/catolicanet.net\/wp-cnet\/wp-json\/wp\/v2\/posts\/68374\/revisions"}],"predecessor-version":[{"id":68376,"href":"https:\/\/catolicanet.net\/wp-cnet\/wp-json\/wp\/v2\/posts\/68374\/revisions\/68376"}],"wp:featuredmedia":[{"embeddable":true,"href":"https:\/\/catolicanet.net\/wp-cnet\/wp-json\/wp\/v2\/media\/68375"}],"wp:attachment":[{"href":"https:\/\/catolicanet.net\/wp-cnet\/wp-json\/wp\/v2\/media?parent=68374"}],"wp:term":[{"taxonomy":"category","embeddable":true,"href":"https:\/\/catolicanet.net\/wp-cnet\/wp-json\/wp\/v2\/categories?post=68374"},{"taxonomy":"post_tag","embeddable":true,"href":"https:\/\/catolicanet.net\/wp-cnet\/wp-json\/wp\/v2\/tags?post=68374"}],"curies":[{"name":"wp","href":"https:\/\/api.w.org\/{rel}","templated":true}]}}