{"id":68365,"date":"2021-06-28T10:13:23","date_gmt":"2021-06-28T13:13:23","guid":{"rendered":"https:\/\/catolicanet.net\/wp-cnet\/?p=68365"},"modified":"2021-06-28T15:15:25","modified_gmt":"2021-06-28T18:15:25","slug":"o-papa-e-os-lideres-religiosos-rezam-pelo-libano-martirizado-em-1o-de-julho","status":"publish","type":"post","link":"https:\/\/catolicanet.net\/wp-cnet\/o-papa-e-os-lideres-religiosos-rezam-pelo-libano-martirizado-em-1o-de-julho\/","title":{"rendered":"O Papa e os l\u00edderes religiosos rezam pelo L\u00edbano martirizado, em 1\u00ba de julho"},"content":{"rendered":"<div class=\"article__subTitle\" style=\"box-sizing: border-box; margin: 0px 0px 25px; padding: 0px 30px; -webkit-tap-highlight-color: rgba(0, 0, 0, 0); font-size: 19px; line-height: 24px; color: #646464; width: 748px; font-family: 'Museo Sans Cyrl', Verdana, sans-serif; text-align: justify;\">Foi apresentado o programa para o dia convocado pelo Papa para reacender luzes de esperan\u00e7a numa terra carregada por uma dura crise pol\u00edtica e econ\u00f4mica: ora\u00e7\u00f5es na Bas\u00edlica Vaticana e mesa redonda ecum\u00eanica. Sandri: &#8220;\u00c9 o fruto de um longo caminho iniciado por Jo\u00e3o Paulo II e Bento XVI&#8221;. Gallagher: &#8220;Uma viagem do Papa talvez no in\u00edcio de 2022, quando o governo ser\u00e1 formado&#8221;.<\/div>\n<div class=\"title__separator\" style=\"box-sizing: border-box; margin: 0px 30px 25px; padding: 0px; -webkit-tap-highlight-color: rgba(0, 0, 0, 0); border-bottom: 1px solid #f0f0f0; color: #373737; font-family: 'Museo Sans Cyrl', Verdana, sans-serif; font-size: 14px; text-align: justify;\"><\/div>\n<div class=\"article__text \" style=\"box-sizing: border-box; margin: 0px 0px 25px; padding: 0px 30px; -webkit-tap-highlight-color: rgba(0, 0, 0, 0); position: relative; font-size: 16px; line-height: 28px; width: 748px; color: #373737; font-family: 'Museo Sans Cyrl', Verdana, sans-serif;\">\n<p style=\"box-sizing: border-box; margin-right: 0px; margin-bottom: 0px; margin-left: 0px; padding: 0px; -webkit-tap-highlight-color: rgba(0, 0, 0, 0); text-align: justify;\"><span style=\"box-sizing: border-box; margin: 0px; padding: 0px; -webkit-tap-highlight-color: rgba(0, 0, 0, 0); font-weight: bolder;\">Salvatore Cernuzio\/Mariangela Jaguraba \u2013 Vatican News<\/span><\/p>\n<p style=\"box-sizing: border-box; margin-right: 0px; margin-bottom: 0px; margin-left: 0px; padding: 30px 0px 0px; -webkit-tap-highlight-color: rgba(0, 0, 0, 0); text-align: justify;\">O Dia de Ora\u00e7\u00e3o e Reflex\u00e3o pelo L\u00edbano em 1\u00ba de julho \u00e9 o resultado de um longo percurso de cerca de trinta anos. O evento foi convocado pelo Papa na esperan\u00e7a de abrir fendas de paz no pa\u00eds oprimido por uma crise pol\u00edtica, econ\u00f4mica e social multifacetada, cen\u00e1rio da violenta explos\u00e3o no porto de Beirute, em agosto de 2020.<\/p>\n<p style=\"box-sizing: border-box; margin-right: 0px; margin-bottom: 0px; margin-left: 0px; padding: 30px 0px 0px; -webkit-tap-highlight-color: rgba(0, 0, 0, 0); text-align: justify;\">&#8220;Um caminho que come\u00e7ou com o S\u00ednodo para o L\u00edbano convocado por Jo\u00e3o Paulo II, em 1995, depois prosseguiu com a\u00a0<i style=\"box-sizing: border-box; margin: 0px; padding: 0px; -webkit-tap-highlight-color: rgba(0, 0, 0, 0);\">Exorta\u00e7\u00e3o Apost\u00f3lica &#8220;Uma esperan\u00e7a para o L\u00edbano&#8221;,<\/i>\u00a0entregue ao Pa\u00eds dos Cedros na visita do Papa, em maio de 1997&#8243;, lembrou o prefeito da Congrega\u00e7\u00e3o para as Igrejas Orientais, cardeal Leonardo Sandrio, durante a coletiva de apresenta\u00e7\u00e3o do evento, nesta sexta-feira (25\/06), realizada na Sala de Imprensa da Santa S\u00e9. Bento XVI tamb\u00e9m seguiu estes passos e escolheu o L\u00edbano para assinar e entregar o Documento na conclus\u00e3o do S\u00ednodo Especial para o Oriente M\u00e9dio, em setembro de 2012,\u00a0<i style=\"box-sizing: border-box; margin: 0px; padding: 0px; -webkit-tap-highlight-color: rgba(0, 0, 0, 0);\">Ecclesia in Medio Oriente<\/i>, em sua \u00faltima viagem apost\u00f3lica antes da ren\u00fancia.<\/p>\n<h2 style=\"box-sizing: border-box; margin-top: 0px; margin-bottom: 0px; padding: 30px 0px 0px; -webkit-tap-highlight-color: rgba(0, 0, 0, 0); font-family: 'Museo Sans Cyrl'; text-align: justify;\">A viagem do Papa talvez no in\u00edcio do pr\u00f3ximo ano<\/h2>\n<p style=\"box-sizing: border-box; margin-right: 0px; margin-bottom: 0px; margin-left: 0px; padding: 0px; -webkit-tap-highlight-color: rgba(0, 0, 0, 0); text-align: justify;\">Agora \u00e9 Francisco quem est\u00e1 chamando a aten\u00e7\u00e3o do mundo para esta terra que Wojtyla definiu &#8220;uma mensagem&#8221;. Na coletiva no avi\u00e3o de retorno do Iraque, o Pont\u00edfice argentino revelou que tinha recebido um pedido para parar em Beirute antes de ir a Bagd\u00e1. Uma etapa dif\u00edcil de organizar naquele momento, mas que Francisco prometeu, mais cedo ou mais tarde, fazer. &#8220;Talvez at\u00e9 o final deste ano, mesmo que seja mais prov\u00e1vel no in\u00edcio do pr\u00f3ximo ano&#8221;, disse o secret\u00e1rio das Rela\u00e7\u00f5es com os Estados, dom Paul Richard Gallagher, explicando aos jornalistas que, al\u00e9m de alguns compromissos j\u00e1 na agenda papal, espera-se a forma\u00e7\u00e3o definitiva de um governo com o qual se possa interagir.<\/p>\n<h2 style=\"box-sizing: border-box; margin-top: 0px; margin-bottom: 0px; padding: 30px 0px 0px; -webkit-tap-highlight-color: rgba(0, 0, 0, 0); font-family: 'Museo Sans Cyrl'; text-align: justify;\">Gallagher: Santa S\u00e9 preocupada com o colapso do pa\u00eds<\/h2>\n<p style=\"box-sizing: border-box; margin-right: 0px; margin-bottom: 0px; margin-left: 0px; padding: 0px; -webkit-tap-highlight-color: rgba(0, 0, 0, 0); text-align: justify;\">Na expectativa dessa peregrina\u00e7\u00e3o, diante da emerg\u00eancia da situa\u00e7\u00e3o libanesa, o Papa quis convocar este dia, na sequ\u00eancia de outras grandes iniciativas do pontificado, como a vig\u00edlia pela S\u00edria na Pra\u00e7a S\u00e3o Pedro, em 2013, a ora\u00e7\u00e3o pela paz, nos Jardins Vaticanos, pela Terra Santa, em 2014, o encontro bilateral na Santa Marta com os l\u00edderes pol\u00edticos e religiosos do Sud\u00e3o do Sul, em 2019. &#8220;Tudo nasce da preocupa\u00e7\u00e3o com o agravamento da crise no L\u00edbano&#8221;, confirmou dom Gallagher: &#8220;A Santa S\u00e9 est\u00e1 fortemente preocupada com o colapso do pa\u00eds, que afeta particularmente a comunidade crist\u00e3.&#8221; N\u00e3o h\u00e1 apenas o &#8220;impasse pol\u00edtico&#8221;, mas tamb\u00e9m a &#8220;forte emigra\u00e7\u00e3o dos jovens&#8221;. Um fen\u00f4meno que &#8220;amea\u00e7a destruir o equil\u00edbrio&#8221; e reduzir pela metade a presen\u00e7a crist\u00e3 no Oriente M\u00e9dio. O L\u00edbano, &#8220;o \u00faltimo basti\u00e3o da democracia \u00e1rabe&#8221;, deve ser ajudado a &#8220;manter sua identidade \u00fanica a fim de garantir um Oriente M\u00e9dio pluralista, tolerante e diversificado&#8221;, disse o arcebispo.<\/p>\n<div style=\"box-sizing: border-box; margin: 0px; padding: 0px; -webkit-tap-highlight-color: rgba(0, 0, 0, 0); text-align: justify;\">\n<div class=\"article__embed article__embed--unwrap article__embed--photo\" style=\"box-sizing: border-box; margin: 30px -30px; padding: 30px; -webkit-tap-highlight-color: rgba(0, 0, 0, 0); clear: both;\">\n<figure style=\"box-sizing: border-box; margin: 0px; padding: 0px; -webkit-tap-highlight-color: rgba(0, 0, 0, 0);\"><picture style=\"box-sizing: border-box; margin: 0px; padding: 0px; -webkit-tap-highlight-color: rgba(0, 0, 0, 0);\"><img decoding=\"async\" class=\"loaded\" style=\"box-sizing: border-box; margin-top: 0px; margin-right: 0px; margin-left: 0px; padding: 0px; -webkit-tap-highlight-color: rgba(0, 0, 0, 0); border-style: none; opacity: 1; transition: opacity 222ms ease 0s; will-change: opacity; width: 688px;\" src=\"https:\/\/www.vaticannews.va\/content\/dam\/vaticannews\/multimedia\/2021\/06\/25\/11.jpg\/_jcr_content\/renditions\/cq5dam.thumbnail.cropped.750.422.jpeg\" alt=\"Logo do Dia de Ora\u00e7\u00e3o e Reflex\u00e3o pelo L\u00edbano\" data-original=\"\/content\/dam\/vaticannews\/multimedia\/2021\/06\/25\/11.jpg\/_jcr_content\/renditions\/cq5dam.thumbnail.cropped.750.422.jpeg\" data-was-processed=\"true\" \/><\/picture><\/figure>\n<div class=\"photo_embed--Title\" style=\"box-sizing: border-box; margin: 6px 0px 0px; padding: 0px; -webkit-tap-highlight-color: rgba(0, 0, 0, 0); font-size: 14px; line-height: 16px; letter-spacing: -0.6px;\">Logo do Dia de Ora\u00e7\u00e3o e Reflex\u00e3o pelo L\u00edbano<\/div>\n<\/div>\n<\/div>\n<h2 style=\"box-sizing: border-box; margin-top: 0px; margin-bottom: 0px; padding: 30px 0px 0px; -webkit-tap-highlight-color: rgba(0, 0, 0, 0); font-family: 'Museo Sans Cyrl'; text-align: justify;\">O programa: um &#8220;caminhar juntos&#8221;<\/h2>\n<p style=\"box-sizing: border-box; margin-right: 0px; margin-bottom: 0px; margin-left: 0px; padding: 0px; -webkit-tap-highlight-color: rgba(0, 0, 0, 0); text-align: justify;\">&#8220;Em termos concretos, o Dia de Ora\u00e7\u00e3o de 1\u00ba de julho ser\u00e1 um cont\u00ednuo \u201ccaminhar juntos\u201d entre o Papa e os chefes das Igrejas e Comunidades eclesiais&#8221;, disse o cardeal Sandri. &#8220;Trata-se das Igrejas ortodoxa e cat\u00f3lica, presentes com seus diversos ritos e tradi\u00e7\u00f5es&#8221;, explicou dom Brian Farrell, secret\u00e1rio do Pontif\u00edcio Conselho para a Promo\u00e7\u00e3o da Unidade dos Crist\u00e3os, e tamb\u00e9m de v\u00e1rias comunidades eclesiais nascidas da Reforma.<\/p>\n<p style=\"box-sizing: border-box; margin-right: 0px; margin-bottom: 0px; margin-left: 0px; padding: 0px; -webkit-tap-highlight-color: rgba(0, 0, 0, 0); text-align: justify;\">Todos juntos se encontrar\u00e3o na Santa Marta, onde ser\u00e3o hospedados de 30 de junho a 2 de julho, para um momento de acolhimento. Logo depois, seguir\u00e3o em dire\u00e7\u00e3o \u00e0 Bas\u00edlica de S\u00e3o Pedro. Na Bas\u00edlica, depois da ora\u00e7\u00e3o do Pai-Nosso, descer\u00e3o as escadas da Confiss\u00e3o do Ap\u00f3stolo Pedro e cada um ascender\u00e1 uma vela como sinal da ora\u00e7\u00e3o que arde, pedindo a intercess\u00e3o do Ap\u00f3stolo. &#8220;Durante o evento n\u00e3o poderemos v\u00ea-los ou ouvi-los, porque as portas da Sala Clementina da Resid\u00eancia Apost\u00f3lica permanecer\u00e3o fechadas aos nossos olhares&#8221;, explicou Sandri, exortando as pessoas a seguirem o Dia de ora\u00e7\u00e3o \u00e0 dist\u00e2ncia com uma ora\u00e7\u00e3o de intercess\u00e3o em suas par\u00f3quias e comunidades religiosas.<\/p>\n<h2 style=\"box-sizing: border-box; margin-top: 0px; margin-bottom: 0px; padding: 30px 0px 0px; -webkit-tap-highlight-color: rgba(0, 0, 0, 0); font-family: 'Museo Sans Cyrl'; text-align: justify;\">Mesa redonda ecum\u00eanica<\/h2>\n<p style=\"box-sizing: border-box; margin-right: 0px; margin-bottom: 0px; margin-left: 0px; padding: 0px; -webkit-tap-highlight-color: rgba(0, 0, 0, 0); text-align: justify;\">Como na Bas\u00edlica de S\u00e3o Nicolau em Bari, para o evento ecum\u00eanico de 7 de julho de 2018, a mesa de encontro ser\u00e1 redonda e em torno dela se sentar\u00e1 o n\u00fancio no L\u00edbano, dom Joseph Spiteri, como moderador, e dez Chefes das comunidades crist\u00e3s. Dentre eles talvez esteja o sucessor do patriarca da Cil\u00edcia dos Arm\u00eanios, Greg\u00f3rio Pedro XX Ghabroyan, que faleceu em 25 de maio. O sucessor do patriarca falecido ser\u00e1 eleito no S\u00ednodo iniciado tr\u00eas dias atr\u00e1s.<\/p>\n<p style=\"box-sizing: border-box; margin-right: 0px; margin-bottom: 0px; margin-left: 0px; padding: 30px 0px 0px; -webkit-tap-highlight-color: rgba(0, 0, 0, 0); text-align: justify;\">Entre a manh\u00e3 e a tarde, haver\u00e1 tr\u00eas sess\u00f5es de trabalho, cada uma apresentada por um relator. A ora\u00e7\u00e3o conclusiva na Bas\u00edlica Vaticana contar\u00e1 com a presen\u00e7a dos embaixadores da Santa S\u00e9 e todas as comunidades religiosas masculinas e femininas foram convidadas, assim como os leigos libaneses residentes em Roma. N\u00e3o estar\u00e3o presentes expoentes pol\u00edticos, j\u00e1 que foi decidido dar ao evento uma dimens\u00e3o exclusivamente religiosa.<\/p>\n<h2 style=\"box-sizing: border-box; margin-top: 0px; margin-bottom: 0px; padding: 30px 0px 0px; -webkit-tap-highlight-color: rgba(0, 0, 0, 0); font-family: 'Museo Sans Cyrl'; text-align: justify;\">As esperan\u00e7as de paz dos jovens<\/h2>\n<p style=\"box-sizing: border-box; margin-right: 0px; margin-bottom: 0px; margin-left: 0px; padding: 0px; -webkit-tap-highlight-color: rgba(0, 0, 0, 0); text-align: justify;\">O Papa e os convidados ir\u00e3o em prociss\u00e3o at\u00e9 S\u00e3o Pedro, seguindo um sacerdote que levar\u00e1 o Evangelho. Em seguida, ser\u00e1 feita uma ora\u00e7\u00e3o ecum\u00eanica com a proclama\u00e7\u00e3o de algumas passagens da Palavra de Deus, alternadas com ora\u00e7\u00f5es e cantos das diferentes tradi\u00e7\u00f5es rituais presentes no L\u00edbano. Textos em \u00e1rabe, s\u00edrio, arm\u00eanio e caldeu ressoar\u00e3o em S\u00e3o Pedro. No final da celebra\u00e7\u00e3o, alguns jovens entregar\u00e3o uma l\u00e2mpada acesa, que ser\u00e1 ent\u00e3o colocada num candelabro. &#8220;\u00c9 a esperan\u00e7a de paz que as gera\u00e7\u00f5es jovens entregam, pedindo ajuda para que n\u00e3o seja apagada pelas tribula\u00e7\u00f5es do presente&#8221;, destacou o cardeal Sandri. A conclus\u00e3o ser\u00e1 confiada ao Papa Francisco que far\u00e1 um discurso conclusivo e, antes de se despedir, doar\u00e1 um ladrilho com o logotipo do evento, em mem\u00f3ria do dia. N\u00e3o est\u00e1 previsto um apelo conjunto, mas o discurso do Papa &#8220;ir\u00e1 conter apelos e considera\u00e7\u00f5es, fruto das reflex\u00f5es daquele dia que poder\u00e3o ser indica\u00e7\u00f5es para o futuro do L\u00edbano&#8221;.<\/p>\n<h2 style=\"box-sizing: border-box; margin-top: 0px; margin-bottom: 0px; padding: 30px 0px 0px; -webkit-tap-highlight-color: rgba(0, 0, 0, 0); font-family: 'Museo Sans Cyrl'; text-align: justify;\">O logotipo com Nossa Senhora de Harissa<\/h2>\n<p style=\"box-sizing: border-box; margin-right: 0px; margin-bottom: 0px; margin-left: 0px; padding: 0px; -webkit-tap-highlight-color: rgba(0, 0, 0, 0); text-align: justify;\">Quanto ao logotipo, ele representa a imagem de Nossa Senhora de Harissa que protege o L\u00edbano e \u00e9 reconhec\u00edvel chegando do mar, no santu\u00e1rio que acolhe os peregrinos de todas as idades e credos. Ser\u00e1 confiado \u00e0 Virgem a realiza\u00e7\u00e3o do evento de 1\u00ba de julho para que &#8220;um novo sol possa surgir em breve&#8221;, disse o cardeal Sandri, evocando as palavras do poeta liban\u00eas Kahil Gibran: &#8220;Al\u00e9m da cortina escura da noite, h\u00e1 um novo amanhecer que nos espera.&#8221;<\/p>\n<h2 style=\"box-sizing: border-box; margin-top: 0px; margin-bottom: 0px; padding: 30px 0px 0px; -webkit-tap-highlight-color: rgba(0, 0, 0, 0); font-family: 'Museo Sans Cyrl'; text-align: justify;\">O agradecimento \u00e0 Santa S\u00e9 de um correspondente liban\u00eas<\/h2>\n<p style=\"box-sizing: border-box; margin-right: 0px; margin-bottom: 0px; margin-left: 0px; padding: 0px; -webkit-tap-highlight-color: rgba(0, 0, 0, 0); text-align: justify;\">Durante a confer\u00eancia, as palavras comoventes de um jornalista liban\u00eas, correspondente em Roma da ag\u00eancia governamental, que agradeceu \u00e0 Santa S\u00e9 porque &#8220;\u00e9 a \u00fanica a ajudar o L\u00edbano sem interesse&#8221;. &#8220;Uma ajuda fornecida gra\u00e7as \u00e0 colabora\u00e7\u00e3o internacional&#8221;, explicou Gallagher, acrescentando: &#8220;N\u00e3o h\u00e1 ningu\u00e9m que tenha passado at\u00e9 agora na Secretaria de Estado a quem n\u00e3o tenhamos dirigido uma palavra em favor do L\u00edbano. \u00c9 quase um h\u00e1bito&#8230; Perguntamos: o que voc\u00ea pode fazer nestas circunst\u00e2ncias dif\u00edceis e tr\u00e1gicas&#8221;? Gallagher tamb\u00e9m respondeu a uma pergunta sobre a situa\u00e7\u00e3o em Hong Kong, que a diplomacia vaticana olha com aten\u00e7\u00e3o: &#8220;Obviamente, Hong Kong \u00e9 um objeto de interesse para n\u00f3s. O L\u00edbano \u00e9 um lugar onde pensamos que podemos dar uma contribui\u00e7\u00e3o. N\u00e3o vemos esta possibilidade em Hong Kong. Podemos dizer palavras apropriadas que ser\u00e3o apreciadas pela imprensa internacional e em muitos pa\u00edses do mundo, mas eu e muitos dos meus colegas n\u00e3o estamos convencidos de que possam fazer alguma diferen\u00e7a&#8221;.<\/p>\n<\/div>\n","protected":false},"excerpt":{"rendered":"<p>Foi apresentado o programa para o dia convocado pelo Papa para reacender luzes de esperan\u00e7a numa terra carregada por uma dura crise pol\u00edtica e econ\u00f4mica: ora\u00e7\u00f5es na Bas\u00edlica Vaticana e mesa redonda ecum\u00eanica. Sandri: &#8220;\u00c9 o fruto de um longo caminho iniciado por Jo\u00e3o Paulo II e Bento XVI&#8221;. Gallagher: &#8220;Uma viagem do Papa talvez [&hellip;]<\/p>\n","protected":false},"author":1,"featured_media":68366,"comment_status":"open","ping_status":"closed","sticky":false,"template":"","format":"standard","meta":{"footnotes":""},"categories":[3],"tags":[],"class_list":["post-68365","post","type-post","status-publish","format-standard","has-post-thumbnail","hentry","category-vaticano"],"_links":{"self":[{"href":"https:\/\/catolicanet.net\/wp-cnet\/wp-json\/wp\/v2\/posts\/68365","targetHints":{"allow":["GET"]}}],"collection":[{"href":"https:\/\/catolicanet.net\/wp-cnet\/wp-json\/wp\/v2\/posts"}],"about":[{"href":"https:\/\/catolicanet.net\/wp-cnet\/wp-json\/wp\/v2\/types\/post"}],"author":[{"embeddable":true,"href":"https:\/\/catolicanet.net\/wp-cnet\/wp-json\/wp\/v2\/users\/1"}],"replies":[{"embeddable":true,"href":"https:\/\/catolicanet.net\/wp-cnet\/wp-json\/wp\/v2\/comments?post=68365"}],"version-history":[{"count":1,"href":"https:\/\/catolicanet.net\/wp-cnet\/wp-json\/wp\/v2\/posts\/68365\/revisions"}],"predecessor-version":[{"id":68367,"href":"https:\/\/catolicanet.net\/wp-cnet\/wp-json\/wp\/v2\/posts\/68365\/revisions\/68367"}],"wp:featuredmedia":[{"embeddable":true,"href":"https:\/\/catolicanet.net\/wp-cnet\/wp-json\/wp\/v2\/media\/68366"}],"wp:attachment":[{"href":"https:\/\/catolicanet.net\/wp-cnet\/wp-json\/wp\/v2\/media?parent=68365"}],"wp:term":[{"taxonomy":"category","embeddable":true,"href":"https:\/\/catolicanet.net\/wp-cnet\/wp-json\/wp\/v2\/categories?post=68365"},{"taxonomy":"post_tag","embeddable":true,"href":"https:\/\/catolicanet.net\/wp-cnet\/wp-json\/wp\/v2\/tags?post=68365"}],"curies":[{"name":"wp","href":"https:\/\/api.w.org\/{rel}","templated":true}]}}