{"id":68277,"date":"2021-06-23T09:54:21","date_gmt":"2021-06-23T12:54:21","guid":{"rendered":"https:\/\/catolicanet.net\/wp-cnet\/?p=68277"},"modified":"2021-06-23T11:56:27","modified_gmt":"2021-06-23T14:56:27","slug":"a-solidao-ativa-e-produtiva-em-deus-segundo-um-monge-cartuxo","status":"publish","type":"post","link":"https:\/\/catolicanet.net\/wp-cnet\/a-solidao-ativa-e-produtiva-em-deus-segundo-um-monge-cartuxo\/","title":{"rendered":"A solid\u00e3o ativa e produtiva em Deus, segundo um monge cartuxo"},"content":{"rendered":"<h2 class=\"subtitle\" style=\"text-align: justify;\">O fruto de uma imensa paz, um fruto de salva\u00e7\u00e3o e consola\u00e7\u00e3o interior<\/h2>\n<p style=\"text-align: justify;\">Desde os tempos b\u00edblicos da Antiga Alian\u00e7a, Deus revelou que Ele se faz encontrar no sil\u00eancio e no recolhimento.<\/p>\n<p style=\"text-align: justify;\">Logo ap\u00f3s passar a fio de espada os profetas de Baal, o profeta Elias fugiu para o deserto a fim de salvar a sua vida, pois a rainha Jezabel prometera puni-lo com a morte pelo que fizera aos profetas pag\u00e3os (cf. 1Rs 19,1-3). Assim, ele se p\u00f5e a caminhar por um longo per\u00edodo at\u00e9 o monte Horeb, o monte do Senhor para o povo judeu, para com Ele ter um col\u00f3quio. Diante do monte, o profeta Elias v\u00ea um vento impetuoso e violento, mas o Senhor n\u00e3o estava nele; v\u00ea o estremecer da terra, mas Deus a\u00ed n\u00e3o estava; v\u00ea um fogo abrasador acender-se, mas tamb\u00e9m no fogo Deus n\u00e3o se encontrava. Apenas quando veio, ent\u00e3o, uma brisa leve \u00e9 que Elias p\u00f4de ir ao encontro de Deus, pois nessa mansid\u00e3o O encontrou (cf. 1Rs 19,11-13). Exemplos assim n\u00e3o se esgotam nas Sagradas Escrituras, e est\u00e3o presente na vida de todos os servos fi\u00e9is do Senhor, passando pelos profetas at\u00e9 chegar a Nosso Senhor Jesus Cristo, homem do sil\u00eancio por excel\u00eancia.<\/p>\n<p style=\"text-align: justify;\">H\u00e1 quem possa pensar que bastaria exclusivamente a solid\u00e3o passiva para criar a intimidade com Deus. \u00c9 certo que toda gra\u00e7a vem unicamente de Deus, mas para que possamos nos divinizar necessitamos cooperar com a gra\u00e7a santificante que Deus coloca em nossa alma. Vai nos ensinar um monge cartuxo (optamos por n\u00e3o revelar o nome do escritor por essa ser uma tradi\u00e7\u00e3o antiga dentro da Ordem Cartuxa) que a solid\u00e3o que Deus deseja de n\u00f3s \u00e9 plenamente ativa e se d\u00e1 em tr\u00eas etapas que s\u00e3o: a solid\u00e3o do cora\u00e7\u00e3o, a solid\u00e3o da mente e a solid\u00e3o da alma. Expliquemos cada uma dessas tr\u00eas etapas (cf.\u00a0<em>Antologia de autores cartuxos: itiner\u00e1rio de contempla\u00e7\u00e3o<\/em>\u00a0\/ Por um cartuxo. S\u00e3o Paulo: Cultor de Livros, 2020, p. 184).<\/p>\n<h3 id=\"h-companhia-de-deus\" style=\"text-align: justify;\">Companhia de Deus<\/h3>\n<p style=\"text-align: justify;\">A solid\u00e3o do cora\u00e7\u00e3o consiste numa \u201cvontade de desapego no pr\u00f3prio cora\u00e7\u00e3o, que se conserva puro de imagina\u00e7\u00f5es e fantasias incontroladas, assim como dos pr\u00f3prios afetos e desejos para sentar-se espiritualmente aos p\u00e9s de Cristo\u201d (<em>idem<\/em>). Quantos s\u00e3o os que se colocam, em seus quartos, para terem um momento a s\u00f3s, mas, em vez de nutrirem a companhia de Deus, enchem-se de devaneios bobos e pensamentos despropositados! A solid\u00e3o da mente, conforme o autor cartuxo, \u00e9, por sua vez, o \u201cesfor\u00e7o da vontade para n\u00e3o perturbar nossos di\u00e1logos com Deus com pensamentos maus, v\u00e3os e in\u00fateis\u201d (<em>ibidem<\/em>). \u00c9 certo que manter-se em medita\u00e7\u00e3o e com foco \u00e9 papel \u00e1rduo at\u00e9 mesmo para os mais experimentados na ora\u00e7\u00e3o, mas tendo o prop\u00f3sito de manter-se focado em Deus, nossa pr\u00f3pria intelig\u00eancia vai iluminando os modos de faz\u00ea-lo, iluminada certamente pela gra\u00e7a. Caso o dem\u00f4nio veja cumprir o seu papel de tentador, uma boa estrat\u00e9gia \u00e9 trazer isso para Deus dizendo, por exemplo: \u201colha isso, Senhor, at\u00e9 mesmo o dem\u00f4nio vem em meu aux\u00edlio, mostrando-me com suas tenta\u00e7\u00f5es de que preciso mais e mais de Sua gra\u00e7a. D\u00e1-me ela nesse momento ent\u00e3o\u201d. Por fim, a solid\u00e3o da alma \u00e9 o \u201cdesapego do amor pr\u00f3prio, estar vigilante a respeito das pr\u00f3prias opini\u00f5es ou ju\u00edzos demasiados pessoais\u201d. Trata-se, em certa an\u00e1lise, da Via Unitiva da caminhada de santifica\u00e7\u00e3o, onde o homem equipara a sua vontade \u00e0 vontade de Deus em sua vida.<\/p>\n<p style=\"text-align: justify;\">Vemos, assim, que a solid\u00e3o em Deus \u00e9 altamente ativa da nossa parte. Agindo desse modo, pouco a pouco, sentiremos \u201cdiminuir em n\u00f3s o peso da nossa natureza corrupta; logo chegaremos ao feliz esquecimento das coisas do mundo. E se esse exerc\u00edcio pode, de momento, ser austero, d\u00e1, no entanto, aos que a ele se aplicam o fruto de uma imensa paz, um fruto de salva\u00e7\u00e3o e consola\u00e7\u00e3o interior\u201d (<em>ibidem<\/em>).<\/p>\n<p style=\"text-align: justify;\">Que saibamos entender, tal como nos ensina as Sagradas Escrituras, que \u201c[Deus] est\u00e1 no meio de n\u00f3s, entretanto longe de nossa agita\u00e7\u00e3o\u201d (cf.\u00a0<em>Antologia de autores cartuxos: itiner\u00e1rio de contempla\u00e7\u00e3o<\/em>\u00a0\/ Por um cartuxo. S\u00e3o Paulo: Cultor de Livros, 2020, p. 187). E para O escutarmos, temos, de modo ativo, expiar o ru\u00eddo que cerca a nossa alma.<\/p>\n<div class=\"wp-block-aleteia-read-also read-also\"><\/div>\n","protected":false},"excerpt":{"rendered":"<p>O fruto de uma imensa paz, um fruto de salva\u00e7\u00e3o e consola\u00e7\u00e3o interior Desde os tempos b\u00edblicos da Antiga Alian\u00e7a, Deus revelou que Ele se faz encontrar no sil\u00eancio e no recolhimento. Logo ap\u00f3s passar a fio de espada os profetas de Baal, o profeta Elias fugiu para o deserto a fim de salvar a [&hellip;]<\/p>\n","protected":false},"author":1,"featured_media":68278,"comment_status":"open","ping_status":"closed","sticky":false,"template":"","format":"standard","meta":{"footnotes":""},"categories":[4,13],"tags":[],"class_list":["post-68277","post","type-post","status-publish","format-standard","has-post-thumbnail","hentry","category-cotidiano","category-featured"],"_links":{"self":[{"href":"https:\/\/catolicanet.net\/wp-cnet\/wp-json\/wp\/v2\/posts\/68277","targetHints":{"allow":["GET"]}}],"collection":[{"href":"https:\/\/catolicanet.net\/wp-cnet\/wp-json\/wp\/v2\/posts"}],"about":[{"href":"https:\/\/catolicanet.net\/wp-cnet\/wp-json\/wp\/v2\/types\/post"}],"author":[{"embeddable":true,"href":"https:\/\/catolicanet.net\/wp-cnet\/wp-json\/wp\/v2\/users\/1"}],"replies":[{"embeddable":true,"href":"https:\/\/catolicanet.net\/wp-cnet\/wp-json\/wp\/v2\/comments?post=68277"}],"version-history":[{"count":1,"href":"https:\/\/catolicanet.net\/wp-cnet\/wp-json\/wp\/v2\/posts\/68277\/revisions"}],"predecessor-version":[{"id":68279,"href":"https:\/\/catolicanet.net\/wp-cnet\/wp-json\/wp\/v2\/posts\/68277\/revisions\/68279"}],"wp:featuredmedia":[{"embeddable":true,"href":"https:\/\/catolicanet.net\/wp-cnet\/wp-json\/wp\/v2\/media\/68278"}],"wp:attachment":[{"href":"https:\/\/catolicanet.net\/wp-cnet\/wp-json\/wp\/v2\/media?parent=68277"}],"wp:term":[{"taxonomy":"category","embeddable":true,"href":"https:\/\/catolicanet.net\/wp-cnet\/wp-json\/wp\/v2\/categories?post=68277"},{"taxonomy":"post_tag","embeddable":true,"href":"https:\/\/catolicanet.net\/wp-cnet\/wp-json\/wp\/v2\/tags?post=68277"}],"curies":[{"name":"wp","href":"https:\/\/api.w.org\/{rel}","templated":true}]}}