{"id":68265,"date":"2021-06-23T09:30:30","date_gmt":"2021-06-23T12:30:30","guid":{"rendered":"https:\/\/catolicanet.net\/wp-cnet\/?p=68265"},"modified":"2021-06-23T11:33:08","modified_gmt":"2021-06-23T14:33:08","slug":"francisco-se-une-em-oracao-e-pede-solidariedade-a-atingidos-por-incendio-na-polonia","status":"publish","type":"post","link":"https:\/\/catolicanet.net\/wp-cnet\/francisco-se-une-em-oracao-e-pede-solidariedade-a-atingidos-por-incendio-na-polonia\/","title":{"rendered":"Francisco se une em ora\u00e7\u00e3o e pede solidariedade a atingidos por inc\u00eandio na Pol\u00f4nia"},"content":{"rendered":"<div class=\"article__subTitle\" style=\"text-align: justify;\">Ao final da Audi\u00eancia Geral desta quarta-feira (23), o Papa lembrou das fam\u00edlias atingidas por um inc\u00eandio no final de semana em Nowa Bia\u0142a, uma pequena vila ao sul da Pol\u00f4nia. O fogo destruiu 44 edif\u00edcios, incluindo casas e propriedades: \u201cgra\u00e7as a Deus, n\u00e3o houve mortes. Pedimos a gra\u00e7a da consola\u00e7\u00e3o, do apoio e da solidariedade humana&#8221;, disse o Pont\u00edfice.<\/div>\n<div class=\"title__separator\" style=\"text-align: justify;\"><\/div>\n<div class=\"article__text \">\n<p style=\"text-align: justify;\"><b>Andressa Collet \u2013 Vatican News<\/b><\/p>\n<div style=\"text-align: justify;\">\n<div class=\"article__embed article__embed--unwrap article__embed--dark\">\n<div class=\"article__innerTitle\">Ou\u00e7a a reportagem com a voz do Papa e compartilhe<\/div>\n<div>\n<audio class=\"wp-audio-shortcode\" id=\"audio-68265-1\" preload=\"none\" style=\"width: 100%;\" controls=\"controls\"><source type=\"audio\/mpeg\" src=\"https:\/\/media.vaticannews.va\/media\/audio\/s1\/2021\/06\/23\/12\/136096272_F136096272.mp3?_=1\" \/><a href=\"https:\/\/media.vaticannews.va\/media\/audio\/s1\/2021\/06\/23\/12\/136096272_F136096272.mp3\">https:\/\/media.vaticannews.va\/media\/audio\/s1\/2021\/06\/23\/12\/136096272_F136096272.mp3<\/a><\/audio>\n<\/div>\n<\/div>\n<\/div>\n<p style=\"text-align: justify;\">O Papa Francisco, durante a tradicional sauda\u00e7\u00e3o aos peregrinos de diversos pa\u00edses ao final da Audi\u00eancia Geral desta quarta-feira (23), saudou os poloneses e pediu solidariedade \u00e0s fam\u00edlias atingidas por um inc\u00eandio no final de semana. O fogo destruiu 44 edif\u00edcios, incluindo casas e fazendas, em Nowa Bia\u0142a, uma pequena vila ao sul da Pol\u00f4nia, a cerca de 70 Km de Crac\u00f3via, capital da regi\u00e3o.<\/p>\n<div style=\"text-align: justify;\">\n<div class=\"article__embed article__embed--border embed_style\">\n<blockquote><p>\u201cCaros irm\u00e3os e irm\u00e3s, eu me uno em ora\u00e7\u00e3o \u00e0queles que, s\u00e1bado passado, em Nowa Bia\u0142a, sofreram um grande inc\u00eandio. Gra\u00e7as a Deus, n\u00e3o houve mortes. Pedimos a gra\u00e7a da consola\u00e7\u00e3o, do apoio e da solidariedade humana por aqueles que perderam as casas e as propriedades.\u201d<\/p><\/blockquote>\n<\/div>\n<\/div>\n<h2 style=\"text-align: justify;\">O inc\u00eandio na Pol\u00f4nia<\/h2>\n<p style=\"text-align: justify;\">Segundo informa\u00e7\u00f5es da Ag\u00eancia de Not\u00edcias SIR, 9 pessoas ficaram feridas. As opera\u00e7\u00f5es para apagar o fogo mobilizaram cerca de 400 bombeiros. Registros desse tipo n\u00e3o s\u00e3o uma novidade para a regi\u00e3o, porque os edif\u00edcios \u2013 constru\u00eddos em madeira e que ficam pr\u00f3ximos entre si, t\u00edpicos de Spisz, uma das regi\u00f5es mais atrativas da Pol\u00f4nia \u2013 em outras ocasi\u00f5es j\u00e1 favoreceram a propaga\u00e7\u00e3o das chamas. Desta vez, por\u00e9m, o fogo acabou afetando grande parte da aldeia. A pol\u00edcia j\u00e1 est\u00e1 investigando as causas do inc\u00eandio.<\/p>\n<\/div>\n","protected":false},"excerpt":{"rendered":"<p>Ao final da Audi\u00eancia Geral desta quarta-feira (23), o Papa lembrou das fam\u00edlias atingidas por um inc\u00eandio no final de semana em Nowa Bia\u0142a, uma pequena vila ao sul da Pol\u00f4nia. O fogo destruiu 44 edif\u00edcios, incluindo casas e propriedades: \u201cgra\u00e7as a Deus, n\u00e3o houve mortes. Pedimos a gra\u00e7a da consola\u00e7\u00e3o, do apoio e da [&hellip;]<\/p>\n","protected":false},"author":1,"featured_media":68266,"comment_status":"open","ping_status":"closed","sticky":false,"template":"","format":"standard","meta":{"footnotes":""},"categories":[3],"tags":[],"class_list":["post-68265","post","type-post","status-publish","format-standard","has-post-thumbnail","hentry","category-vaticano"],"_links":{"self":[{"href":"https:\/\/catolicanet.net\/wp-cnet\/wp-json\/wp\/v2\/posts\/68265","targetHints":{"allow":["GET"]}}],"collection":[{"href":"https:\/\/catolicanet.net\/wp-cnet\/wp-json\/wp\/v2\/posts"}],"about":[{"href":"https:\/\/catolicanet.net\/wp-cnet\/wp-json\/wp\/v2\/types\/post"}],"author":[{"embeddable":true,"href":"https:\/\/catolicanet.net\/wp-cnet\/wp-json\/wp\/v2\/users\/1"}],"replies":[{"embeddable":true,"href":"https:\/\/catolicanet.net\/wp-cnet\/wp-json\/wp\/v2\/comments?post=68265"}],"version-history":[{"count":1,"href":"https:\/\/catolicanet.net\/wp-cnet\/wp-json\/wp\/v2\/posts\/68265\/revisions"}],"predecessor-version":[{"id":68267,"href":"https:\/\/catolicanet.net\/wp-cnet\/wp-json\/wp\/v2\/posts\/68265\/revisions\/68267"}],"wp:featuredmedia":[{"embeddable":true,"href":"https:\/\/catolicanet.net\/wp-cnet\/wp-json\/wp\/v2\/media\/68266"}],"wp:attachment":[{"href":"https:\/\/catolicanet.net\/wp-cnet\/wp-json\/wp\/v2\/media?parent=68265"}],"wp:term":[{"taxonomy":"category","embeddable":true,"href":"https:\/\/catolicanet.net\/wp-cnet\/wp-json\/wp\/v2\/categories?post=68265"},{"taxonomy":"post_tag","embeddable":true,"href":"https:\/\/catolicanet.net\/wp-cnet\/wp-json\/wp\/v2\/tags?post=68265"}],"curies":[{"name":"wp","href":"https:\/\/api.w.org\/{rel}","templated":true}]}}