{"id":68252,"date":"2021-06-22T09:04:38","date_gmt":"2021-06-22T12:04:38","guid":{"rendered":"https:\/\/catolicanet.net\/wp-cnet\/?p=68252"},"modified":"2021-06-22T15:39:26","modified_gmt":"2021-06-22T18:39:26","slug":"a-emocionante-carta-de-sao-luis-gonzaga-para-sua-mae-em-seu-leito-de-morte","status":"publish","type":"post","link":"https:\/\/catolicanet.net\/wp-cnet\/a-emocionante-carta-de-sao-luis-gonzaga-para-sua-mae-em-seu-leito-de-morte\/","title":{"rendered":"A emocionante carta de S\u00e3o Lu\u00eds Gonzaga para sua m\u00e3e em seu leito de morte"},"content":{"rendered":"<h2 class=\"subtitle\" style=\"text-align: justify;\">O santo de 23 anos escreveu uma carta para sua m\u00e3e pouco antes de morrer<\/h2>\n<p style=\"text-align: justify;\">S\u00e3o Lu\u00eds Gonzaga trabalhou incansavelmente pelos em Roma, cuidando daqueles que estavam morrendo em decorr\u00eancia da peste.<\/p>\n<p style=\"text-align: justify;\">N\u00e3o surpreendentemente, Lu\u00eds Gonzaga contraiu a praga e acabou morrendo aos 23 anos.<\/p>\n<div style=\"text-align: justify;\"><\/div>\n<p style=\"text-align: justify;\">Enquanto estava no leito de morte, Lu\u00eds escreveu esta carta sincera para sua m\u00e3e, garantindo-lhe seu destino final.<\/p>\n<p style=\"text-align: justify;\">\u00c9 uma bela carta e nos lembra que, embora a morte possa ser triste, tamb\u00e9m \u00e9 uma fonte de grande alegria que dura para a eternidade.<\/p>\n<blockquote class=\"wp-block-quote\">\n<p style=\"text-align: justify;\">A gra\u00e7a e a consola\u00e7\u00e3o do Esp\u00edrito Santo estejam sempre convosco. A vossa carta encontrou-me ainda vivo na regi\u00e3o dos mortos; mas agora espero ir em breve louvar a Deus eternamente na regi\u00e3o dos vivos. Pensava at\u00e9 que, a esta hora, j\u00e1 teria dado esse passo.<\/p>\n<div id=\"aleteia-welcome\" style=\"text-align: justify;\"><\/div>\n<p style=\"text-align: justify;\">Se a caridade, segundo S\u00e3o Paulo, ensina a chorar com os que choram e a alegrar-se com os que est\u00e3o alegres, muito grande deve ser a alegria de Vossa Senhoria, pela gra\u00e7a que Deus Vos concede na minha pessoa, chamando-me \u00e0 verdadeira alegria e dando-me a seguran\u00e7a de n\u00e3o poder perd\u00ea-Lo jamais.<\/p>\n<p style=\"text-align: justify;\">Confesso-vos, ilustr\u00edssima Senhora, que me perco e arrebato na contempla\u00e7\u00e3o da divina bondade, mar sem praia e sem fundo, que me chama a um descanso eterno por um trabalho t\u00e3o breve e pequeno; que me convida e chama ao C\u00e9u para dar-me ali aquele soberano bem que t\u00e3o negligentemente procurei, e que me promete o fruto daquelas l\u00e1grimas que t\u00e3o parcamente derramei.<\/p>\n<p style=\"text-align: justify;\">Por conseguinte, ilustr\u00edssima Senhora, considerai bem e ponde todo o cuidado em n\u00e3o ofender esta bondade de Deus, como certamente aconteceria se vi\u00e9sseis a chorar como morto aquele que vai viver na contempla\u00e7\u00e3o de Deus e que maiores servi\u00e7os vos far\u00e1 com as suas ora\u00e7\u00f5es do que nesta terra vos prestava.<\/p>\n<p style=\"text-align: justify;\">A nossa separa\u00e7\u00e3o ser\u00e1 breve; l\u00e1 no C\u00e9u nos tornaremos a ver; l\u00e1 seremos felizes e viveremos para sempre juntos, porque estaremos unidos ao nosso Redentor, louvando-O com todas as for\u00e7as da nossa alma e cantando eternamente as suas miseric\u00f3rdias. Se Deus toma novamente o que nos tinha dado, n\u00e3o o faz sen\u00e3o para o colocar em lugar mais seguro e ao abrigo de qualquer perigo, e para nos dar aqueles bens que acima de tudo desejamos.<\/p>\n<p style=\"text-align: justify;\">Digo tudo isto para que v\u00f3s, Senhora minha M\u00e3e, e toda a fam\u00edlia, aceiteis a minha morte como um dom precioso da gra\u00e7a. A vossa b\u00ean\u00e7\u00e3o de m\u00e3e me assista e me ajude a alcan\u00e7ar com felicidade o porto dos meus desejos e esperan\u00e7as. Eu vos escrevo com tanto maior prazer quanto \u00e9 certo que n\u00e3o me resta outra ocasi\u00e3o para vos testemunhar o respeito e o amor filial que vos devo.<\/p>\n<\/blockquote>\n","protected":false},"excerpt":{"rendered":"<p>O santo de 23 anos escreveu uma carta para sua m\u00e3e pouco antes de morrer S\u00e3o Lu\u00eds Gonzaga trabalhou incansavelmente pelos em Roma, cuidando daqueles que estavam morrendo em decorr\u00eancia da peste. N\u00e3o surpreendentemente, Lu\u00eds Gonzaga contraiu a praga e acabou morrendo aos 23 anos. Enquanto estava no leito de morte, Lu\u00eds escreveu esta carta [&hellip;]<\/p>\n","protected":false},"author":1,"featured_media":68253,"comment_status":"open","ping_status":"closed","sticky":false,"template":"","format":"standard","meta":{"footnotes":""},"categories":[4,13],"tags":[],"class_list":["post-68252","post","type-post","status-publish","format-standard","has-post-thumbnail","hentry","category-cotidiano","category-featured"],"_links":{"self":[{"href":"https:\/\/catolicanet.net\/wp-cnet\/wp-json\/wp\/v2\/posts\/68252","targetHints":{"allow":["GET"]}}],"collection":[{"href":"https:\/\/catolicanet.net\/wp-cnet\/wp-json\/wp\/v2\/posts"}],"about":[{"href":"https:\/\/catolicanet.net\/wp-cnet\/wp-json\/wp\/v2\/types\/post"}],"author":[{"embeddable":true,"href":"https:\/\/catolicanet.net\/wp-cnet\/wp-json\/wp\/v2\/users\/1"}],"replies":[{"embeddable":true,"href":"https:\/\/catolicanet.net\/wp-cnet\/wp-json\/wp\/v2\/comments?post=68252"}],"version-history":[{"count":1,"href":"https:\/\/catolicanet.net\/wp-cnet\/wp-json\/wp\/v2\/posts\/68252\/revisions"}],"predecessor-version":[{"id":68254,"href":"https:\/\/catolicanet.net\/wp-cnet\/wp-json\/wp\/v2\/posts\/68252\/revisions\/68254"}],"wp:featuredmedia":[{"embeddable":true,"href":"https:\/\/catolicanet.net\/wp-cnet\/wp-json\/wp\/v2\/media\/68253"}],"wp:attachment":[{"href":"https:\/\/catolicanet.net\/wp-cnet\/wp-json\/wp\/v2\/media?parent=68252"}],"wp:term":[{"taxonomy":"category","embeddable":true,"href":"https:\/\/catolicanet.net\/wp-cnet\/wp-json\/wp\/v2\/categories?post=68252"},{"taxonomy":"post_tag","embeddable":true,"href":"https:\/\/catolicanet.net\/wp-cnet\/wp-json\/wp\/v2\/tags?post=68252"}],"curies":[{"name":"wp","href":"https:\/\/api.w.org\/{rel}","templated":true}]}}