{"id":68240,"date":"2021-06-22T09:24:27","date_gmt":"2021-06-22T12:24:27","guid":{"rendered":"https:\/\/catolicanet.net\/wp-cnet\/?p=68240"},"modified":"2021-06-22T14:27:10","modified_gmt":"2021-06-22T17:27:10","slug":"penitenciaria-apostolica-indulgencia-plenaria-no-1-dia-mundial-dos-avos-e-dos-idosos","status":"publish","type":"post","link":"https:\/\/catolicanet.net\/wp-cnet\/penitenciaria-apostolica-indulgencia-plenaria-no-1-dia-mundial-dos-avos-e-dos-idosos\/","title":{"rendered":"Penitenciaria Apost\u00f3lica: Indulg\u00eancia Plen\u00e1ria no 1\u00b0 Dia Mundial dos Av\u00f3s e dos Idosos"},"content":{"rendered":"<div class=\"article__subTitle\" style=\"text-align: justify;\">Receber\u00e3o a Indulg\u00eancia Plen\u00e1ria os av\u00f3s, idosos e todos os fi\u00e9is que participarem no dia 25 de julho de 2021, Primeiro Dia Mundial dos Av\u00f3s e dos Idosos, da solene celebra\u00e7\u00e3o que o Papa Francisco presidir\u00e1 na Bas\u00edlica de S\u00e3o Pedro ou das diversas fun\u00e7\u00f5es que ocorrer\u00e3o em todo o mundo.<\/div>\n<div class=\"title__separator\" style=\"text-align: justify;\"><\/div>\n<div class=\"article__text \">\n<p style=\"text-align: justify;\"><b>Vatican News<\/b><\/p>\n<p style=\"text-align: justify;\">A Penitenciaria Apost\u00f3lica divulgou um decreto sobre a Indulg\u00eancia Plen\u00e1ria, nesta ter\u00e7a-feira (22\/06), por ocasi\u00e3o do Dia Mundial dos Av\u00f3s e dos Idosos que ser\u00e1 celebrado no 4\u00b0 domingo de julho, dia 25.<\/p>\n<div style=\"text-align: justify;\">\n<div class=\"article__embed article__embed--unwrap article__embed--dark\">\n<div class=\"article__innerTitle\">Ou\u00e7a e compartilhe<\/div>\n<div>\n<!--[if lt IE 9]><script>document.createElement('audio');<\/script><![endif]-->\n<audio class=\"wp-audio-shortcode\" id=\"audio-68240-1\" preload=\"none\" style=\"width: 100%;\" controls=\"controls\"><source type=\"audio\/mpeg\" src=\"https:\/\/media.vaticannews.va\/media\/audio\/s1\/2021\/06\/22\/13\/136095353_F136095353.mp3?_=1\" \/><a href=\"https:\/\/media.vaticannews.va\/media\/audio\/s1\/2021\/06\/22\/13\/136095353_F136095353.mp3\">https:\/\/media.vaticannews.va\/media\/audio\/s1\/2021\/06\/22\/13\/136095353_F136095353.mp3<\/a><\/audio>\n<\/div>\n<\/div>\n<\/div>\n<p style=\"text-align: justify;\">Com a divulga\u00e7\u00e3o do Decreto, assinado pelo Penitencieiro-mor, cardeal Mauro Piacenza, e pelo regente da Penitenciaria, mons. Krzysztof Nykiel, o organismo vaticano atende ao recente pedido do prefeito do Dicast\u00e9rio para os Leigos, a Fam\u00edlia e a Vida, cardeal Kevin Joseph Farrell, em vista do Primeiro Dia Mundial dos Av\u00f3s e dos Idosos, concedendo a Indulg\u00eancia Plen\u00e1ria, &#8220;sob as habituais condi\u00e7\u00f5es, confiss\u00e3o sacramental, comunh\u00e3o eucar\u00edstica e ora\u00e7\u00e3o nas inten\u00e7\u00f5es do Sumo Pont\u00edfice, aos av\u00f3s, aos idosos e a todos os fi\u00e9is que, motivados por um aut\u00eantico esp\u00edrito de penit\u00eancia e caridade, participarem no dia 25 de julho de 2021, Primeiro Dia Mundial dos Av\u00f3s e dos Idosos, da solene celebra\u00e7\u00e3o que o Papa Francisco presidir\u00e1 na Bas\u00edlica de S\u00e3o Pedro ou ent\u00e3o das diversas fun\u00e7\u00f5es que ocorrer\u00e3o em todo o mundo&#8221;.<\/p>\n<p style=\"text-align: justify;\">A Indulg\u00eancia Plen\u00e1ria ser\u00e1 concedida tamb\u00e9m &#8220;nesse mesmo dia aos fi\u00e9is que dedicarem tempo para visitar em presen\u00e7a ou virtualmente os irm\u00e3os idosos necessitados ou em dificuldade, como os doentes, os abandonados, os deficientes e outros&#8221;.<\/p>\n<p style=\"text-align: justify;\">Poder\u00e3o tamb\u00e9m obter a Indulg\u00eancia Plen\u00e1ria, os idosos doentes e todos os que, impossibilitados de sa\u00edrem de casa por grave motivo, unirem-se espiritualmente \u00e0s fun\u00e7\u00f5es sagradas do Dia Mundial dos Av\u00f3s e dos Idosos, atrav\u00e9s dos meios televisivos e radiof\u00f4nicos, mas tamb\u00e9m pelos novos meios de comunica\u00e7\u00e3o social.<\/p>\n<p style=\"text-align: justify;\">Para que se torne mais f\u00e1cil o acesso ao perd\u00e3o divino, em nome da caridade pastoral, a Penitenciaria Apost\u00f3lica pede aos sacerdotes para ouvirem as confiss\u00f5es e mostrarem-se dispon\u00edveis, com esp\u00edrito pronto e generoso, para a celebra\u00e7\u00e3o da Penit\u00eancia.<\/p>\n<\/div>\n","protected":false},"excerpt":{"rendered":"<p>Receber\u00e3o a Indulg\u00eancia Plen\u00e1ria os av\u00f3s, idosos e todos os fi\u00e9is que participarem no dia 25 de julho de 2021, Primeiro Dia Mundial dos Av\u00f3s e dos Idosos, da solene celebra\u00e7\u00e3o que o Papa Francisco presidir\u00e1 na Bas\u00edlica de S\u00e3o Pedro ou das diversas fun\u00e7\u00f5es que ocorrer\u00e3o em todo o mundo. Vatican News A Penitenciaria [&hellip;]<\/p>\n","protected":false},"author":1,"featured_media":68241,"comment_status":"open","ping_status":"closed","sticky":false,"template":"","format":"standard","meta":{"footnotes":""},"categories":[3],"tags":[],"class_list":["post-68240","post","type-post","status-publish","format-standard","has-post-thumbnail","hentry","category-vaticano"],"_links":{"self":[{"href":"https:\/\/catolicanet.net\/wp-cnet\/wp-json\/wp\/v2\/posts\/68240","targetHints":{"allow":["GET"]}}],"collection":[{"href":"https:\/\/catolicanet.net\/wp-cnet\/wp-json\/wp\/v2\/posts"}],"about":[{"href":"https:\/\/catolicanet.net\/wp-cnet\/wp-json\/wp\/v2\/types\/post"}],"author":[{"embeddable":true,"href":"https:\/\/catolicanet.net\/wp-cnet\/wp-json\/wp\/v2\/users\/1"}],"replies":[{"embeddable":true,"href":"https:\/\/catolicanet.net\/wp-cnet\/wp-json\/wp\/v2\/comments?post=68240"}],"version-history":[{"count":1,"href":"https:\/\/catolicanet.net\/wp-cnet\/wp-json\/wp\/v2\/posts\/68240\/revisions"}],"predecessor-version":[{"id":68242,"href":"https:\/\/catolicanet.net\/wp-cnet\/wp-json\/wp\/v2\/posts\/68240\/revisions\/68242"}],"wp:featuredmedia":[{"embeddable":true,"href":"https:\/\/catolicanet.net\/wp-cnet\/wp-json\/wp\/v2\/media\/68241"}],"wp:attachment":[{"href":"https:\/\/catolicanet.net\/wp-cnet\/wp-json\/wp\/v2\/media?parent=68240"}],"wp:term":[{"taxonomy":"category","embeddable":true,"href":"https:\/\/catolicanet.net\/wp-cnet\/wp-json\/wp\/v2\/categories?post=68240"},{"taxonomy":"post_tag","embeddable":true,"href":"https:\/\/catolicanet.net\/wp-cnet\/wp-json\/wp\/v2\/tags?post=68240"}],"curies":[{"name":"wp","href":"https:\/\/api.w.org\/{rel}","templated":true}]}}