{"id":68234,"date":"2021-06-22T09:12:52","date_gmt":"2021-06-22T12:12:52","guid":{"rendered":"https:\/\/catolicanet.net\/wp-cnet\/?p=68234"},"modified":"2021-06-22T14:15:56","modified_gmt":"2021-06-22T17:15:56","slug":"zimbabue-a-campanha-laudato-si-por-um-meio-ambiente-mais-limpo","status":"publish","type":"post","link":"https:\/\/catolicanet.net\/wp-cnet\/zimbabue-a-campanha-laudato-si-por-um-meio-ambiente-mais-limpo\/","title":{"rendered":"Zimb\u00e1bue: a Campanha Laudato si&#8217; por um meio ambiente mais limpo"},"content":{"rendered":"<div class=\"article__subTitle\" style=\"text-align: justify;\">A Comiss\u00e3o Cat\u00f3lica dos Leigos do Zimb\u00e1bue lan\u00e7ou, em colabora\u00e7\u00e3o com a Rede dos Profissionais Cat\u00f3licos do pa\u00eds, uma campanha para preservar o meio ambiente no esp\u00edrito da Laudato si\u2019.<\/div>\n<div class=\"title__separator\" style=\"text-align: justify;\"><\/div>\n<div class=\"article__text \">\n<p style=\"text-align: justify;\"><b>Padre Alfonce Kugwa*<\/b><\/p>\n<p><iframe loading=\"lazy\" title=\"Zimb\u00e1bue: a Campanha Laudato si&#039; por um meio ambiente mais limpo\" width=\"696\" height=\"392\" src=\"https:\/\/www.youtube.com\/embed\/yxBcpgWzIbQ?feature=oembed\" frameborder=\"0\" allow=\"accelerometer; autoplay; clipboard-write; encrypted-media; gyroscope; picture-in-picture\" allowfullscreen><\/iframe><\/p>\n<p style=\"text-align: justify;\">A taxa de degrada\u00e7\u00e3o ambiental continua a crescer no Zimb\u00e1bue como em outros lugares, com grandes implica\u00e7\u00f5es para a flora, a fauna e a vida marinha: chegou o momento dos seres humanos tomarem medidas imediatas para evitar mais danos ao habitat comum. Na\u00a0<a href=\"https:\/\/www.vatican.va\/content\/francesco\/pt\/encyclicals\/documents\/papa-francesco_20150524_enciclica-laudato-si.html\" target=\"_blank\" rel=\"external noopener\">Enc\u00edclica Laudato si\u2019<\/a>, Papa Francisco apela ao di\u00e1logo &#8220;com todos sobre a nossa Casa Comum&#8221; (3): &#8220;precisamos&#8221;, escreve o Pont\u00edfice, &#8220;de um confronto que una todos, porque o desafio ambiental que estamos vivendo e as suas ra\u00edzes humanas nos preocupam e tocam a todos&#8221; (14). A mensagem do Papa inspirou a Rede dos Profissionais Cat\u00f3licos do Zimb\u00e1bue (CPNZ) que, portanto, decidiram fazer a sua parte para a prote\u00e7\u00e3o da Cria\u00e7\u00e3o.<\/p>\n<h2 style=\"text-align: justify;\">Leigos cat\u00f3licos e o cuidado com a Cria\u00e7\u00e3o<\/h2>\n<p style=\"text-align: justify;\">As reflex\u00f5es do Papa revelam que a humanidade \u00e9 respons\u00e1vel pela destrui\u00e7\u00e3o do meio ambiente e que somente atrav\u00e9s do esfor\u00e7o humano ser\u00e1 poss\u00edvel preserv\u00e1-lo.<\/p>\n<p style=\"text-align: justify;\">Como contribui\u00e7\u00e3o para uma nova gest\u00e3o do meio ambiente, a\u00a0<a href=\"http:\/\/www.zcbc.co.zw\/\" target=\"_blank\" rel=\"external nofollow noopener\">Comiss\u00e3o Cat\u00f3lica dos Leigos do Zimb\u00e1bue<\/a>, juntamente com a Rede dos Profissionais Cat\u00f3licos do pa\u00eds, lan\u00e7ou a Campanha Laudato si&#8217; que tem como objetivo incentivar a sociedade a proteger o meio ambiente. O projeto, apoiado pela Nunciatura Apost\u00f3lica, visa estimular as pessoas a praticarem formas sustent\u00e1veis em todos os empreendimentos empresariais.<\/p>\n<p style=\"text-align: justify;\">Assim, no esp\u00edrito da Laudato si&#8217;, os leigos cat\u00f3licos do Zimb\u00e1bue iniciaram um projeto que tem como objetivo principal aumentar a conscientiza\u00e7\u00e3o sobre a enc\u00edclica de 2015, ao mesmo tempo em que incentiva uma melhor gest\u00e3o ambiental. O projeto, destinado a todos os cidad\u00e3os do pa\u00eds, especialmente a crian\u00e7as e jovens, convida a promover e participar de atividades para cuidar do meio ambiente em comunidades individuais, em todos os lugares do Zimb\u00e1bue. Na verdade, algumas pr\u00e1ticas s\u00e3o diretamente respons\u00e1veis pela degrada\u00e7\u00e3o ambiental, tais como o desmatamento, a minera\u00e7\u00e3o ilegal, os inc\u00eandios florestais, o lan\u00e7amento de papel e pl\u00e1stico por toda parte: a campanha tem como objetivo desencorajar tais a\u00e7\u00f5es. Os jovens s\u00e3o incitados a fazer a sua parte mantendo o ambiente limpo.<\/p>\n<div style=\"text-align: justify;\">\n<div class=\"article__embed article__embed--unwrap article__embed--photo\">\n<figure><picture><img decoding=\"async\" class=\"loaded\" src=\"https:\/\/www.vaticannews.va\/content\/dam\/vaticannews\/multimedia\/2021\/4\/27\/LSZIMBABWE02-This-girl-shows-litter-in-the-street_.jpg\/_jcr_content\/renditions\/cq5dam.thumbnail.cropped.750.422.jpeg\" alt=\"Uma menina mostra o lixo pela estrada\" data-original=\"\/content\/dam\/vaticannews\/multimedia\/2021\/4\/27\/LSZIMBABWE02-This-girl-shows-litter-in-the-street_.jpg\/_jcr_content\/renditions\/cq5dam.thumbnail.cropped.750.422.jpeg\" data-was-processed=\"true\" \/><\/picture><\/figure>\n<div class=\"photo_embed--Title\">Uma menina mostra o lixo pela estrada<\/div>\n<\/div>\n<\/div>\n<h2 style=\"text-align: justify;\">O Evangelho e o meio ambiente<\/h2>\n<p style=\"text-align: justify;\">O Padre Johane Maseko, coordenador da Comiss\u00e3o Cat\u00f3lica dos Leigos do Zimb\u00e1bue, explicou que a campanha visa formar uma consci\u00eancia sobre o conte\u00fado da Laudato si&#8217; e encorajar um estilo de vida que esteja ligado ao bem-estar ambiental e ao Evangelho. O fato de sempre reiterar a refer\u00eancia do projeto \u00e0 Laudato si\u2019 tamb\u00e9m visa despertar o interesse pelo documento e a curiosidade dos indiv\u00edduos em l\u00ea-lo. Este projeto, reiterou Pe. Maseko, &#8220;visa sensibilizar as pessoas para que possam &#8216;cultivar e preservar o para\u00edso&#8217; que \u00e9 nosso mundo. O esfor\u00e7o \u00e9 o de ajudar as pessoas a entender a conex\u00e3o entre o cuidado com o meio ambiente e a ora\u00e7\u00e3o, como o Papa Francisco enfatizou ao lembrar na enc\u00edclica que \u2018um crime contra a natureza \u00e9 um crime contra n\u00f3s mesmos e um pecado contra Deus\u2019 (8)&#8221;.<\/p>\n<h2 style=\"text-align: justify;\">As atividades de minera\u00e7\u00e3o ilegal<\/h2>\n<p style=\"text-align: justify;\">A pobreza e o desemprego levam muitos jovens a se envolverem em minera\u00e7\u00e3o ilegal e outras formas il\u00edcitas de renda, que produzem grandes danos ao meio ambiente, tais como a minera\u00e7\u00e3o n\u00e3o organizada e o desmatamento. As florestas est\u00e3o sendo destru\u00eddas sem considera\u00e7\u00e3o pelos mineiros ilegais, os &#8220;makorokoza&#8221;, naquela &#8220;corrida do ouro&#8221;: eles escavam de qualquer forma e em qualquer lugar at\u00e9 achar que podem encontrar o metal precioso. Uma visita a lugares como Kwekwe, Gokwe, Kadoma, Bindura, Mazowe, Mberengwa d\u00e1 uma boa ideia dos enormes danos infligidos ao meio ambiente e levanta quest\u00f5es sobre nosso futuro comum.<\/p>\n<p style=\"text-align: justify;\">&#8220;\u00c9 a pobreza que est\u00e1 nos obriga a tudo isso. Estamos desempregados: \u00e9 um fato, n\u00e3o h\u00e1 trabalho. As nossas fam\u00edlias precisam de comida e a \u00fanica maneira de sobreviver \u00e9 vir at\u00e9 a kumakomba (minas ilegais) para procurar ouro. N\u00f3s tamb\u00e9m nos preocupamos com o meio ambiente, mas n\u00e3o podemos fazer outra coisa&#8221;, diz um minerador da periferia de Kadoma.<\/p>\n<div style=\"text-align: justify;\">\n<div class=\"article__embed article__embed--unwrap article__embed--photo\">\n<figure><picture><img decoding=\"async\" class=\"loaded\" src=\"https:\/\/www.vaticannews.va\/content\/dam\/vaticannews\/multimedia\/2021\/4\/27\/LSZIMBABWE03-This-lady-complains-about-the-amount-of-litter-pilling-up-in-the-strees-in-Bu.jpg\/_jcr_content\/renditions\/cq5dam.thumbnail.cropped.750.422.jpeg\" alt=\"Uma mulher critica o lixo acumulado pelas ruas de Budiriro\" data-original=\"\/content\/dam\/vaticannews\/multimedia\/2021\/4\/27\/LSZIMBABWE03-This-lady-complains-about-the-amount-of-litter-pilling-up-in-the-strees-in-Bu.jpg\/_jcr_content\/renditions\/cq5dam.thumbnail.cropped.750.422.jpeg\" data-was-processed=\"true\" \/><\/picture><\/figure>\n<div class=\"photo_embed--Title\">Uma mulher critica o lixo acumulado pelas ruas de Budiriro<\/div>\n<\/div>\n<\/div>\n<h2 style=\"text-align: justify;\">A superlota\u00e7\u00e3o nas cidades<\/h2>\n<p style=\"text-align: justify;\">\u00c9 tamb\u00e9m a gan\u00e2ncia por dinheiro que tem contribu\u00eddo para a destrui\u00e7\u00e3o do meio ambiente. A distribui\u00e7\u00e3o ca\u00f3tica e aleat\u00f3ria das terras por propriet\u00e1rios para fins econ\u00f4micos, a fim de criar \u00e1reas residenciais em \u00e1reas urbanas, resultou na prolifera\u00e7\u00e3o de estruturas habitacionais nas \u00e1reas \u00famidas do pa\u00eds e em outros lugares n\u00e3o destinados ao desenvolvimento.<\/p>\n<p style=\"text-align: justify;\">A migra\u00e7\u00e3o para as cidades resultou em superlota\u00e7\u00e3o urbana, o que por sua vez comprometeu e complicou os padr\u00f5es de higiene de muitas partes do Zimb\u00e1bue. Muito pouco tem sido feito para melhorar as condi\u00e7\u00f5es de abastecimento de \u00e1gua e saneamento. O estouro frequente de canos de esgoto, o fornecimento irregular de \u00e1gua e o abandono de lixo em todos os lugares \u00e9 uma fonte de grande preocupa\u00e7\u00e3o para os habitantes da cidade. Nesse contexto, a Igreja, com a ajuda dos leigos, est\u00e1 tentando reduzir a amea\u00e7a de polui\u00e7\u00e3o ambiental no pa\u00eds.<\/p>\n<h2 style=\"text-align: justify;\">A Campanha Laudato si\u2019<\/h2>\n<p style=\"text-align: justify;\">Atrav\u00e9s da campanha, a Igreja procura sensibilizar as comunidades para a necessidade de priorizar a prote\u00e7\u00e3o ambiental com a prote\u00e7\u00e3o das florestas, das \u00e1reas \u00famidas, dos recursos h\u00eddricos, da vida selvagem e da camada de oz\u00f4nio. Ela tamb\u00e9m incentiva o plantio de \u00e1rvores, o tratamento adequado e a reciclagem de res\u00edduos, al\u00e9m do fim de uma cultura descart\u00e1vel, que contamina o meio ambiente e promove a mudan\u00e7a clim\u00e1tica.<\/p>\n<p style=\"text-align: justify;\"><i>*diretor da Comiss\u00e3o de Comunica\u00e7\u00f5es da Confer\u00eancia dos Bispos Cat\u00f3licos do Zimb\u00e1bue<\/i><\/p>\n<\/div>\n","protected":false},"excerpt":{"rendered":"<p>A Comiss\u00e3o Cat\u00f3lica dos Leigos do Zimb\u00e1bue lan\u00e7ou, em colabora\u00e7\u00e3o com a Rede dos Profissionais Cat\u00f3licos do pa\u00eds, uma campanha para preservar o meio ambiente no esp\u00edrito da Laudato si\u2019. Padre Alfonce Kugwa* A taxa de degrada\u00e7\u00e3o ambiental continua a crescer no Zimb\u00e1bue como em outros lugares, com grandes implica\u00e7\u00f5es para a flora, a fauna [&hellip;]<\/p>\n","protected":false},"author":1,"featured_media":68235,"comment_status":"open","ping_status":"closed","sticky":false,"template":"","format":"standard","meta":{"footnotes":""},"categories":[3],"tags":[],"class_list":["post-68234","post","type-post","status-publish","format-standard","has-post-thumbnail","hentry","category-vaticano"],"_links":{"self":[{"href":"https:\/\/catolicanet.net\/wp-cnet\/wp-json\/wp\/v2\/posts\/68234","targetHints":{"allow":["GET"]}}],"collection":[{"href":"https:\/\/catolicanet.net\/wp-cnet\/wp-json\/wp\/v2\/posts"}],"about":[{"href":"https:\/\/catolicanet.net\/wp-cnet\/wp-json\/wp\/v2\/types\/post"}],"author":[{"embeddable":true,"href":"https:\/\/catolicanet.net\/wp-cnet\/wp-json\/wp\/v2\/users\/1"}],"replies":[{"embeddable":true,"href":"https:\/\/catolicanet.net\/wp-cnet\/wp-json\/wp\/v2\/comments?post=68234"}],"version-history":[{"count":1,"href":"https:\/\/catolicanet.net\/wp-cnet\/wp-json\/wp\/v2\/posts\/68234\/revisions"}],"predecessor-version":[{"id":68236,"href":"https:\/\/catolicanet.net\/wp-cnet\/wp-json\/wp\/v2\/posts\/68234\/revisions\/68236"}],"wp:featuredmedia":[{"embeddable":true,"href":"https:\/\/catolicanet.net\/wp-cnet\/wp-json\/wp\/v2\/media\/68235"}],"wp:attachment":[{"href":"https:\/\/catolicanet.net\/wp-cnet\/wp-json\/wp\/v2\/media?parent=68234"}],"wp:term":[{"taxonomy":"category","embeddable":true,"href":"https:\/\/catolicanet.net\/wp-cnet\/wp-json\/wp\/v2\/categories?post=68234"},{"taxonomy":"post_tag","embeddable":true,"href":"https:\/\/catolicanet.net\/wp-cnet\/wp-json\/wp\/v2\/tags?post=68234"}],"curies":[{"name":"wp","href":"https:\/\/api.w.org\/{rel}","templated":true}]}}