{"id":68202,"date":"2021-06-18T09:38:39","date_gmt":"2021-06-18T12:38:39","guid":{"rendered":"https:\/\/catolicanet.net\/wp-cnet\/?p=68202"},"modified":"2021-06-21T13:42:53","modified_gmt":"2021-06-21T16:42:53","slug":"ela-e-a-maior-obra-de-todas","status":"publish","type":"post","link":"https:\/\/catolicanet.net\/wp-cnet\/ela-e-a-maior-obra-de-todas\/","title":{"rendered":"ELA \u00c9 A MAIOR OBRA DE TODAS"},"content":{"rendered":"<p><strong>\u201cOrando a Deus, com palavras ou em sil\u00eancio, clamemos a Ele com o cora\u00e7\u00e3o\u201d.<\/strong><\/p>\n<p style=\"text-align: right;\">Santo Agostinho de Hipona Bispo e Doutor da Igreja<\/p>\n<p style=\"text-align: justify;\">\u00a0\u00a0\u00a0\u00a0\u00a0\u00a0\u00a0\u00a0 A ora\u00e7\u00e3o \u00e9 a grande tarefa \u00e0 qual todo crist\u00e3o foi chamado. O c\u00e9lebre evangelista Rev. Oswald Chambers escreveu: <em>\u201cA ora\u00e7\u00e3o n\u00e3o nos equipa para as \u2018obras maiores\u2019. Ela \u00e9 a maior obra de todas\u201d.<\/em> A ora\u00e7\u00e3o nos d\u00e1 acesso ao trono de Deus e nos permite tomar posse do poder e da autoridade de Cristo. O Esp\u00edrito Santo habita em n\u00f3s e nos d\u00e1 poder para demolir as fortalezas.<\/p>\n<p style=\"text-align: justify;\">\u00a0\u00a0\u00a0\u00a0\u00a0\u00a0\u00a0\u00a0 H\u00e1 uma din\u00e2mica espiritual sugerida na Sagrada Escritura que ocorre quando duas ou mais pessoas perseveram juntamente na f\u00e9, orando no Esp\u00edrito: o poder de ora\u00e7\u00e3o de cada participante n\u00e3o somente \u00e9 somado, parece ser multiplicado. Mois\u00e9s disse que uma pessoa, do povo de Israel, com a ajuda de Deus perseguiriam 10 mil (Dt 32,30). Mais uma vez, ele prometeu que cinco perseguiriam cem, e cem perseguiriam 10 mil (Lv 26,8).<\/p>\n<p style=\"text-align: justify;\">\u00a0\u00a0\u00a0\u00a0\u00a0\u00a0\u00a0\u00a0 O brado unido da f\u00e9 dos trezentos de Gide\u00e3o, embora estivessem armados somente com tochas acesas, arrasou completamente os vastos ex\u00e9rcitos dos midianitas. Pelo mesmo princ\u00edpio, f\u00e9 unida, c\u00e2nticos e louvores confundiram tanto Satan\u00e1s e os ex\u00e9rcitos unidos de Amom, Moabe e Monte Seir que foram completamente aniquilados sem que Israel tivesse sequer levantado uma espada para lutar numa batalha f\u00edsica (Ler 2 Cr 20).<\/p>\n<p style=\"text-align: justify;\">\u00a0\u00a0\u00a0\u00a0\u00a0\u00a0\u00a0\u00a0 O apoio da ora\u00e7\u00e3o unida era o que S\u00e3o Paulo Ap\u00f3stolo tanto desejava. Em suas cartas, pedia aos crist\u00e3os que se unissem com ele em ora\u00e7\u00e3o pela sua vida e minist\u00e9rio. Aos Romanos<em>: \u201cE rogo-vos, irm\u00e3os, por nosso Senhor Jesus Cristo e pelo amor do Esp\u00edrito, que combatais comigo nas vossas ora\u00e7\u00f5es por mim a Deus\u201d <\/em>(Rm 15,30). Aos Cor\u00edntios, ele expressou sua confian\u00e7a: <em>\u201cO qual nos livrou de t\u00e3o grande morte, e livra; em quem esperamos que tamb\u00e9m nos livrar\u00e1 ainda, ajudando-nos tamb\u00e9m v\u00f3s, com ora\u00e7\u00f5es por n\u00f3s, para que, pela merc\u00ea que por muitas pessoas nos foi feita, por muitas tamb\u00e9m seja dadas gra\u00e7as a nosso respeito\u201d<\/em> (2 Co 1,10-11).<\/p>\n<p style=\"text-align: justify;\">\u00a0\u00a0\u00a0\u00a0\u00a0\u00a0\u00a0\u00a0 Aos filipenses, S\u00e3o Paulo escreveu: <em>\u201cPorque sei que disto me resultar\u00e1 salva\u00e7\u00e3o, pela vossa ora\u00e7\u00e3o e pelo socorro do Esp\u00edrito de Jesus Cristo\u201d <\/em>(Fp 1,19). Aos Colossenses: <em>\u201cPerseverai em ora\u00e7\u00e3o, velando nela com a\u00e7\u00e3o de gra\u00e7as; orando tamb\u00e9m juntamente por n\u00f3s, para que Deus nos abra a porta da palavra\u201d<\/em> (Cl 4,2-3).<strong>\u00a0<\/strong><\/p>\n<p style=\"text-align: justify;\"><strong>\u00a0\u00a0\u00a0\u00a0\u00a0\u00a0\u00a0\u00a0 \u201cA ora\u00e7\u00e3o \u00e9 uma grande armadura, uma defesa, um porto seguro, um tesouro. \u00c9 um tesouro que nos prov\u00ea de todos os bens\u201d.<\/strong><\/p>\n<p style=\"text-align: justify;\">\u00a0 \u00a0 \u00a0 \u00a0 \u00a0 \u00a0 \u00a0 \u00a0 \u00a0 \u00a0 \u00a0 \u00a0 \u00a0 \u00a0 \u00a0 \u00a0 \u00a0 \u00a0 \u00a0 \u00a0 \u00a0 \u00a0 \u00a0 \u00a0 \u00a0 \u00a0 \u00a0 \u00a0 \u00a0 \u00a0 \u00a0 \u00a0 \u00a0S\u00e3o Jo\u00e3o Cris\u00f3stomo Bispo e Doutor da Igreja<\/p>\n<p style=\"text-align: justify;\">\u00a0\u00a0\u00a0\u00a0\u00a0\u00a0\u00a0\u00a0 Orar \u00e9 a maior obra que podemos fazer \u2013 mas, para faz\u00ea-la bem, \u00e9 preciso haver quietude, atitude, amor e determina\u00e7\u00e3o. A gra\u00e7a da ora\u00e7\u00e3o tem os maiores resultados positivos. Nunca \u00e9 demais a gloriosa pr\u00e1tica da ora\u00e7\u00e3o. A vida do crist\u00e3o \u00e9 a ora\u00e7\u00e3o. Orar sempre e viver na certeza da provid\u00eancia do bom Deus.<\/p>\n<p style=\"text-align: justify;\">\n<p style=\"text-align: justify;\">Frei In\u00e1cio Jos\u00e9 do Vale, FCF<\/p>\n<p style=\"text-align: justify;\">Fraternidade Sacerdotal Jesus C\u00e1ritas<\/p>\n<p style=\"text-align: justify;\">Espiritualidade de Nazar\u00e9 de Charles de Foucauld<\/p>\n<p style=\"text-align: justify;\">Educador, Psicanalista e Soci\u00f3logo em Ci\u00eancias da Religi\u00e3o<\/p>\n<p style=\"text-align: justify;\">Trabalha Clinicando na Comunidade de A\u00e7\u00e3o Pastoral de Pouso Alegre-CAP<\/p>\n<p style=\"text-align: justify;\">\n<p style=\"text-align: justify;\"><strong>Autor do livro Terapia Psicanal\u00edtica: Demolindo a Ansiedade, a Depress\u00e3o e a Posse da Sa\u00fade F\u00edsica e Psicol\u00f3gica\u00a0 <\/strong><\/p>\n<p style=\"text-align: justify;\">\n<p style=\"text-align: justify;\"><strong>O livro FOME E SEDE DE DEUS\u00a0eBook Kindle do Frei <\/strong><a href=\"https:\/\/www.amazon.com.br\/s\/ref=dp_byline_sr_ebooks_1?ie=UTF8&amp;text=AGRICIO+IN%C3%81CIO+JOS%C3%89+DO+VALE&amp;search-alias=digital-text&amp;field-author=AGRICIO+IN%C3%81CIO+JOS%C3%89+DO+VALE&amp;sort=relevancerank\"><strong>A. IN\u00c1CIO JOS\u00c9 DO VALE<\/strong><\/a><strong>,<\/strong><strong>\u00a0A Amazon <\/strong><strong>lan\u00e7a o livro IMPRESSO: <\/strong><strong>FOME E SEDE DE DEUS, <\/strong><strong><u>com uma novidade: \u201c<\/u><\/strong><strong><u>A VIDA DO BEM-AVENTURADO CHARLES DE FOUCAULD\u201d.<\/u><\/strong><\/p>\n<p style=\"text-align: justify;\"><strong>COMPRE O LIVRO DIRETAMENTE PELA AMAZON<\/strong><\/p>\n<p style=\"text-align: justify;\"><strong>AQUI: <\/strong><a href=\"https:\/\/www.amazon.com\/dp\/1795364696\"><strong>https:\/\/www.amazon.com\/dp\/1795364696<\/strong><\/a><\/p>\n<p style=\"text-align: justify;\">\n","protected":false},"excerpt":{"rendered":"<p>\u201cOrando a Deus, com palavras ou em sil\u00eancio, clamemos a Ele com o cora\u00e7\u00e3o\u201d. Santo Agostinho de Hipona Bispo e Doutor da Igreja \u00a0\u00a0\u00a0\u00a0\u00a0\u00a0\u00a0\u00a0 A ora\u00e7\u00e3o \u00e9 a grande tarefa \u00e0 qual todo crist\u00e3o foi chamado. O c\u00e9lebre evangelista Rev. Oswald Chambers escreveu: \u201cA ora\u00e7\u00e3o n\u00e3o nos equipa para as \u2018obras maiores\u2019. Ela \u00e9 a [&hellip;]<\/p>\n","protected":false},"author":16,"featured_media":55822,"comment_status":"open","ping_status":"closed","sticky":false,"template":"","format":"standard","meta":{"footnotes":""},"categories":[9],"tags":[],"class_list":["post-68202","post","type-post","status-publish","format-standard","has-post-thumbnail","hentry","category-artigos"],"_links":{"self":[{"href":"https:\/\/catolicanet.net\/wp-cnet\/wp-json\/wp\/v2\/posts\/68202","targetHints":{"allow":["GET"]}}],"collection":[{"href":"https:\/\/catolicanet.net\/wp-cnet\/wp-json\/wp\/v2\/posts"}],"about":[{"href":"https:\/\/catolicanet.net\/wp-cnet\/wp-json\/wp\/v2\/types\/post"}],"author":[{"embeddable":true,"href":"https:\/\/catolicanet.net\/wp-cnet\/wp-json\/wp\/v2\/users\/16"}],"replies":[{"embeddable":true,"href":"https:\/\/catolicanet.net\/wp-cnet\/wp-json\/wp\/v2\/comments?post=68202"}],"version-history":[{"count":1,"href":"https:\/\/catolicanet.net\/wp-cnet\/wp-json\/wp\/v2\/posts\/68202\/revisions"}],"predecessor-version":[{"id":68203,"href":"https:\/\/catolicanet.net\/wp-cnet\/wp-json\/wp\/v2\/posts\/68202\/revisions\/68203"}],"wp:featuredmedia":[{"embeddable":true,"href":"https:\/\/catolicanet.net\/wp-cnet\/wp-json\/wp\/v2\/media\/55822"}],"wp:attachment":[{"href":"https:\/\/catolicanet.net\/wp-cnet\/wp-json\/wp\/v2\/media?parent=68202"}],"wp:term":[{"taxonomy":"category","embeddable":true,"href":"https:\/\/catolicanet.net\/wp-cnet\/wp-json\/wp\/v2\/categories?post=68202"},{"taxonomy":"post_tag","embeddable":true,"href":"https:\/\/catolicanet.net\/wp-cnet\/wp-json\/wp\/v2\/tags?post=68202"}],"curies":[{"name":"wp","href":"https:\/\/api.w.org\/{rel}","templated":true}]}}