{"id":68174,"date":"2021-06-21T09:49:44","date_gmt":"2021-06-21T12:49:44","guid":{"rendered":"https:\/\/catolicanet.net\/wp-cnet\/?p=68174"},"modified":"2021-06-21T12:51:36","modified_gmt":"2021-06-21T15:51:36","slug":"meio-milhao-de-vidas-perdidas-entidades-do-pacto-pela-vida-e-pelo-brasil-se-manifestam-diante-das-mortes-pela-covid","status":"publish","type":"post","link":"https:\/\/catolicanet.net\/wp-cnet\/meio-milhao-de-vidas-perdidas-entidades-do-pacto-pela-vida-e-pelo-brasil-se-manifestam-diante-das-mortes-pela-covid\/","title":{"rendered":"MEIO MILH\u00c3O DE VIDAS PERDIDAS: ENTIDADES DO PACTO PELA VIDA E PELO BRASIL SE MANIFESTAM DIANTE DAS MORTES PELA COVID"},"content":{"rendered":"<p style=\"text-align: justify;\">A CNBB, juntamente com a Ordem dos Advogados do Brasil, a Comiss\u00e3o de Defesa dos Direitos Humanos Dom Paulo Evaristo Arns, a Academia Brasileira de Ci\u00eancias, a Associa\u00e7\u00e3o Brasileira de Imprensa e a Sociedade Brasileira para o Progresso da Ci\u00eancia, escreveram uma carta em que prestam solidariedade \u00e0s milhares de fam\u00edlias afetadas pela perda de entes queridos pela Covid-19.<\/p>\n<p style=\"text-align: justify;\">As entidades tamb\u00e9m manifestaram indigna\u00e7\u00e3o pelas manifesta\u00e7\u00f5es contr\u00e1rias \u00e0s medidas recomendadas por organismos sanit\u00e1rios no cuidado e na promo\u00e7\u00e3o da vida. Por fim, ainda destacaram a import\u00e2ncia do trabalho da CPI da Pandemia, instalada no Congresso Nacional, para investigar as a\u00e7\u00f5es da gest\u00e3o p\u00fablica diante da crise da pandemia.<\/p>\n<p style=\"text-align: justify;\">As seis entidades signat\u00e1rias dessa carta se sensibilizaram com a situa\u00e7\u00e3o provocada pela pandemia e se uniram desde abril do ano passado, quando lan\u00e7aram o\u00a0<a href=\"https:\/\/www.cnbb.org.br\/pacto-pela-vida-e-pelo-brasil-01\/\"><strong>Pacto Pela Vida e Pelo Brasil<\/strong><\/a>, endossado por organiza\u00e7\u00f5es e pessoas de todo o pa\u00eds. Naquela \u00e9poca, logo no in\u00edcio da pandemia, as entidades perceberam que eram necess\u00e1rias medidas firmes, guiadas pela ci\u00eancia, para conter o seu alastramento. Previa-se que a crise sanit\u00e1ria atingiria de forma desigual a popula\u00e7\u00e3o brasileira, afetando particularmente os mais vulner\u00e1veis.<\/p>\n<p style=\"text-align: justify;\">Leia a carta\u00a0<strong><a href=\"https:\/\/www.cnbb.org.br\/wp-content\/uploads\/2021\/06\/Meio-milha%CC%83o-de-vidas-perdidas-1.pdf\">Meio milha\u0303o de vidas perdidas<\/a><\/strong>\u00a0na \u00edntegra:<\/p>\n<p style=\"text-align: justify;\"><strong>MEIO MILH\u00c3O DE VIDAS PERDIDAS<\/strong><\/p>\n<p style=\"text-align: justify;\">Em sete de abril de 2020, Dia Mundial da Sa\u00fade, as seis entidades signat\u00e1rias desta carta manifestaram-se diante da expans\u00e3o da Covid-19, lan\u00e7ando o Pacto Pela Vida e Pelo Brasil, endossado por organiza\u00e7\u00f5es e pessoas de todo o pa\u00eds. Sinais indicavam se tratar de um v\u00edrus de alta transmiss\u00e3o, com impactos graves sobre o organismo humano, pedindo medidas firmes, guiadas pela ci\u00eancia, para conter o seu alastramento. Previa-se que a crise sanit\u00e1ria atingiria de forma desigual a popula\u00e7\u00e3o brasileira, afetando particularmente os mais vulner\u00e1veis.<\/p>\n<p style=\"text-align: justify;\">O Brasil contava, ent\u00e3o, com 688 \u00f3bitos pelo coronav\u00edrus. Hoje, passado pouco mais de um ano, s\u00e3o 500 mil \u00f3bitos, meio milh\u00e3o de vidas perdidas. O equivalente a duas vezes e meia o n\u00famero de mortos pelas bombas de Hiroshima e Nagasaki, em 1945.<\/p>\n<p style=\"text-align: justify;\">Uma palavra de esperan\u00e7a sempre ser\u00e1 necess\u00e1ria para confortar as milhares de fam\u00edlias afetadas pela perda de entes queridos. A todas, nosso sentimento e nossa solidariedade. Contudo, continua causando estranheza, e tamb\u00e9m indigna\u00e7\u00e3o, as manifesta\u00e7\u00f5es contr\u00e1rias \u00e0s medidas recomendadas por organismos sanit\u00e1rios, no cuidado e na promo\u00e7\u00e3o da vida humana.<\/p>\n<p style=\"text-align: justify;\">\u00c9 incompreens\u00edvel, especialmente por parte do Presidente da Rep\u00fablica, no exerc\u00edcio de suas atribui\u00e7\u00f5es constitucionais, a promo\u00e7\u00e3o de aglomera\u00e7\u00f5es com objetivos ideol\u00f3gico-pol\u00edticos, estimulando comportamentos sociais com risco epidemiol\u00f3gico. Tais atitudes s\u00e3o um atentado contra a vida e contra os valores democr\u00e1ticos.<\/p>\n<p style=\"text-align: justify;\">Manifesta\u00e7\u00f5es de autoridades promovendo o uso de medica\u00e7\u00e3o sem efic\u00e1cia no combate ao v\u00edrus, o descr\u00e9dito propagado em torno da ci\u00eancia, a omiss\u00e3o em rela\u00e7\u00e3o \u00e0s vacinas, a multiplica\u00e7\u00e3o de fake news, a desorienta\u00e7\u00e3o sanit\u00e1ria e a falta de coordena\u00e7\u00e3o nacional no enfrentamento da pandemia cooperaram para que o n\u00famero de doentes e mortos alcan\u00e7asse n\u00edveis exorbitantes.<\/p>\n<p style=\"text-align: justify;\">Pertinente e indispens\u00e1vel \u00e9 a CPI instalada no Senado Federal, que se debru\u00e7a sobre um mar de informa\u00e7\u00f5es, convergindo para uma certeza: negacionismo mata. Desejamos que a CPI, ao concluir seus trabalhos, elucide a verdade dos fatos para os brasileiros, podendo abrir um novo cap\u00edtulo em nossa hist\u00f3ria democr\u00e1tica.<\/p>\n<p style=\"text-align: justify;\">Importante ressaltar que a falsa oposi\u00e7\u00e3o entre salvar vidas e salvar a economia, que ainda alimenta o discurso oficial, revela a estrat\u00e9gia de quem n\u00e3o faz nem uma coisa nem outra. A popula\u00e7\u00e3o sofre com a falta de vacinas, cuja compra foi sistematicamente negligenciada por \u00f3rg\u00e3os oficiais, assim como sofre pela falta de trabalho e de perspectivas. A concentra\u00e7\u00e3o de renda, uma das maiores do mundo, segue seu curso, enquanto a fome se instala em milh\u00f5es de lares. E o necess\u00e1rio aux\u00edlio emergencial, que deveria continuar a ser de R$ 600, serve como paliativo, jamais como solu\u00e7\u00e3o.<\/p>\n<p style=\"text-align: justify;\">O Estado democr\u00e1tico de direito, com amplo respeito \u00e0s institui\u00e7\u00f5es, promove o conv\u00edvio social pac\u00edfico, estimulando o entendimento e a disposi\u00e7\u00e3o para a constru\u00e7\u00e3o de uma na\u00e7\u00e3o mais justa e fraterna. Por\u00e9m, n\u00e3o \u00e9 nessa dire\u00e7\u00e3o que caminham alguns setores da sociedade e parcela dos governantes. O vazio de pol\u00edticas p\u00fablicas, ao lado das pol\u00edticas da desconstru\u00e7\u00e3o, n\u00e3o s\u00f3 no \u00e2mbito da sa\u00fade, mas em educa\u00e7\u00e3o, cultura, meio ambiente, moradia, emprego, gera\u00e7\u00e3o de renda, apoio \u00e0 ci\u00eancia e inova\u00e7\u00e3o, revela a sociedade que se sente confusa, abandonada e adoecida.<\/p>\n<p style=\"text-align: justify;\">Expressamos aqui a nossa solidariedade, com uma palavra de conforto. Se, por um lado, a morte de tantos requer o sil\u00eancio respeitoso e as preces dos que t\u00eam f\u00e9, de outro lado, conclamamos mais uma vez a uni\u00e3o nacional em defesa da vida e da democracia no Brasil. Dias melhores vir\u00e3o. Seja esta a bandeira de um novo tempo. Vidas perdidas n\u00e3o ser\u00e3o esquecidas.<\/p>\n<p style=\"text-align: justify;\">Dom Walmor Oliveira de Azevedo, presidente da Confer\u00eancia Nacional dos Bispos do Brasil \u2013 CNBB<\/p>\n<p style=\"text-align: justify;\">Felipe Santa Cruz, presidente da Ordem dos Advogados do Brasil \u2013 OAB<\/p>\n<p style=\"text-align: justify;\">Jos\u00e9 Carlos Dias, presidente da Comiss\u00e3o de Defesa dos Direitos Humanos Dom Paulo Evaristo Arns \u2013 Comiss\u00e3o Arns<\/p>\n<p style=\"text-align: justify;\">Luiz Davidovich, presidente da Academia Brasileira de Ci\u00eancias \u2013 ABC<\/p>\n<p style=\"text-align: justify;\">Paulo Jeronimo de Sousa, presidente da Associa\u00e7\u00e3o Brasileira de Imprensa \u2013 ABI<\/p>\n<p style=\"text-align: justify;\">Ildeu de Castro Moreira, presidente da Sociedade Brasileira para o Progresso da Ci\u00eancia \u2013 SBPC<\/p>\n","protected":false},"excerpt":{"rendered":"<p>A CNBB, juntamente com a Ordem dos Advogados do Brasil, a Comiss\u00e3o de Defesa dos Direitos Humanos Dom Paulo Evaristo Arns, a Academia Brasileira de Ci\u00eancias, a Associa\u00e7\u00e3o Brasileira de Imprensa e a Sociedade Brasileira para o Progresso da Ci\u00eancia, escreveram uma carta em que prestam solidariedade \u00e0s milhares de fam\u00edlias afetadas pela perda de [&hellip;]<\/p>\n","protected":false},"author":1,"featured_media":68175,"comment_status":"open","ping_status":"closed","sticky":false,"template":"","format":"standard","meta":{"footnotes":""},"categories":[7,13],"tags":[],"class_list":["post-68174","post","type-post","status-publish","format-standard","has-post-thumbnail","hentry","category-cnbb","category-featured"],"_links":{"self":[{"href":"https:\/\/catolicanet.net\/wp-cnet\/wp-json\/wp\/v2\/posts\/68174","targetHints":{"allow":["GET"]}}],"collection":[{"href":"https:\/\/catolicanet.net\/wp-cnet\/wp-json\/wp\/v2\/posts"}],"about":[{"href":"https:\/\/catolicanet.net\/wp-cnet\/wp-json\/wp\/v2\/types\/post"}],"author":[{"embeddable":true,"href":"https:\/\/catolicanet.net\/wp-cnet\/wp-json\/wp\/v2\/users\/1"}],"replies":[{"embeddable":true,"href":"https:\/\/catolicanet.net\/wp-cnet\/wp-json\/wp\/v2\/comments?post=68174"}],"version-history":[{"count":1,"href":"https:\/\/catolicanet.net\/wp-cnet\/wp-json\/wp\/v2\/posts\/68174\/revisions"}],"predecessor-version":[{"id":68176,"href":"https:\/\/catolicanet.net\/wp-cnet\/wp-json\/wp\/v2\/posts\/68174\/revisions\/68176"}],"wp:featuredmedia":[{"embeddable":true,"href":"https:\/\/catolicanet.net\/wp-cnet\/wp-json\/wp\/v2\/media\/68175"}],"wp:attachment":[{"href":"https:\/\/catolicanet.net\/wp-cnet\/wp-json\/wp\/v2\/media?parent=68174"}],"wp:term":[{"taxonomy":"category","embeddable":true,"href":"https:\/\/catolicanet.net\/wp-cnet\/wp-json\/wp\/v2\/categories?post=68174"},{"taxonomy":"post_tag","embeddable":true,"href":"https:\/\/catolicanet.net\/wp-cnet\/wp-json\/wp\/v2\/tags?post=68174"}],"curies":[{"name":"wp","href":"https:\/\/api.w.org\/{rel}","templated":true}]}}