{"id":68161,"date":"2021-06-21T09:36:33","date_gmt":"2021-06-21T12:36:33","guid":{"rendered":"https:\/\/catolicanet.net\/wp-cnet\/?p=68161"},"modified":"2021-06-21T12:38:14","modified_gmt":"2021-06-21T15:38:14","slug":"roaco-inicio-da-94a-plenaria-foco-na-terra-santa-e-no-oriente-medio","status":"publish","type":"post","link":"https:\/\/catolicanet.net\/wp-cnet\/roaco-inicio-da-94a-plenaria-foco-na-terra-santa-e-no-oriente-medio\/","title":{"rendered":"Roaco, in\u00edcio da 94\u00aa plen\u00e1ria: foco na Terra Santa e no Oriente M\u00e9dio"},"content":{"rendered":"<div class=\"article__subTitle\" style=\"text-align: justify;\">Os trabalhos do organismo come\u00e7am esta tarde e prosseguem at\u00e9 o dia 24 de junho, na Casa Bonus Pastor. Participam dom Pizzaballa, padre Patton, cardeal Zenari e representantes pontif\u00edcios dos pa\u00edses em sofrimento.<\/div>\n<div class=\"title__separator\" style=\"text-align: justify;\"><\/div>\n<div class=\"article__text \">\n<p style=\"text-align: justify;\"><b>VATICAN NEWS<\/b><\/p>\n<p style=\"text-align: justify;\">A Congrega\u00e7\u00e3o para as Igrejas Orientais informa que tem in\u00edcio, nesta segunda-feira (21\/06), a 94\u00aa Assembleia Plen\u00e1ria da Reuni\u00e3o das Obras de Ajuda \u00e0s Igrejas Orientais (ROACO).<\/p>\n<div style=\"text-align: justify;\">\n<div class=\"article__embed article__embed--unwrap article__embed--dark\">\n<div class=\"article__innerTitle\">Ou\u00e7a e compartilhe<\/div>\n<\/div>\n<\/div>\n<p style=\"text-align: justify;\">Os trabalhos do organismo prosseguem at\u00e9 quinta-feira, 24 de junho. V\u00e1rios s\u00e3o os convidados provenientes do Oriente M\u00e9dio e da \u00c1frica, de pa\u00edses de compet\u00eancia do organismo, que participam dos trabalhos realizados presencialmente na Casa Bonus Pastor, em Roma.<\/p>\n<h2 style=\"text-align: justify;\">Uma ora\u00e7\u00e3o pelas terras em sofrimento<\/h2>\n<p style=\"text-align: justify;\">Segundo a Congrega\u00e7\u00e3o para as Igrejas Orientais, a primeira reuni\u00e3o est\u00e1 prevista para esta tarde, \u00e0s 16h, com o Comit\u00ea Diretivo.<\/p>\n<p style=\"text-align: justify;\">Amanh\u00e3, ter\u00e7a-feira, 22 de junho, \u00e0s 8h30, o prefeito da Congrega\u00e7\u00e3o para as Igrejas Orientais, cardeal Leonardo Sandri, presidente da Roaco, presidir\u00e1 a celebra\u00e7\u00e3o eucar\u00edstica inaugural durante a qual se rezar\u00e1 &#8220;pelos pa\u00edses que continuam sofrendo as consequ\u00eancias da viol\u00eancia, da instabilidade social e pol\u00edtica agravada pela persist\u00eancia da pandemia&#8221;, por todos os benfeitores vivos e mortos, e se confiar\u00e1 ao Senhor e \u00e0 intercess\u00e3o da M\u00e3e de Deus o desenvolvimento das sess\u00f5es programadas.<\/p>\n<h2 style=\"text-align: justify;\">Foco na Terra Santa<\/h2>\n<p style=\"text-align: justify;\">A primeira sess\u00e3o se concentrar\u00e1 na situa\u00e7\u00e3o da Terra Santa, atrav\u00e9s das contribui\u00e7\u00f5es do Patriarca Latino de Jerusal\u00e9m, dom Pierbattista Pizzaballa, do cust\u00f3dio e guardi\u00e3o do Monte Si\u00e3o, padre Francesco Patton, e do vice-reitor da Universidade de Bel\u00e9m, pe. Peter Bray. Tamb\u00e9m ser\u00e3o divulgadas informa\u00e7\u00f5es sobre a Coleta a favor da Terra Santa 2020. No encontro da tarde de ter\u00e7a-feira (22), o olhar se voltar\u00e1 para a Eti\u00f3pia, Arm\u00eania e Ge\u00f3rgia, gra\u00e7as \u00e0 presen\u00e7a e aos relatos dos respectivos n\u00fancios apost\u00f3licos, dom Antoine Camilleri e dom Jos\u00e9 Avelino Bettencourt.<\/p>\n<h2 style=\"text-align: justify;\">Uma reflex\u00e3o sobre a situa\u00e7\u00e3o no Oriente M\u00e9dio<\/h2>\n<p style=\"text-align: justify;\">Na manh\u00e3 de quarta-feira, 23, haver\u00e1 uma reflex\u00e3o sobre a situa\u00e7\u00e3o de todo o Oriente M\u00e9dio, por meio dos testemunhos do secret\u00e1rio para as Rela\u00e7\u00f5es com os Estados, dom Paul Richard Gallagher e dos representantes pontif\u00edcios na S\u00edria, cardeal Mario Zenari; no L\u00edbano, dom Joseph Spiteri; no Iraque, dom Mitja Leskovar.<\/p>\n<p style=\"text-align: justify;\">Participam tamb\u00e9m da plen\u00e1ria, os representantes das Ag\u00eancias Cat\u00f3licas que fazem parte da Roaco, os oficiais da Congrega\u00e7\u00e3o para as Igrejas Orientais e os representantes da Se\u00e7\u00e3o para as Rela\u00e7\u00f5es com os Estados da Secretaria de Estado e de alguns Dicast\u00e9rios interessados.<\/p>\n<p style=\"text-align: justify;\">Devido ao programa intenso e ao contexto limitado em que o trabalho se realiza, n\u00e3o ser\u00e3o concedidas entrevistas.<\/p>\n<\/div>\n","protected":false},"excerpt":{"rendered":"<p>Os trabalhos do organismo come\u00e7am esta tarde e prosseguem at\u00e9 o dia 24 de junho, na Casa Bonus Pastor. Participam dom Pizzaballa, padre Patton, cardeal Zenari e representantes pontif\u00edcios dos pa\u00edses em sofrimento. VATICAN NEWS A Congrega\u00e7\u00e3o para as Igrejas Orientais informa que tem in\u00edcio, nesta segunda-feira (21\/06), a 94\u00aa Assembleia Plen\u00e1ria da Reuni\u00e3o das [&hellip;]<\/p>\n","protected":false},"author":1,"featured_media":68162,"comment_status":"open","ping_status":"closed","sticky":false,"template":"","format":"standard","meta":{"footnotes":""},"categories":[3],"tags":[],"class_list":["post-68161","post","type-post","status-publish","format-standard","has-post-thumbnail","hentry","category-vaticano"],"_links":{"self":[{"href":"https:\/\/catolicanet.net\/wp-cnet\/wp-json\/wp\/v2\/posts\/68161","targetHints":{"allow":["GET"]}}],"collection":[{"href":"https:\/\/catolicanet.net\/wp-cnet\/wp-json\/wp\/v2\/posts"}],"about":[{"href":"https:\/\/catolicanet.net\/wp-cnet\/wp-json\/wp\/v2\/types\/post"}],"author":[{"embeddable":true,"href":"https:\/\/catolicanet.net\/wp-cnet\/wp-json\/wp\/v2\/users\/1"}],"replies":[{"embeddable":true,"href":"https:\/\/catolicanet.net\/wp-cnet\/wp-json\/wp\/v2\/comments?post=68161"}],"version-history":[{"count":1,"href":"https:\/\/catolicanet.net\/wp-cnet\/wp-json\/wp\/v2\/posts\/68161\/revisions"}],"predecessor-version":[{"id":68163,"href":"https:\/\/catolicanet.net\/wp-cnet\/wp-json\/wp\/v2\/posts\/68161\/revisions\/68163"}],"wp:featuredmedia":[{"embeddable":true,"href":"https:\/\/catolicanet.net\/wp-cnet\/wp-json\/wp\/v2\/media\/68162"}],"wp:attachment":[{"href":"https:\/\/catolicanet.net\/wp-cnet\/wp-json\/wp\/v2\/media?parent=68161"}],"wp:term":[{"taxonomy":"category","embeddable":true,"href":"https:\/\/catolicanet.net\/wp-cnet\/wp-json\/wp\/v2\/categories?post=68161"},{"taxonomy":"post_tag","embeddable":true,"href":"https:\/\/catolicanet.net\/wp-cnet\/wp-json\/wp\/v2\/tags?post=68161"}],"curies":[{"name":"wp","href":"https:\/\/api.w.org\/{rel}","templated":true}]}}