{"id":68113,"date":"2021-06-17T09:35:57","date_gmt":"2021-06-17T12:35:57","guid":{"rendered":"https:\/\/catolicanet.net\/wp-cnet\/?p=68113"},"modified":"2021-06-17T13:41:57","modified_gmt":"2021-06-17T16:41:57","slug":"o-papa-recebe-dom-cabrejos-a-reestruturacao-do-celam-no-centro-da-audiencia","status":"publish","type":"post","link":"https:\/\/catolicanet.net\/wp-cnet\/o-papa-recebe-dom-cabrejos-a-reestruturacao-do-celam-no-centro-da-audiencia\/","title":{"rendered":"O Papa recebe dom Cabrejos: a reestrutura\u00e7\u00e3o do Celam no centro da audi\u00eancia"},"content":{"rendered":"<div class=\"article__subTitle\" style=\"text-align: justify;\">&#8220;Durante o encontro o prelado compartilhou com o Papa a aprova\u00e7\u00e3o do processo de renova\u00e7\u00e3o e reestrutura\u00e7\u00e3o do Celam, feita durante a 38\u00aa Assembleia Geral do Episcopado Latino-Americano&#8221; realizada em maio de forma mista, ou seja, tanto em presen\u00e7a, na Arquidiocese de Trujillo, no Peru, quanto on-line. Por sua vez, o Pont\u00edfice &#8220;expressou ao presidente do Celam sua alegria pela pr\u00f3xima Assembleia Eclesial para a Am\u00e9rica Latina e o Caribe&#8221;, marcada para 21 a 28 de novembro no Santu\u00e1rio de Nossa Sra. de Guadalupe<\/div>\n<div class=\"title__separator\" style=\"text-align: justify;\"><\/div>\n<div class=\"article__text \">\n<p style=\"text-align: justify;\"><b>Vatican News<\/b><\/p>\n<div style=\"text-align: justify;\">\n<div class=\"article__embed article__embed--unwrap article__embed--dark\">\n<div class=\"article__innerTitle\">Ou\u00e7a a reportagem e compartilhe!<\/div>\n<\/div>\n<\/div>\n<p style=\"text-align: justify;\">A reestrutura\u00e7\u00e3o do CELAM (Conselho Episcopal Latino-Americano) esteve no centro da audi\u00eancia privada concedida pelo Papa Francisco a dom Miguel Cabrejos, presidente do \u00f3rg\u00e3o, bem como da Confer\u00eancia Episcopal do Peru (Cep).<\/p>\n<p style=\"text-align: justify;\">Em nota divulgada na quarta-feira, 16 de junho, pela Confer\u00eancia episcopal, destaca-se que &#8220;durante o encontro o prelado compartilhou com o Papa a aprova\u00e7\u00e3o do processo de renova\u00e7\u00e3o e reestrutura\u00e7\u00e3o do Celam, feita durante a 38\u00aa Assembleia Geral do Episcopado Latino-Americano&#8221; que foi realizada em maio de forma mista, ou seja, tanto em presen\u00e7a, na Arquidiocese de Trujillo, no Peru, quanto on-line.<\/p>\n<h2 style=\"text-align: justify;\">Pr\u00f3xima Assembleia Eclesial para a Am\u00e9rica Latina e o Caribe<\/h2>\n<p style=\"text-align: justify;\">Por sua vez, continua a nota, o Pont\u00edfice &#8220;expressou ao presidente do Celam sua alegria pela pr\u00f3xima Assembleia Eclesial para a Am\u00e9rica Latina e o Caribe&#8221;, marcada para 21 a 28 de novembro pr\u00f3ximo no Santu\u00e1rio de Nossa Senhora de Guadalupe, em Cidade do M\u00e9xico, e &#8220;cujo processo de escuta j\u00e1 est\u00e1 em andamento, encorajado pelas 22 Confer\u00eancias episcopais do continente&#8221;.<\/p>\n<p style=\"text-align: justify;\">Por fim, levando ao Papa &#8220;as afetuosas sauda\u00e7\u00f5es de todo o povo peruano, latino-americano e caribenho&#8221;, dom Carbejos tamb\u00e9m expressou a Francisco &#8220;o importante apoio oferecido pela Confer\u00eancia episcopal local \u00e0 popula\u00e7\u00e3o peruana diante da pandemia da Covid-19&#8221;.<\/p>\n<h2 style=\"text-align: justify;\">Campanha solid\u00e1ria &#8220;Respira Peru &#8211; porque oxig\u00eanio \u00e9 vida&#8221;<\/h2>\n<p style=\"text-align: justify;\">No pa\u00eds, de fato, a emerg\u00eancia sanit\u00e1ria causou, at\u00e9 hoje, quase 2 milh\u00f5es de cont\u00e1gios e cerca de 190 mil mortes. A Igreja cat\u00f3lica nacional colocou-se desde o in\u00edcio a ajudar a popula\u00e7\u00e3o atrav\u00e9s de numerosas iniciativas de solidariedade.<\/p>\n<p style=\"text-align: justify;\">Uma delas \u00e9 a campanha de solidariedade &#8220;Respira Peru &#8211; porque oxig\u00eanio \u00e9 vida&#8221;, lan\u00e7ada em julho de 2020 pela pr\u00f3pria Confer\u00eancia episcopal, juntamente com a Universidade de Santo In\u00e1cio de Loyola e a Sociedade Nacional de Ind\u00fastrias.<\/p>\n<h2 style=\"text-align: justify;\">Garantir oxig\u00eanio para todos os pacientes com coronav\u00edrus<\/h2>\n<p style=\"text-align: justify;\">A iniciativa tomou como objetivo levantar fundos a fim de garantir oxig\u00eanio para todos os pacientes com coronav\u00edrus. E os resultados n\u00e3o demoraram a chegar: j\u00e1 em agosto de 2020 foi poss\u00edvel adquirir tr\u00eas sistemas de oxigena\u00e7\u00e3o que foram entregues por empr\u00e9stimo pela Confer\u00eancia episcopal para uso, com a possibilidade de mudar sua localiza\u00e7\u00e3o dependendo da emerg\u00eancia.<\/p>\n<p style=\"text-align: justify;\">Um deles foi destinado \u00e0 prov\u00edncia de Picota, na regi\u00e3o de San Martin; outro foi destinado a Hu\u00e1nuco, outra \u00e1rea gravemente afetada pela pandemia, enquanto o terceiro sistema de oxigena\u00e7\u00e3o foi implantado em Arequipa, no Hospital Carlos Segu\u00edn Escobedo de Essalud.<\/p>\n<p style=\"text-align: justify;\">Vatican News \u2013 IP\/RL<\/p>\n<\/div>\n","protected":false},"excerpt":{"rendered":"<p>&#8220;Durante o encontro o prelado compartilhou com o Papa a aprova\u00e7\u00e3o do processo de renova\u00e7\u00e3o e reestrutura\u00e7\u00e3o do Celam, feita durante a 38\u00aa Assembleia Geral do Episcopado Latino-Americano&#8221; realizada em maio de forma mista, ou seja, tanto em presen\u00e7a, na Arquidiocese de Trujillo, no Peru, quanto on-line. Por sua vez, o Pont\u00edfice &#8220;expressou ao presidente [&hellip;]<\/p>\n","protected":false},"author":1,"featured_media":68114,"comment_status":"open","ping_status":"closed","sticky":false,"template":"","format":"standard","meta":{"footnotes":""},"categories":[3],"tags":[],"class_list":["post-68113","post","type-post","status-publish","format-standard","has-post-thumbnail","hentry","category-vaticano"],"_links":{"self":[{"href":"https:\/\/catolicanet.net\/wp-cnet\/wp-json\/wp\/v2\/posts\/68113","targetHints":{"allow":["GET"]}}],"collection":[{"href":"https:\/\/catolicanet.net\/wp-cnet\/wp-json\/wp\/v2\/posts"}],"about":[{"href":"https:\/\/catolicanet.net\/wp-cnet\/wp-json\/wp\/v2\/types\/post"}],"author":[{"embeddable":true,"href":"https:\/\/catolicanet.net\/wp-cnet\/wp-json\/wp\/v2\/users\/1"}],"replies":[{"embeddable":true,"href":"https:\/\/catolicanet.net\/wp-cnet\/wp-json\/wp\/v2\/comments?post=68113"}],"version-history":[{"count":1,"href":"https:\/\/catolicanet.net\/wp-cnet\/wp-json\/wp\/v2\/posts\/68113\/revisions"}],"predecessor-version":[{"id":68115,"href":"https:\/\/catolicanet.net\/wp-cnet\/wp-json\/wp\/v2\/posts\/68113\/revisions\/68115"}],"wp:featuredmedia":[{"embeddable":true,"href":"https:\/\/catolicanet.net\/wp-cnet\/wp-json\/wp\/v2\/media\/68114"}],"wp:attachment":[{"href":"https:\/\/catolicanet.net\/wp-cnet\/wp-json\/wp\/v2\/media?parent=68113"}],"wp:term":[{"taxonomy":"category","embeddable":true,"href":"https:\/\/catolicanet.net\/wp-cnet\/wp-json\/wp\/v2\/categories?post=68113"},{"taxonomy":"post_tag","embeddable":true,"href":"https:\/\/catolicanet.net\/wp-cnet\/wp-json\/wp\/v2\/tags?post=68113"}],"curies":[{"name":"wp","href":"https:\/\/api.w.org\/{rel}","templated":true}]}}