{"id":68098,"date":"2021-06-16T09:46:39","date_gmt":"2021-06-16T12:46:39","guid":{"rendered":"https:\/\/catolicanet.net\/wp-cnet\/?p=68098"},"modified":"2021-06-16T16:50:06","modified_gmt":"2021-06-16T19:50:06","slug":"maior-encontro-de-comunicacao-eclesial-do-pais-mutirao-de-comunicacao-2021-apresenta-programacao","status":"publish","type":"post","link":"https:\/\/catolicanet.net\/wp-cnet\/maior-encontro-de-comunicacao-eclesial-do-pais-mutirao-de-comunicacao-2021-apresenta-programacao\/","title":{"rendered":"MAIOR ENCONTRO DE COMUNICA\u00c7\u00c3O ECLESIAL DO PA\u00cdS, MUTIR\u00c3O DE COMUNICA\u00c7\u00c3O 2021 APRESENTA PROGRAMA\u00c7\u00c3O"},"content":{"rendered":"<div class=\"elementor-element elementor-element-3a087bd2 elementor-widget elementor-widget-theme-post-content\" data-id=\"3a087bd2\" data-element_type=\"widget\" data-widget_type=\"theme-post-content.default\">\n<div class=\"elementor-widget-container\">\n<p style=\"text-align: justify;\">Voltado a refletir sobre os caminhos e as perspectivas das rela\u00e7\u00f5es entre a Igreja Cat\u00f3lica, a sociedade brasileira e a cultura contempor\u00e2nea, no campo da Comunica\u00e7\u00e3o, o Mutir\u00e3o de Comunica\u00e7\u00e3o \u00e9 o maior encontro de comunica\u00e7\u00e3o eclesial do pa\u00eds.<\/p>\n<p style=\"text-align: justify;\">Para o Mutir\u00e3o de Comunica\u00e7\u00e3o 2021, comunicadores das mais diversas esferas \u2013 jornalistas, publicit\u00e1rios, rela\u00e7\u00f5es p\u00fablicas, agentes de pastoral, professores e estudantes, pesquisadores, profissionais de comunica\u00e7\u00e3o \u2013 poder\u00e3o participar\u00a0gratuitamente, de forma online, de grandes confer\u00eancias e aprofundamentos do tema central: \u201cPor uma comunica\u00e7\u00e3o integral: o humano nos novos ecossistemas\u201d.<\/p>\n<p style=\"text-align: justify;\">A programa\u00e7\u00e3o ter\u00e1 in\u00edcio na sexta-feira, dia 23 de julho, \u00e0s 16h45, com previs\u00e3o de encerramento \u00e0s 21h. Logo \u00e0s 18h haver\u00e1 a palestra magna \u201cPor uma comunica\u00e7\u00e3o integral: o humano nos novos ecossistemas\u201d, com a participa\u00e7\u00e3o de Massimo di Felice.\u00a0 J\u00e1 \u00e0s 19h15 haver\u00e1 a confer\u00eancia \u201cComunica\u00e7\u00e3o para a paz em tempos de fake news e ultraconservadorismo\u201d, com Magali Cunha. \u00c0s 20h, haver\u00e1 um momento de intera\u00e7\u00e3o com reflex\u00f5es e di\u00e1logos com os participantes.<\/p>\n<p style=\"text-align: justify;\">No s\u00e1bado, dia 24, o Mutir\u00e3o se estende de 8h30 \u00e0s 18h.\u00a0 \u00c0s 9h haver\u00e1 a confer\u00eancia \u201cEra do onlife: real e virtual se (com)fundem. Tamb\u00e9m na Igreja?\u201d, com o palestrantes Paolo Benanti. Na sequ\u00eancia, \u00c0s 10h, a confer\u00eancia \u201cRetomar as r\u00e9deas do mundo: o humano-crist\u00e3o nos novos ecossistemas \u00e0 luz da Fratelli Tutti\u201d, com o Norval Baitelo Jr.<\/p>\n<p style=\"text-align: justify;\">\u00c0s 11h15 \u00e9 a vez de uma mesa redonda sobre \u201cecologia das m\u00eddias e nas m\u00eddias cat\u00f3licas\u201d, com a participa\u00e7\u00e3o da Adriana Braga e do Andr\u00e9 Trigueiro. \u00c0s 13h30 haver\u00e1 a confer\u00eancia \u201cComunica\u00e7\u00e3o para o bem viver em tempo de m\u00e1xima desigualdade\u201d, com a Viviane Mos\u00e9.<\/p>\n<p style=\"text-align: justify;\">\u00c0s 14h30 \u00e9 a hora da confer\u00eancia \u201cUtopias do mundo integral\u201d, com o\u00a0 Carlos Ferraro; j\u00e1 \u00e0s 16h10 haver\u00e1 a confer\u00eancia \u201cComunica\u00e7\u00e3o integral: influenciadores ou influenciados?\u201d, com a participa\u00e7\u00e3o de Elizabeth Saad.<\/p>\n<p style=\"text-align: justify;\">Al\u00e9m das palestras, est\u00e3o previstos momentos de espiritualidade, lan\u00e7amentos de livros, tecnologias de comunica\u00e7\u00e3o e apresenta\u00e7\u00f5es culturais. Durante todo o evento haver\u00e1 intera\u00e7\u00e3o com os participantes.<\/p>\n<p style=\"text-align: justify;\">Conhe\u00e7a algumas das conferencistas (<a href=\"https:\/\/muticom.com.br\/noticia\/pesquisadoras-em-comunicacao-marcam-presenca-no-mutirao-2021\/\" target=\"_blank\" rel=\"noopener\">AQUI)<\/a>.<\/p>\n<h3 style=\"text-align: justify;\"><strong>Inscri\u00e7\u00f5es<br \/>\n<\/strong><\/h3>\n<p style=\"text-align: justify;\">O evento ser\u00e1 exclusiva e integralmente on-line, com link de transmiss\u00e3o enviado para o e-mail cadastrado no ato da inscri\u00e7\u00e3o. O evento dar\u00e1 direito a certificado de 12 horas. Clique (<a href=\"https:\/\/muticom.com.br\/\" target=\"_blank\" rel=\"noopener\">AQUI<\/a>) e realize sua inscri\u00e7\u00e3o.<\/p>\n<p><iframe loading=\"lazy\" title=\"Mutir\u00e3o de Comunica\u00e7\u00e3o 2021\" width=\"696\" height=\"392\" src=\"https:\/\/www.youtube.com\/embed\/CclPvK22cak?feature=oembed\" frameborder=\"0\" allow=\"accelerometer; autoplay; clipboard-write; encrypted-media; gyroscope; picture-in-picture\" allowfullscreen><\/iframe><\/p>\n<\/div>\n<\/div>\n","protected":false},"excerpt":{"rendered":"<p>Voltado a refletir sobre os caminhos e as perspectivas das rela\u00e7\u00f5es entre a Igreja Cat\u00f3lica, a sociedade brasileira e a cultura contempor\u00e2nea, no campo da Comunica\u00e7\u00e3o, o Mutir\u00e3o de Comunica\u00e7\u00e3o \u00e9 o maior encontro de comunica\u00e7\u00e3o eclesial do pa\u00eds. Para o Mutir\u00e3o de Comunica\u00e7\u00e3o 2021, comunicadores das mais diversas esferas \u2013 jornalistas, publicit\u00e1rios, rela\u00e7\u00f5es p\u00fablicas, [&hellip;]<\/p>\n","protected":false},"author":1,"featured_media":68099,"comment_status":"open","ping_status":"closed","sticky":false,"template":"","format":"standard","meta":{"footnotes":""},"categories":[7],"tags":[],"class_list":["post-68098","post","type-post","status-publish","format-standard","has-post-thumbnail","hentry","category-cnbb"],"_links":{"self":[{"href":"https:\/\/catolicanet.net\/wp-cnet\/wp-json\/wp\/v2\/posts\/68098","targetHints":{"allow":["GET"]}}],"collection":[{"href":"https:\/\/catolicanet.net\/wp-cnet\/wp-json\/wp\/v2\/posts"}],"about":[{"href":"https:\/\/catolicanet.net\/wp-cnet\/wp-json\/wp\/v2\/types\/post"}],"author":[{"embeddable":true,"href":"https:\/\/catolicanet.net\/wp-cnet\/wp-json\/wp\/v2\/users\/1"}],"replies":[{"embeddable":true,"href":"https:\/\/catolicanet.net\/wp-cnet\/wp-json\/wp\/v2\/comments?post=68098"}],"version-history":[{"count":1,"href":"https:\/\/catolicanet.net\/wp-cnet\/wp-json\/wp\/v2\/posts\/68098\/revisions"}],"predecessor-version":[{"id":68100,"href":"https:\/\/catolicanet.net\/wp-cnet\/wp-json\/wp\/v2\/posts\/68098\/revisions\/68100"}],"wp:featuredmedia":[{"embeddable":true,"href":"https:\/\/catolicanet.net\/wp-cnet\/wp-json\/wp\/v2\/media\/68099"}],"wp:attachment":[{"href":"https:\/\/catolicanet.net\/wp-cnet\/wp-json\/wp\/v2\/media?parent=68098"}],"wp:term":[{"taxonomy":"category","embeddable":true,"href":"https:\/\/catolicanet.net\/wp-cnet\/wp-json\/wp\/v2\/categories?post=68098"},{"taxonomy":"post_tag","embeddable":true,"href":"https:\/\/catolicanet.net\/wp-cnet\/wp-json\/wp\/v2\/tags?post=68098"}],"curies":[{"name":"wp","href":"https:\/\/api.w.org\/{rel}","templated":true}]}}