{"id":68095,"date":"2021-06-16T09:41:27","date_gmt":"2021-06-16T12:41:27","guid":{"rendered":"https:\/\/catolicanet.net\/wp-cnet\/?p=68095"},"modified":"2021-06-16T16:44:14","modified_gmt":"2021-06-16T19:44:14","slug":"toda-vida-importa-cnbb-prepara-mobilizacao-para-homenagear-500-mil-mortos-pelo-novo-coronavirus","status":"publish","type":"post","link":"https:\/\/catolicanet.net\/wp-cnet\/toda-vida-importa-cnbb-prepara-mobilizacao-para-homenagear-500-mil-mortos-pelo-novo-coronavirus\/","title":{"rendered":"TODA VIDA IMPORTA: CNBB PREPARA MOBILIZA\u00c7\u00c3O PARA HOMENAGEAR 500 MIL MORTOS PELO NOVO CORONAV\u00cdRUS"},"content":{"rendered":"<p style=\"text-align: justify;\">O Brasil se aproxima da lament\u00e1vel marca de 500 mil pessoas v\u00edtimas do novo coronav\u00edrus. Nesse contexto de luto, perdas e necessidade de esperan\u00e7a e consolo, a Confer\u00eancia Nacional dos Bispos do Brasil (CNBB) prepara ora\u00e7\u00f5es, homenagens e mobiliza\u00e7\u00f5es sociais para fazer mem\u00f3ria de tantos brasileiros e brasileiras que partiram e para ressaltar a mensagem de que \u201ctoda vida importa\u201d.<\/p>\n<p style=\"text-align: justify;\">A triste marca deve ser alcan\u00e7ada no pr\u00f3ximo s\u00e1bado, 19 de junho. Dessa forma, a CNBB escolheu a data para a promo\u00e7\u00e3o de atividades de sensibiliza\u00e7\u00e3o.<\/p>\n<h3 style=\"text-align: justify;\">Programa\u00e7\u00e3o<\/h3>\n<p style=\"text-align: justify;\">O arcebispo de Belo Horizonte (MG) e presidente da CNBB, dom Walmor Oliveira de Azevedo, preside a Santa Missa na inten\u00e7\u00e3o das 500 mil v\u00edtimas da Covid-19 no Brasil, no s\u00e1bado, \u00e0s 15h.\u00a0A celebra\u00e7\u00e3o ser\u00e1 no Santu\u00e1rio Nossa Senhora da Piedade, em Caet\u00e9 (MG), com transmiss\u00e3o pelas redes sociais da CNBB e por emissoras de TV de inspira\u00e7\u00e3o cat\u00f3lica.<\/p>\n<p style=\"text-align: justify;\">No hor\u00e1rio de in\u00edcio da missa, todas as dioceses ser\u00e3o convidadas a tocar os sinos.<\/p>\n<p style=\"text-align: justify;\">\n<h3 style=\"text-align: justify;\">Imagens<\/h3>\n<p style=\"text-align: justify;\">Para divulgar a iniciativa, a Assessoria de Comunica\u00e7\u00e3o da CNBB preparou uma identidade visual e cards para compartilhamento nas redes sociais. Baixe e compartilhe:<\/p>\n<div id=\"gallery-1\" class=\"gallery galleryid-307213 gallery-columns-3 gallery-size-medium\" style=\"text-align: justify;\">\n<figure class=\"gallery-item\">\n<div class=\"gallery-icon portrait\"><a class=\"rl-gallery-link\" title=\"\" href=\"https:\/\/www.cnbb.org.br\/wp-content\/uploads\/2021\/06\/Toda-vida-importa-4.jpeg\" data-rl_title=\"\" data-rl_caption=\"\" data-rel=\"lightbox-gallery-1\"><img loading=\"lazy\" decoding=\"async\" class=\"attachment-medium size-medium\" src=\"https:\/\/www.cnbb.org.br\/wp-content\/uploads\/2021\/06\/Toda-vida-importa-4-169x300.jpeg\" sizes=\"auto, (max-width: 169px) 100vw, 169px\" srcset=\"https:\/\/www.cnbb.org.br\/wp-content\/uploads\/2021\/06\/Toda-vida-importa-4-169x300.jpeg 169w, https:\/\/www.cnbb.org.br\/wp-content\/uploads\/2021\/06\/Toda-vida-importa-4-576x1024.jpeg 576w, https:\/\/www.cnbb.org.br\/wp-content\/uploads\/2021\/06\/Toda-vida-importa-4-500x889.jpeg 500w, https:\/\/www.cnbb.org.br\/wp-content\/uploads\/2021\/06\/Toda-vida-importa-4.jpeg 608w\" alt=\"\" width=\"169\" height=\"300\" aria-describedby=\"gallery-1-307172\" \/><\/a><\/div><figcaption id=\"gallery-1-307172\" class=\"wp-caption-text gallery-caption\">Imagem para stories<\/figcaption><\/figure>\n<figure class=\"gallery-item\">\n<div class=\"gallery-icon landscape\"><a class=\"rl-gallery-link\" title=\"\" href=\"https:\/\/www.cnbb.org.br\/wp-content\/uploads\/2021\/06\/Toda-vida-importa-3.jpeg\" data-rl_title=\"\" data-rl_caption=\"\" data-rel=\"lightbox-gallery-1\"><img loading=\"lazy\" decoding=\"async\" class=\"attachment-medium size-medium\" src=\"https:\/\/www.cnbb.org.br\/wp-content\/uploads\/2021\/06\/Toda-vida-importa-3-300x300.jpeg\" sizes=\"auto, (max-width: 300px) 100vw, 300px\" srcset=\"https:\/\/www.cnbb.org.br\/wp-content\/uploads\/2021\/06\/Toda-vida-importa-3-300x300.jpeg 300w, https:\/\/www.cnbb.org.br\/wp-content\/uploads\/2021\/06\/Toda-vida-importa-3-1024x1024.jpeg 1024w, https:\/\/www.cnbb.org.br\/wp-content\/uploads\/2021\/06\/Toda-vida-importa-3-150x150.jpeg 150w, https:\/\/www.cnbb.org.br\/wp-content\/uploads\/2021\/06\/Toda-vida-importa-3-768x767.jpeg 768w, https:\/\/www.cnbb.org.br\/wp-content\/uploads\/2021\/06\/Toda-vida-importa-3-800x800.jpeg 800w, https:\/\/www.cnbb.org.br\/wp-content\/uploads\/2021\/06\/Toda-vida-importa-3-500x500.jpeg 500w, https:\/\/www.cnbb.org.br\/wp-content\/uploads\/2021\/06\/Toda-vida-importa-3.jpeg 1081w\" alt=\"\" width=\"300\" height=\"300\" aria-describedby=\"gallery-1-307171\" \/><\/a><\/div><figcaption id=\"gallery-1-307171\" class=\"wp-caption-text gallery-caption\">Card quadrado para feed<\/figcaption><\/figure>\n<figure class=\"gallery-item\">\n<div class=\"gallery-icon landscape\"><a class=\"rl-gallery-link\" title=\"\" href=\"https:\/\/www.cnbb.org.br\/wp-content\/uploads\/2021\/06\/Toda-vida-importa-2.jpeg\" data-rl_title=\"\" data-rl_caption=\"\" data-rel=\"lightbox-gallery-1\"><img loading=\"lazy\" decoding=\"async\" class=\"attachment-medium size-medium\" src=\"https:\/\/www.cnbb.org.br\/wp-content\/uploads\/2021\/06\/Toda-vida-importa-2-300x169.jpeg\" sizes=\"auto, (max-width: 300px) 100vw, 300px\" srcset=\"https:\/\/www.cnbb.org.br\/wp-content\/uploads\/2021\/06\/Toda-vida-importa-2-300x169.jpeg 300w, https:\/\/www.cnbb.org.br\/wp-content\/uploads\/2021\/06\/Toda-vida-importa-2-1024x575.jpeg 1024w, https:\/\/www.cnbb.org.br\/wp-content\/uploads\/2021\/06\/Toda-vida-importa-2-768x431.jpeg 768w, https:\/\/www.cnbb.org.br\/wp-content\/uploads\/2021\/06\/Toda-vida-importa-2-500x281.jpeg 500w, https:\/\/www.cnbb.org.br\/wp-content\/uploads\/2021\/06\/Toda-vida-importa-2.jpeg 1280w\" alt=\"\" width=\"300\" height=\"169\" aria-describedby=\"gallery-1-307170\" \/><\/a><\/div><figcaption id=\"gallery-1-307170\" class=\"wp-caption-text gallery-caption\">Capa para v\u00eddeo<\/figcaption><\/figure>\n<\/div>\n<p style=\"text-align: justify;\">\n<h3 style=\"text-align: justify;\">Solidariedade<\/h3>\n<p style=\"text-align: justify;\">Para o bispo auxiliar da arquidiocese do Rio de Janeiro e secret\u00e1rio-geral da CNBB, dom Joel Portella Amado, a iniciativa da CNBB, com apoio de outras entidades, \u201c\u00e9 um ato de solidariedade, de esperan\u00e7a de compromisso para tentar fazer o Brasil um pouco melhor\u201d. Ele acredita que todas as pessoas que, de algum modo, t\u00eam o m\u00ednimo de sensibilidade no cora\u00e7\u00e3o devem parar nesse momento para refletir.<\/p>\n<p style=\"text-align: justify;\">\u201c\u00c9 um n\u00famero simb\u00f3lico, meio milh\u00e3o de pessoas \u00e9 muita gente\u201d, destacou dom Joel.<\/p>\n<p style=\"text-align: justify;\">O momento de ora\u00e7\u00e3o e as manifesta\u00e7\u00f5es que devem ocorrer durante esta semana representam, segundo dom Joel, \u201cum gesto de presen\u00e7a junto ao povo brasileiro e de solidariedade tamb\u00e9m com toda as pessoas tiveram covid-19 e, mais ainda, tiveram entes queridos mortos pela covid-19 em alguma situa\u00e7\u00e3o de desassist\u00eancia, com demora de vacina, desest\u00edmulo a medidas sanit\u00e1rias todas \u2013 distanciamento, m\u00e1scaras e afins\u201d.<\/p>\n<p style=\"text-align: justify;\">O momento de ora\u00e7\u00e3o possibilitar\u00e1 que \u201ccada um, independentemente do que creia ou n\u00e3o, possa parar, pensar e refletir\u201d.<\/p>\n<p style=\"text-align: justify;\">\n","protected":false},"excerpt":{"rendered":"<p>O Brasil se aproxima da lament\u00e1vel marca de 500 mil pessoas v\u00edtimas do novo coronav\u00edrus. Nesse contexto de luto, perdas e necessidade de esperan\u00e7a e consolo, a Confer\u00eancia Nacional dos Bispos do Brasil (CNBB) prepara ora\u00e7\u00f5es, homenagens e mobiliza\u00e7\u00f5es sociais para fazer mem\u00f3ria de tantos brasileiros e brasileiras que partiram e para ressaltar a mensagem [&hellip;]<\/p>\n","protected":false},"author":1,"featured_media":68096,"comment_status":"open","ping_status":"closed","sticky":false,"template":"","format":"standard","meta":{"footnotes":""},"categories":[7,13],"tags":[],"class_list":["post-68095","post","type-post","status-publish","format-standard","has-post-thumbnail","hentry","category-cnbb","category-featured"],"_links":{"self":[{"href":"https:\/\/catolicanet.net\/wp-cnet\/wp-json\/wp\/v2\/posts\/68095","targetHints":{"allow":["GET"]}}],"collection":[{"href":"https:\/\/catolicanet.net\/wp-cnet\/wp-json\/wp\/v2\/posts"}],"about":[{"href":"https:\/\/catolicanet.net\/wp-cnet\/wp-json\/wp\/v2\/types\/post"}],"author":[{"embeddable":true,"href":"https:\/\/catolicanet.net\/wp-cnet\/wp-json\/wp\/v2\/users\/1"}],"replies":[{"embeddable":true,"href":"https:\/\/catolicanet.net\/wp-cnet\/wp-json\/wp\/v2\/comments?post=68095"}],"version-history":[{"count":1,"href":"https:\/\/catolicanet.net\/wp-cnet\/wp-json\/wp\/v2\/posts\/68095\/revisions"}],"predecessor-version":[{"id":68097,"href":"https:\/\/catolicanet.net\/wp-cnet\/wp-json\/wp\/v2\/posts\/68095\/revisions\/68097"}],"wp:featuredmedia":[{"embeddable":true,"href":"https:\/\/catolicanet.net\/wp-cnet\/wp-json\/wp\/v2\/media\/68096"}],"wp:attachment":[{"href":"https:\/\/catolicanet.net\/wp-cnet\/wp-json\/wp\/v2\/media?parent=68095"}],"wp:term":[{"taxonomy":"category","embeddable":true,"href":"https:\/\/catolicanet.net\/wp-cnet\/wp-json\/wp\/v2\/categories?post=68095"},{"taxonomy":"post_tag","embeddable":true,"href":"https:\/\/catolicanet.net\/wp-cnet\/wp-json\/wp\/v2\/tags?post=68095"}],"curies":[{"name":"wp","href":"https:\/\/api.w.org\/{rel}","templated":true}]}}