{"id":68056,"date":"2021-06-14T11:36:12","date_gmt":"2021-06-14T14:36:12","guid":{"rendered":"https:\/\/catolicanet.net\/wp-cnet\/?p=68056"},"modified":"2021-06-14T16:40:32","modified_gmt":"2021-06-14T19:40:32","slug":"o-sagrado-coracao-de-jesus-segundo-um-monge-cartuxo","status":"publish","type":"post","link":"https:\/\/catolicanet.net\/wp-cnet\/o-sagrado-coracao-de-jesus-segundo-um-monge-cartuxo\/","title":{"rendered":"O Sagrado Cora\u00e7\u00e3o de Jesus segundo um monge cartuxo"},"content":{"rendered":"<h2 class=\"subtitle\" style=\"text-align: justify;\">Se temos d\u00favida de como proceder em determinada situa\u00e7\u00e3o, pensemos e meditemos no modo como Jesus procederia<\/h2>\n<p style=\"text-align: justify;\">Om\u00eas de junho, tradicionalmente na Igreja, \u00e9 dedicado ao Sagrado Cora\u00e7\u00e3o de Jesus. Embora, misticamente falando, essa devo\u00e7\u00e3o encontre sua m\u00e1xima express\u00e3o j\u00e1 no calv\u00e1rio, com o lado aberto de Cristo por n\u00f3s, de onde jorrou \u00e1gua e sangue (cf. Jo 19,34), tal devo\u00e7\u00e3o adquiriu uma coroa\u00e7\u00e3o especial nas apari\u00e7\u00f5es a Santa Margarida de Alacoque, no s\u00e9culo XVIII, religiosa da Ordem da Visita\u00e7\u00e3o, fundada por S\u00e3o Francisco de Sales. Em suas revela\u00e7\u00f5es privadas \u00e0 essa santa, Nosso Senhor Jesus Cristo mostra o seu cora\u00e7\u00e3o como s\u00edmbolo do grande amor que Deus tem pelos homens, a despeito dos in\u00fameros desprezos e ingratid\u00f5es que deles recebe.<\/p>\n<h3 id=\"h-devo-o\" style=\"text-align: justify;\">Devo\u00e7\u00e3o<\/h3>\n<p style=\"text-align: justify;\">Entendemos que ter devo\u00e7\u00e3o ao Sagrado Cora\u00e7\u00e3o de Jesus \u00e9 reconhecer a sublime realidade da alma de Cristo, que nos ama incondicionalmente e que n\u00e3o mediu (e n\u00e3o mede) esfor\u00e7os para estar junto de n\u00f3s, conduzindo-nos ao caminhar reto rumo \u00e0 salva\u00e7\u00e3o eterna.\u00a0 Trata-se, assim, de uma adora\u00e7\u00e3o a ser prestada a Ele por toda a Igreja e n\u00e3o somente por uma determinada ordem ou movimento religioso. Um monge cartuxo (mantemos esse anonimato de nome, pois assim uma antiga tradi\u00e7\u00e3o da Ordem Cartuxa o faz) vai nos dizer: \u201cN\u00e3o existiu jamais um cora\u00e7\u00e3o mais amante do que ao de Jesus; e os nossos cora\u00e7\u00f5es t\u00eam que se modelar ao seu. Amar \u00e9 o maior \u2013 e tamb\u00e9m o \u00fanico \u2013 mandamento: \u2018amar\u00e1s o teu Deus com todo o seu cora\u00e7\u00e3o\u2026 e amar\u00e1s o teu pr\u00f3ximo\u2019 (Mt 22,36-39)\u201d. E vai completar dizendo que \u201c[o Amor de Jesus] \u00e9 um amor ordenado, um amor que pode viver e comunicar-se e, portanto, sacrificar tudo o que o impede de doar-se\u201d (Por um cartuxo.\u00a0<em>Antologia de autores cartuxos: itiner\u00e1rio de contempla\u00e7\u00e3o.<\/em>\u00a0S\u00e3o Paulo: Cultor de Livros, 2020. p. 169).<\/p>\n<h3 id=\"h-modelo-perfeito\" style=\"text-align: justify;\">Modelo perfeito<\/h3>\n<p style=\"text-align: justify;\">Assim, gostar\u00edamos de destacar um ponto primordial de nossa f\u00e9: o Sagrado Cora\u00e7\u00e3o de Jesus \u00e9 o modelo perfeito para o nosso pr\u00f3prio cora\u00e7\u00e3o (ou seja, a nossa alma), modelo este que devemos, com todas as nossas for\u00e7as, buscar imitar cotidianamente. Jesus, ao caminhar conosco neste mundo, acrescentando \u00e0 sua natureza divina a nossa natureza humana, deu-nos a plenitude da lei, que \u00e9 amar a Deus sobre todas as coisas e ao nosso irm\u00e3o como a n\u00f3s mesmos. Assim, vale o ensinamento de que, se temos d\u00favida de como proceder em determinada situa\u00e7\u00e3o, pensemos e meditemos no modo como Jesus procederia, busquemos firmemente agir dessa forma e n\u00e3o erraremos.<\/p>\n<h3 id=\"h-progresso-na-vida-espiritual\" style=\"text-align: justify;\">Progresso na vida espiritual<\/h3>\n<p style=\"text-align: justify;\">Sobre os meios de adquirir a perfei\u00e7\u00e3o de cora\u00e7\u00e3o, o autor cartuxo nos ensinou que tal como Jesus, devemos ter um amor ordenado. N\u00e3o adianta pensar que teremos progresso na vida espiritual se \u201camamos\u201d mediados pelas paix\u00f5es desordenadas da nossa alma ferida pelo pecado original e inclinados \u00e0s nossas concupisc\u00eancias. Pelo contr\u00e1rio, agindo assim, somente alcan\u00e7aremos desola\u00e7\u00e3o e perdi\u00e7\u00e3o. Devemos fazer, em nossa alma, a imola\u00e7\u00e3o daquilo que n\u00e3o agrada a Deus, tanto em pensamentos, palavras e atos, para termos a verdadeira ordem no cora\u00e7\u00e3o, que consiste em responder de modo mais perfeitamente poss\u00edvel \u00e0quilo que Deus quer de n\u00f3s. Vai nos dizer o mesmo autor cartuxo que \u201co desapego \u00e9 a ordem do amor. [\u2026] O Deus de Amor, vivente em uma alma, a faz amar a todos os seres segundo o seu grau de participa\u00e7\u00e3o em si mesmo que \u00e9 o Ser. A alma deve am\u00e1-los como Deus os ama, ou seja, como Deus a eles se doa\u201d.<\/p>\n<p style=\"text-align: justify;\">Aproveitemos o ensejo lit\u00fargico da celebra\u00e7\u00e3o do Sagrado Cora\u00e7\u00e3o de Jesus para rezarmos pedindo a gra\u00e7a de termos o nosso cora\u00e7\u00e3o configurado ao Cora\u00e7\u00e3o de Jesus, ou seja, um cora\u00e7\u00e3o que se desapega das sedu\u00e7\u00f5es deste mundo e se doa perfeitamente aos projetos de Deus em nossa vida.<\/p>\n","protected":false},"excerpt":{"rendered":"<p>Se temos d\u00favida de como proceder em determinada situa\u00e7\u00e3o, pensemos e meditemos no modo como Jesus procederia Om\u00eas de junho, tradicionalmente na Igreja, \u00e9 dedicado ao Sagrado Cora\u00e7\u00e3o de Jesus. Embora, misticamente falando, essa devo\u00e7\u00e3o encontre sua m\u00e1xima express\u00e3o j\u00e1 no calv\u00e1rio, com o lado aberto de Cristo por n\u00f3s, de onde jorrou \u00e1gua e [&hellip;]<\/p>\n","protected":false},"author":1,"featured_media":68057,"comment_status":"open","ping_status":"closed","sticky":false,"template":"","format":"standard","meta":{"footnotes":""},"categories":[4,13],"tags":[],"class_list":["post-68056","post","type-post","status-publish","format-standard","has-post-thumbnail","hentry","category-cotidiano","category-featured"],"_links":{"self":[{"href":"https:\/\/catolicanet.net\/wp-cnet\/wp-json\/wp\/v2\/posts\/68056","targetHints":{"allow":["GET"]}}],"collection":[{"href":"https:\/\/catolicanet.net\/wp-cnet\/wp-json\/wp\/v2\/posts"}],"about":[{"href":"https:\/\/catolicanet.net\/wp-cnet\/wp-json\/wp\/v2\/types\/post"}],"author":[{"embeddable":true,"href":"https:\/\/catolicanet.net\/wp-cnet\/wp-json\/wp\/v2\/users\/1"}],"replies":[{"embeddable":true,"href":"https:\/\/catolicanet.net\/wp-cnet\/wp-json\/wp\/v2\/comments?post=68056"}],"version-history":[{"count":1,"href":"https:\/\/catolicanet.net\/wp-cnet\/wp-json\/wp\/v2\/posts\/68056\/revisions"}],"predecessor-version":[{"id":68058,"href":"https:\/\/catolicanet.net\/wp-cnet\/wp-json\/wp\/v2\/posts\/68056\/revisions\/68058"}],"wp:featuredmedia":[{"embeddable":true,"href":"https:\/\/catolicanet.net\/wp-cnet\/wp-json\/wp\/v2\/media\/68057"}],"wp:attachment":[{"href":"https:\/\/catolicanet.net\/wp-cnet\/wp-json\/wp\/v2\/media?parent=68056"}],"wp:term":[{"taxonomy":"category","embeddable":true,"href":"https:\/\/catolicanet.net\/wp-cnet\/wp-json\/wp\/v2\/categories?post=68056"},{"taxonomy":"post_tag","embeddable":true,"href":"https:\/\/catolicanet.net\/wp-cnet\/wp-json\/wp\/v2\/tags?post=68056"}],"curies":[{"name":"wp","href":"https:\/\/api.w.org\/{rel}","templated":true}]}}