{"id":68046,"date":"2021-06-14T10:52:13","date_gmt":"2021-06-14T13:52:13","guid":{"rendered":"https:\/\/catolicanet.net\/wp-cnet\/?p=68046"},"modified":"2021-06-14T16:01:12","modified_gmt":"2021-06-14T19:01:12","slug":"propriedade-privada-na-doutrina-social-da-igreja-precisa-ter-uma-dimensao-social-ressalta-dom-ionilton","status":"publish","type":"post","link":"https:\/\/catolicanet.net\/wp-cnet\/propriedade-privada-na-doutrina-social-da-igreja-precisa-ter-uma-dimensao-social-ressalta-dom-ionilton\/","title":{"rendered":"PROPRIEDADE PRIVADA, NA DOUTRINA SOCIAL DA IGREJA, PRECISA TER UMA DIMENS\u00c3O SOCIAL\u201d, RESSALTA DOM IONILTON"},"content":{"rendered":"<p style=\"text-align: justify;\">\u201cA propriedade privada, na Doutrina Social da Igreja, precisa ter uma dimens\u00e3o social\u201d. Assim destacou o bispo de Itacoatiara (AM) e presidente da Comiss\u00e3o Pastoral da Terra (CPT), dom Jos\u00e9 Ionilton Lisboa de Oliveira, durante evento de debate promovido pelo Senado Federal, na \u00faltima sexta-feira, 11 de junho. A audi\u00eancia tratou do projeto de Lei 827\/2020, que prev\u00ea a suspens\u00e3o de despejos coletivos de im\u00f3veis durante a pandemia.<\/p>\n<p style=\"text-align: justify;\">O projeto\u00a0suspende medidas judiciais, extrajudiciais e administrativas de desocupa\u00e7\u00e3o e remo\u00e7\u00e3o for\u00e7ada, para alugu\u00e9is residenciais de at\u00e9 R$ 600 mensais e n\u00e3o residenciais de at\u00e9 R$ 1,2 mil, quando o locat\u00e1rio demonstrar que a pandemia o incapacita de pagar.<\/p>\n<p style=\"text-align: justify;\">Aprovado na C\u00e2mara, o texto deveria ter sido votado pelo Senado na \u00faltima ter\u00e7a-feira, mas parlamentares pediram debates sobre o tema. A audi\u00eancia foi oportunidade para ouvir autoridades, especialistas e representantes de entidades a favor e contra o projeto.<\/p>\n<p style=\"text-align: justify;\">Dom Jos\u00e9 Ionilton, como representante da CNBB na audi\u00eancia, lembrou que muitas fam\u00edlias amea\u00e7adas de despejo tamb\u00e9m s\u00e3o produtoras rurais. O bispo ainda recordou as posi\u00e7\u00f5es constitucional e da Igreja sobre a propriedade de terras.<\/p>\n<p style=\"text-align: justify;\">\u201cA nossa Constitui\u00e7\u00e3o defende o direito \u00e0 propriedade, mas defende tamb\u00e9m a vida como um dom que os Poderes devem proteger. Despejar algu\u00e9m nesta \u00e9poca seria um atentado \u00e0 cidadania e \u00e0 dignidade das pessoas afetadas. A propriedade privada, na Doutrina Social da Igreja, precisa ter uma dimens\u00e3o social\u201d, afirmou.<\/p>\n<p style=\"text-align: justify;\">Os participantes argumentaram sobre a seguran\u00e7a jur\u00eddica que o projeto pode dar \u00e0 quest\u00e3o, ap\u00f3s a resolu\u00e7\u00e3o do Conselho Nacional de Justi\u00e7a para que n\u00e3o sejam autorizados despejos coletivos durante o per\u00edodo da pandemia. A CNBB foi proponente do tema no Observat\u00f3rio de Direitos Humanos do Poder Judici\u00e1rio.<\/p>\n<p style=\"text-align: justify;\">De um lado, especialistas em direitos humanos defenderam a proposta, alegando que \u00e9 tempor\u00e1ria \u2014 o projeto prev\u00ea efeitos at\u00e9 um ano ap\u00f3s o t\u00e9rmino do estado de calamidade p\u00fablica \u2014 e que a pandemia imp\u00f5e a preocupa\u00e7\u00e3o humanit\u00e1ria. Do outro, representantes de entidades ligadas a propriet\u00e1rios urbanos e rurais e advogados especialistas no setor fundi\u00e1rio se opuseram ao projeto, alegando que criar\u00e1 inseguran\u00e7a jur\u00eddica, sobretudo no meio rural.<\/p>\n<pre>Com informa\u00e7\u00f5es da <a href=\"https:\/\/www12.senado.leg.br\/noticias\/materias\/2021\/06\/11\/projeto-que-limita-despejos-coletivos-na-pandemia-opoe-debatedores-em-sessao-tematica\" target=\"_blank\" rel=\"noopener\">Ag\u00eancia Senado<\/a>\r\nFoto de capa: Roque S\u00e1\/Ag\u00eancia Senado<\/pre>\n","protected":false},"excerpt":{"rendered":"<p>\u201cA propriedade privada, na Doutrina Social da Igreja, precisa ter uma dimens\u00e3o social\u201d. Assim destacou o bispo de Itacoatiara (AM) e presidente da Comiss\u00e3o Pastoral da Terra (CPT), dom Jos\u00e9 Ionilton Lisboa de Oliveira, durante evento de debate promovido pelo Senado Federal, na \u00faltima sexta-feira, 11 de junho. A audi\u00eancia tratou do projeto de Lei [&hellip;]<\/p>\n","protected":false},"author":1,"featured_media":68047,"comment_status":"open","ping_status":"closed","sticky":false,"template":"","format":"standard","meta":{"footnotes":""},"categories":[7],"tags":[],"class_list":["post-68046","post","type-post","status-publish","format-standard","has-post-thumbnail","hentry","category-cnbb"],"_links":{"self":[{"href":"https:\/\/catolicanet.net\/wp-cnet\/wp-json\/wp\/v2\/posts\/68046","targetHints":{"allow":["GET"]}}],"collection":[{"href":"https:\/\/catolicanet.net\/wp-cnet\/wp-json\/wp\/v2\/posts"}],"about":[{"href":"https:\/\/catolicanet.net\/wp-cnet\/wp-json\/wp\/v2\/types\/post"}],"author":[{"embeddable":true,"href":"https:\/\/catolicanet.net\/wp-cnet\/wp-json\/wp\/v2\/users\/1"}],"replies":[{"embeddable":true,"href":"https:\/\/catolicanet.net\/wp-cnet\/wp-json\/wp\/v2\/comments?post=68046"}],"version-history":[{"count":1,"href":"https:\/\/catolicanet.net\/wp-cnet\/wp-json\/wp\/v2\/posts\/68046\/revisions"}],"predecessor-version":[{"id":68048,"href":"https:\/\/catolicanet.net\/wp-cnet\/wp-json\/wp\/v2\/posts\/68046\/revisions\/68048"}],"wp:featuredmedia":[{"embeddable":true,"href":"https:\/\/catolicanet.net\/wp-cnet\/wp-json\/wp\/v2\/media\/68047"}],"wp:attachment":[{"href":"https:\/\/catolicanet.net\/wp-cnet\/wp-json\/wp\/v2\/media?parent=68046"}],"wp:term":[{"taxonomy":"category","embeddable":true,"href":"https:\/\/catolicanet.net\/wp-cnet\/wp-json\/wp\/v2\/categories?post=68046"},{"taxonomy":"post_tag","embeddable":true,"href":"https:\/\/catolicanet.net\/wp-cnet\/wp-json\/wp\/v2\/tags?post=68046"}],"curies":[{"name":"wp","href":"https:\/\/api.w.org\/{rel}","templated":true}]}}